{"id":99,"date":"2015-12-11T12:31:23","date_gmt":"2015-12-11T12:31:23","guid":{"rendered":"https:\/\/copyisright.se\/?p=99"},"modified":"2015-12-11T12:31:23","modified_gmt":"2015-12-11T12:31:23","slug":"fick-ga-efter-sakerhetskritik-intervjuad-i-arbetaren","status":"publish","type":"post","link":"https:\/\/www.isakgerson.se\/blog\/intervjuad\/fick-ga-efter-sakerhetskritik-intervjuad-i-arbetaren\/","title":{"rendered":"Fick g\u00e5 efter s\u00e4kerhetskritik (Intervjuad i Arbetaren)"},"content":{"rendered":"<div id=\"intro\" class=\"translatable intro\">Sp\u00e5runderh\u00e5llsf\u00f6retaget Strukton Rail s\u00e4ger upp en arbetss\u00e4kerhetsansvarig efter att ha kritiserat hans inv\u00e4ndningar om brister i s\u00e4kerheten. Enligt hans fackf\u00f6rening Stockholms LS av SAC vill bolaget bli av med en obekv\u00e4m anst\u00e4lld.<\/div>\n<div id=\"body2\" class=\"translatable\">Fackf\u00f6reningen Stockholms LS av SAC Syndikalisterna f\u00f6rbereder nu en st\u00e4mning till Arbetsdomstolen av Strukton Rail AB, som utf\u00f6r sp\u00e5runderh\u00e5ll i Stockholms lokaltrafik. Enligt fackf\u00f6reningen har f\u00f6retaget p\u00e5 felaktiga grunder sagt upp en av deras medlemmar p\u00e5 f\u00f6retaget efter att denna kritiserat s\u00e4kerhetsbrister. Upps\u00e4gningen f\u00f6ljde f\u00f6retagets beslut att dra in den anst\u00e4lldes s\u00e4kerhetsklassning, vilken kr\u00e4vs f\u00f6r sp\u00e5rarbete.<\/p>\n<p>&#8211; Vi tror att sk\u00e4let till upps\u00e4gningen \u00e4r att han regelbundet p\u00e5talat brister i s\u00e4kerheten. De l\u00e4mnar inte ut n\u00e5got sk\u00e4l till att hans s\u00e4kerhetsklassning har dragits tillbaka, s\u00e4ger\u00a0<span class=\"retriever-hit focus\" tabindex=\"-1\">Isak Gerson<\/span>, facklig f\u00f6rhandlare p\u00e5 Stockholms LS.<\/p>\n<p>DEN UPPSAGDA medlemmen, Jonas Lind, har tills nu arbetat som eltekniker p\u00e5 f\u00f6retaget och varit tillsyningsman och elarbetesansvarig. Som s\u00e5dan hade han ansvar b\u00e5de f\u00f6r els\u00e4kerheten och att allt arbete p\u00e5 sp\u00e5ret sker s\u00e4kert. Men efter att ha mejlat en h\u00f6gre chef med inv\u00e4ndningar om s\u00e4kerheten p\u00e5 ett av f\u00f6retagets projekt i s\u00f6dra Stockholm i b\u00f6rjan av \u00e5ret fick han skarp kritik.<\/p>\n<p>&#8211; Det fick jag sk\u00e4ll f\u00f6r. Man p\u00e5stod att f\u00f6retaget v\u00e4nts upp och ned under en hel vecka med mitt ifr\u00e5gas\u00e4ttande av arbetsmetoderna. Samtidigt \u00e4r det jag som elarbetsansvarig som blir personligen ansvarig om n\u00e5gon skadas, s\u00e4ger Jonas Lind.<\/p>\n<p>Kort d\u00e4refter blev han sjukskriven p\u00e5 grund av att sjuka barn hemma ledde till att han inte kunde sova ordentligt. Under sjukskrivningen meddelade f\u00f6retaget att hans l\u00e4mplighetsintyg var indraget. Trots att han efter sjukskrivningen kunde \u00e5terg\u00e5 i arbete stod f\u00f6retagets beslut fast. Utan s\u00e4kerhetsklassningen ans\u00e5g inte f\u00f6retaget sig ha n\u00e5gon tj\u00e4nst \u00e5t honom, vilket inneb\u00e4r och han m\u00e5ste s\u00e4gas upp.<\/p>\n<p>F\u00d6RRA \u00c5RET st\u00e4mde Seko, som \u00e4r kollektivavtalsslutande fack p\u00e5 Strukton Rail, f\u00f6retaget f\u00f6r att de drog in s\u00e4kerhetsklassningen f\u00f6r en av f\u00f6retagets lokf\u00f6rare. Efter en f\u00f6rlikning drogs beslutet tillbaka. Men enligt\u00a0<span class=\"retriever-hit focus\" tabindex=\"-1\">Isak Gerson<\/span>\u00a0\u00e4r likheterna sl\u00e5ende. \u00c4ven lokf\u00f6raren hade varit en h\u00f6gljudd kritiker.<\/p>\n<p><span class=\"retriever-hit focus\" tabindex=\"-1\">Isak Gerson<\/span>\u00a0anser det vara en del i en taktik fr\u00e5n f\u00f6retaget att tysta misshagliga r\u00f6ster. Han ser en fara f\u00f6r b\u00e5de resen\u00e4rers och anst\u00e4lldas s\u00e4kerhet om det sprids en r\u00e4dsla f\u00f6r att kritisera f\u00f6retaget.<\/p>\n<p>&#8211; Man m\u00e5ste kunna k\u00e4nna sig trygg med att utf\u00f6ra sitt arbeta och ta sitt arbetsmilj\u00f6ansvar utan att man uppfattas som ol\u00e4mplig och s\u00e4gs upp, s\u00e4ger\u00a0<span class=\"retriever-hit focus\" tabindex=\"-1\">Isak Gerson<\/span>.<\/p>\n<p>Arbetaren har s\u00f6kt Gunnar Str\u00f6mberg, personalchef p\u00e5 Strukton Rail, f\u00f6r en kommentar. Denne har inte \u00e5terkommit.<\/p>\n<p>&#8220;Man m\u00e5ste kunna k\u00e4nna sig trygg med att [&#8230;] ta sitt arbetsmilj\u00f6ansvar utan att man uppfattas som ol\u00e4mplig och s\u00e4gs upp.<\/p>\n<p><span class=\"retriever-hit focus\" tabindex=\"-1\">Isak Gerson<\/span>, facklig f\u00f6rhandlare p\u00e5 Stockholms LS av SAC&#8221;<\/div>\n","protected":false},"excerpt":{"rendered":"<p>Sp\u00e5runderh\u00e5llsf\u00f6retaget Strukton Rail s\u00e4ger upp en arbetss\u00e4kerhetsansvarig efter att ha kritiserat hans inv\u00e4ndningar om brister i s\u00e4kerheten. Enligt hans fackf\u00f6rening Stockholms LS av SAC vill bolaget bli av med en obekv\u00e4m anst\u00e4lld. Fackf\u00f6reningen Stockholms LS av SAC Syndikalisterna f\u00f6rbereder nu en st\u00e4mning till Arbetsdomstolen av Strukton Rail AB, som utf\u00f6r sp\u00e5runderh\u00e5ll i Stockholms lokaltrafik. Enligt [&hellip;]<\/p>\n","protected":false},"author":1,"featured_media":0,"comment_status":"open","ping_status":"open","sticky":false,"template":"","format":"standard","meta":{"footnotes":""},"categories":[5],"tags":[],"class_list":["post-99","post","type-post","status-publish","format-standard","hentry","category-intervjuad"],"_links":{"self":[{"href":"https:\/\/www.isakgerson.se\/blog\/wp-json\/wp\/v2\/posts\/99","targetHints":{"allow":["GET"]}}],"collection":[{"href":"https:\/\/www.isakgerson.se\/blog\/wp-json\/wp\/v2\/posts"}],"about":[{"href":"https:\/\/www.isakgerson.se\/blog\/wp-json\/wp\/v2\/types\/post"}],"author":[{"embeddable":true,"href":"https:\/\/www.isakgerson.se\/blog\/wp-json\/wp\/v2\/users\/1"}],"replies":[{"embeddable":true,"href":"https:\/\/www.isakgerson.se\/blog\/wp-json\/wp\/v2\/comments?post=99"}],"version-history":[{"count":0,"href":"https:\/\/www.isakgerson.se\/blog\/wp-json\/wp\/v2\/posts\/99\/revisions"}],"wp:attachment":[{"href":"https:\/\/www.isakgerson.se\/blog\/wp-json\/wp\/v2\/media?parent=99"}],"wp:term":[{"taxonomy":"category","embeddable":true,"href":"https:\/\/www.isakgerson.se\/blog\/wp-json\/wp\/v2\/categories?post=99"},{"taxonomy":"post_tag","embeddable":true,"href":"https:\/\/www.isakgerson.se\/blog\/wp-json\/wp\/v2\/tags?post=99"}],"curies":[{"name":"wp","href":"https:\/\/api.w.org\/{rel}","templated":true}]}}