{"id":90,"date":"2012-12-18T11:51:37","date_gmt":"2012-12-18T11:51:37","guid":{"rendered":"https:\/\/copyisright.se\/?p=90"},"modified":"2026-01-11T18:54:47","modified_gmt":"2026-01-11T18:54:47","slug":"vi-ar-forpliktade-att-dela-brodet-med-varandra","status":"publish","type":"post","link":"https:\/\/www.isakgerson.se\/blog\/dagens-seglora\/vi-ar-forpliktade-att-dela-brodet-med-varandra\/","title":{"rendered":"Vi \u00e4r f\u00f6rpliktade att dela br\u00f6det med varandra (Dagens Seglora)"},"content":{"rendered":"<p><strong>Dela br\u00f6d, bara en symbolisk gest f\u00f6r att p\u00e5minna oss om kristi kropp, eller en faktisk f\u00f6rpliktelse gentemot v\u00e5ra medm\u00e4nniskor? Isak Gerson skriver en betraktelse om nattvardens politiska budskap.<\/strong><\/p>\n<div class=\"post-content\">\n<p>Under ett av de senaste kyrkom\u00f6tena blev jag p\u00e5mind av en bekant att g\u00e5 p\u00e5 kyrkom\u00f6tets m\u00e4ssa i Uppsala Domkyrka. Processionen var n\u00e5got av det st\u00e5tligaste jag sk\u00e5dat sedan v\u00e5rbalen h\u00e4r i Uppsala. Alla var d\u00e4r. Predikan var genomt\u00e4nkt, och intressant. Precis som jag brukar k\u00e4nna vid m\u00e4ssor i stora, gamla kyrkor k\u00e4ndes det heligt, men samtidigt lite avl\u00e4gset. S\u00e5d\u00e4r h\u00f6gtidligt att det inte kunde bli mer religi\u00f6st, men att det inte kunde bli personligt.<\/p>\n<p>Det som stack ut var nattvarden. F\u00f6r mig \u00e4r nattvarden det mest intressanta i kristendomen. Det \u00e4r min teologiska utg\u00e5ngspunkt. N\u00e4r vi alla erk\u00e4nner att vi f\u00e5r del av ett och samma br\u00f6d h\u00e4nder n\u00e5got med oss, och det \u00e4r om\u00f6jligt att h\u00e5lla det heliga inom det religi\u00f6sas gr\u00e4nser. I en tid n\u00e4r samh\u00e4llsvindarna f\u00f6rs\u00f6ker att dra gr\u00e4nser mellan det religi\u00f6sa (det privata) och det politiska (det allm\u00e4nna) \u00e4r nattvarden ett problem.<\/p>\n<p>I nattvarden blir religionen vad den ska bara \u2013 kroppslig. \u00c4ven den minsta lilla br\u00f6dbit retar den hungriges mage. H\u00e4r finns en sp\u00e5r av en mycket mer radikal kristendom, d\u00e4r br\u00f6dbrytelsen inte bara \u00e4r en symbol f\u00f6r enhet, utan delandet av mat \u00e4r \u00e4ven ett s\u00e4tt att i praktiken \u00e4lska sin n\u00e4sta. Att vi alla f\u00e5r del av samma br\u00f6d inneb\u00e4r att vi alla \u00e4r en del av samma v\u00e4rld, samma system, som f\u00f6rutom br\u00f6d \u00e4ven producerar or\u00e4ttvisor, matspekulation och br\u00e4nda generiska mediciner. Att vi alla f\u00e5r del av samma br\u00f6d skulle kunna inneb\u00e4ra att ingen av oss \u00e4r hungrigare \u00e4n n\u00e5gon annan.<\/p>\n<p>En av de tidiga liberala filosoferna, John Locke, menade att v\u00e4rlden var given fr\u00e5n Gud till alla m\u00e4nniskor. D\u00e4rf\u00f6r m\u00e5ste varenda minsta h\u00e4vdande av privat \u00e4gande av n\u00e5got annat \u00e4n den egna kroppen r\u00e4ttf\u00e4rdigas, innan \u00e4gandet. Bevisb\u00f6rdan l\u00e5g p\u00e5 den enskilda m\u00e4nniskan som ville ta n\u00e5got i \u00e4go. D\u00e4rf\u00f6r \u00e4r det inte bara en tradition att dela br\u00f6det, utan en plikt. Vem \u00e4r vi att beh\u00e5lla br\u00f6det vi odlat med v\u00e5r gemensamma jord n\u00e4r andra p\u00e5 samma jord hungrar?<\/p>\n<p>D\u00e4rf\u00f6r blir det ocks\u00e5 intressant att dela br\u00f6d med kyrkom\u00f6tet, f\u00f6r det \u00e4r intressant att spekulera i hur kyrkan hade sett ut om kyrkom\u00f6tet tog br\u00f6dsbrytelsen p\u00e5 det allvar nattvarden borde tas p\u00e5. Ibland citeras Helder Camarra n\u00e4r han s\u00e4ger \u201cn\u00e4r jag gav de fattiga mat kallades jag helgon, n\u00e4r jag fr\u00e5gade varf\u00f6r de fattiga inte har n\u00e5gon mat kallades jag kommunist\u201d. Hur kan vi r\u00e4ttf\u00e4rdiga att vi delar br\u00f6det mellan oss inom f\u00f6rsamlingen utan att aktivt str\u00e4va efter att dela br\u00f6det \u00f6ver hela v\u00e4rlden?<\/p>\n<p>Det blir ocks\u00e5 intressant att diskutera vilken typ av demokratisk organisation kyrkan \u00e4r, n\u00e4r f\u00f6retr\u00e4darna f\u00f6r kyrkans h\u00f6gst beslutande organ \u00e4ter en m\u00e5ltid med sina medlemmar. Det \u00e4r intressant i alla niv\u00e5er i kyrkan, fr\u00e5n de sm\u00e5 f\u00f6rsamlingarna, till kyrkom\u00f6tesm\u00e4ssorna. Det finns n\u00e5got djupt sympatiskt i det. F\u00f6rhoppningsvis \u00e4r det detta som skiljer strukturerna i kyrkan fr\u00e5n andra politiska strukturer. F\u00f6rhoppningsvis \u00e4r det n\u00e5got vi kan bygga v\u00e5r kyrka p\u00e5.<\/p>\n<\/div>\n","protected":false},"excerpt":{"rendered":"<p>Dela br\u00f6d, bara en symbolisk gest f\u00f6r att p\u00e5minna oss om kristi kropp, eller en faktisk f\u00f6rpliktelse gentemot v\u00e5ra medm\u00e4nniskor? Isak Gerson skriver en betraktelse om nattvardens politiska budskap. Under ett av de senaste kyrkom\u00f6tena blev jag p\u00e5mind av en bekant att g\u00e5 p\u00e5 kyrkom\u00f6tets m\u00e4ssa i Uppsala Domkyrka. Processionen var n\u00e5got av det st\u00e5tligaste [&hellip;]<\/p>\n","protected":false},"author":1,"featured_media":0,"comment_status":"open","ping_status":"open","sticky":false,"template":"","format":"standard","meta":{"footnotes":""},"categories":[3],"tags":[],"class_list":["post-90","post","type-post","status-publish","format-standard","hentry","category-dagens-seglora"],"_links":{"self":[{"href":"https:\/\/www.isakgerson.se\/blog\/wp-json\/wp\/v2\/posts\/90","targetHints":{"allow":["GET"]}}],"collection":[{"href":"https:\/\/www.isakgerson.se\/blog\/wp-json\/wp\/v2\/posts"}],"about":[{"href":"https:\/\/www.isakgerson.se\/blog\/wp-json\/wp\/v2\/types\/post"}],"author":[{"embeddable":true,"href":"https:\/\/www.isakgerson.se\/blog\/wp-json\/wp\/v2\/users\/1"}],"replies":[{"embeddable":true,"href":"https:\/\/www.isakgerson.se\/blog\/wp-json\/wp\/v2\/comments?post=90"}],"version-history":[{"count":1,"href":"https:\/\/www.isakgerson.se\/blog\/wp-json\/wp\/v2\/posts\/90\/revisions"}],"predecessor-version":[{"id":258,"href":"https:\/\/www.isakgerson.se\/blog\/wp-json\/wp\/v2\/posts\/90\/revisions\/258"}],"wp:attachment":[{"href":"https:\/\/www.isakgerson.se\/blog\/wp-json\/wp\/v2\/media?parent=90"}],"wp:term":[{"taxonomy":"category","embeddable":true,"href":"https:\/\/www.isakgerson.se\/blog\/wp-json\/wp\/v2\/categories?post=90"},{"taxonomy":"post_tag","embeddable":true,"href":"https:\/\/www.isakgerson.se\/blog\/wp-json\/wp\/v2\/tags?post=90"}],"curies":[{"name":"wp","href":"https:\/\/api.w.org\/{rel}","templated":true}]}}