{"id":79,"date":"2013-04-17T11:45:59","date_gmt":"2013-04-17T11:45:59","guid":{"rendered":"https:\/\/copyisright.se\/?p=79"},"modified":"2026-01-11T18:55:06","modified_gmt":"2026-01-11T18:55:06","slug":"skymning-for-den-fria-utbildningen-dagens-seglora","status":"publish","type":"post","link":"https:\/\/www.isakgerson.se\/blog\/dagens-seglora\/skymning-for-den-fria-utbildningen-dagens-seglora\/","title":{"rendered":"Skymning f\u00f6r den fria utbildningen (Dagens Seglora)"},"content":{"rendered":"<p><strong>Svenskt N\u00e4ringsliv lanserade f\u00f6r ett par \u00e5r sedan en kortvarig kampanj f\u00f6r att ge l\u00e4gre studiest\u00f6d \u00e5t dem som inte l\u00e4ste \u201dnyttiga\u201d kurser. F\u00f6rslaget blev tillintetgjort av en enig kultursektor. Men \u00e5t vilket h\u00e5ll \u00e4r utvecklingen p\u00e5 v\u00e4g idag? Isak Gerson blickar fram\u00e5t, till 2020 \u00e5rs utbildningspakt.<\/strong><\/p>\n<div class=\"post-content\">\n<p>\u201cMen ni skulle ju kunna k\u00f6ra lite annonser innan sj\u00e4lav\u00e5rdssamtalen\u201d, hinner representanten fr\u00e5n Svenskt N\u00e4ringsliv s\u00e4ga innan jag b\u00f6rjar k\u00f6ra ut den. Sedan den nya utbildningspakten som lanserades 2020 mellan regeringen och Svenskt N\u00e4ringsliv omformade h\u00f6gskoleutbildningarna fr\u00e5n grunden \u2013 fr\u00e5n medicinen till filosofin, fr\u00e5n litteraturvetenskapen till f\u00f6retagsekonomin \u2013 har teologiutbildningarna varit en av de sista platserna d\u00e4r folk l\u00e4r sig andra saker \u00e4n att tj\u00e4na pengar. Nu har de lobbat ganska h\u00e5rt p\u00e5 oss ansvariga f\u00f6r utbildningen p\u00e5 h\u00f6gskolorna, med bristande framg\u00e5ngar.<\/p>\n<p>Utvecklingen har dock redan tagit fart i kyrkorna. Konfirmationsl\u00e4gren var det f\u00f6rsta som sponsrades. Det \u00e4r ju ett guldl\u00e4ge att f\u00e5 produktplacera rakt in i de minnen ungdomar ska b\u00e4ra med sig hela sina liv, som formar dem f\u00f6r decennier fram\u00e5t. N\u00e4r medlemsantalet i kyrkan sj\u00f6nk blev det mer och mer lukrativt f\u00f6r \u00e4ldre kyrkor att hyra ut lokalen till br\u00f6llop. Och f\u00f6r en riktigt autentisk k\u00e4nsla hyrde m\u00e5nga f\u00f6rsamlingar ut pr\u00e4ster ocks\u00e5.<\/p>\n<p>Och nu f\u00e5r jag bes\u00f6k regelbundet fr\u00e5n representanter fr\u00e5n Svenskt N\u00e4ringsliv som vill ber\u00e4tta hur vi kan l\u00e4ra pr\u00e4ster att tj\u00e4na pengar. \u201cVad har ni f\u00f6r nytta av det\u201d, fr\u00e5gade jag. \u201cAllt handlar om tillv\u00e4xt\u201d, f\u00f6rklarade de. \u201cN\u00e4r teologin blir lite mer f\u00f6retagsv\u00e4nlig kommer vi att ha mer att investera i, och ni kommer att ha mer kapital att bygga er verksamhet p\u00e5. Det h\u00e4r \u00e4r n\u00e5got alla tj\u00e4nar p\u00e5.\u201d\u00a0Att de skulle k\u00f6ra sitt vanliga businessnack f\u00f6r att s\u00e4lja in sig hade jag f\u00f6rv\u00e4ntat mig redan fr\u00e5n b\u00f6rjan, n\u00e4r jag var dum nog att b\u00f6rja svara p\u00e5 deras mail.<\/p>\n<p>Men sedan kom det.<\/p>\n<p>\u201cVi skulle bara beh\u00f6va titta lite p\u00e5 er teologi. Vi har lite \u00e4ndringsf\u00f6rslag.\u201d<\/p>\n<p>Jag tappade andan helt, och \u00e5terfick den inte f\u00f6rr\u00e4n de fortsatt snacka. \u201cJa, allts\u00e5, det h\u00e4r med Jesus som driver ut m\u00e5nglarna ut templet. Det verkar ju inte s\u00e5 s\u00e4ljbart vid f\u00f6rsta anblick, men jag tror verkligen att vi kan bygga en identitet kring det. En Jesus som k\u00f6per kravm\u00e4rkt, \u00e4ter vegetariskt ibland, sparar i etiska fonder och ryter till mot oljebolagen fr\u00e5n sin elbil.\u201d<\/p>\n<p>Sedan fortsatte den andre: \u201cOch det h\u00e4r med att Jesus h\u00e4ngde mycket med spet\u00e4lska och andra utst\u00f6tta, om vi bara f\u00e5r g\u00f6ra lite \u00e4ndringar tror vi verkligen att det h\u00e4r kan bli en drivande grej i v\u00e5ra v\u00e4lf\u00e4rdsf\u00f6retag. De har haft lite problem med den etiska marknadsf\u00f6ringen efter avsl\u00f6jandena om de d\u00e5liga arbetsvillkoren.\u201d<\/p>\n<p>\u201c65 procent av f\u00f6retagen tycker att ett av h\u00f6gskolans viktigaste syfte \u00e4r att f\u00f6rbereda studenterna f\u00f6r arbetsmarknaden. Men f\u00e5 f\u00f6retagare, 28 procent, tycker att h\u00f6gskolorna lever upp till sitt uppdrag.\u201d enligt en nyhet fr\u00e5n Svenskt N\u00e4ringsliv. Nu l\u00e4ser jag inte teologi, utan filosofi. Och med den bakgrunden kan jag bara s\u00e4ga s\u00e5h\u00e4r till de 72 procenten som tycker att h\u00f6gskolorna \u00e4r d\u00e5liga p\u00e5 att utbilda flitiga arbetare: Tack Gud!<\/p>\n<\/div>\n","protected":false},"excerpt":{"rendered":"<p>Svenskt N\u00e4ringsliv lanserade f\u00f6r ett par \u00e5r sedan en kortvarig kampanj f\u00f6r att ge l\u00e4gre studiest\u00f6d \u00e5t dem som inte l\u00e4ste \u201dnyttiga\u201d kurser. F\u00f6rslaget blev tillintetgjort av en enig kultursektor. Men \u00e5t vilket h\u00e5ll \u00e4r utvecklingen p\u00e5 v\u00e4g idag? Isak Gerson blickar fram\u00e5t, till 2020 \u00e5rs utbildningspakt. \u201cMen ni skulle ju kunna k\u00f6ra lite annonser [&hellip;]<\/p>\n","protected":false},"author":1,"featured_media":0,"comment_status":"open","ping_status":"open","sticky":false,"template":"","format":"standard","meta":{"footnotes":""},"categories":[3],"tags":[],"class_list":["post-79","post","type-post","status-publish","format-standard","hentry","category-dagens-seglora"],"_links":{"self":[{"href":"https:\/\/www.isakgerson.se\/blog\/wp-json\/wp\/v2\/posts\/79","targetHints":{"allow":["GET"]}}],"collection":[{"href":"https:\/\/www.isakgerson.se\/blog\/wp-json\/wp\/v2\/posts"}],"about":[{"href":"https:\/\/www.isakgerson.se\/blog\/wp-json\/wp\/v2\/types\/post"}],"author":[{"embeddable":true,"href":"https:\/\/www.isakgerson.se\/blog\/wp-json\/wp\/v2\/users\/1"}],"replies":[{"embeddable":true,"href":"https:\/\/www.isakgerson.se\/blog\/wp-json\/wp\/v2\/comments?post=79"}],"version-history":[{"count":1,"href":"https:\/\/www.isakgerson.se\/blog\/wp-json\/wp\/v2\/posts\/79\/revisions"}],"predecessor-version":[{"id":263,"href":"https:\/\/www.isakgerson.se\/blog\/wp-json\/wp\/v2\/posts\/79\/revisions\/263"}],"wp:attachment":[{"href":"https:\/\/www.isakgerson.se\/blog\/wp-json\/wp\/v2\/media?parent=79"}],"wp:term":[{"taxonomy":"category","embeddable":true,"href":"https:\/\/www.isakgerson.se\/blog\/wp-json\/wp\/v2\/categories?post=79"},{"taxonomy":"post_tag","embeddable":true,"href":"https:\/\/www.isakgerson.se\/blog\/wp-json\/wp\/v2\/tags?post=79"}],"curies":[{"name":"wp","href":"https:\/\/api.w.org\/{rel}","templated":true}]}}