{"id":77,"date":"2013-05-13T11:44:58","date_gmt":"2013-05-13T11:44:58","guid":{"rendered":"https:\/\/copyisright.se\/?p=77"},"modified":"2026-01-11T18:55:10","modified_gmt":"2026-01-11T18:55:10","slug":"hard-attityd-ger-ingen-plats-for-reflektion-dagens-seglora","status":"publish","type":"post","link":"https:\/\/www.isakgerson.se\/blog\/dagens-seglora\/hard-attityd-ger-ingen-plats-for-reflektion-dagens-seglora\/","title":{"rendered":"H\u00e5rd attityd ger ingen plats f\u00f6r reflektion (Dagens Seglora)"},"content":{"rendered":"<p><strong>V\u00e5ra liv som troende k\u00e4nnetecknas av att vi inte kan veta n\u00e5got med s\u00e4kerhet. Det \u00e4r ett sunt f\u00f6rh\u00e5llningss\u00e4tt, menar Isak Gerson, och efterlyser st\u00f6rre \u00f6dmjukhet ocks\u00e5 p\u00e5 andra f\u00e4lt i livet, exempelvis politiken.<\/strong><\/p>\n<div class=\"post-content\">\n<p>Kv\u00e4karna pr\u00e4glas av en vad som utifr\u00e5n v\u00e5ra vanliga kulturella f\u00f6rest\u00e4llningar och utg\u00e5ngspunkter kan uppfattas som en paradox. I kv\u00e4karna finns det inga centrala trossatser, inga gemensamma bek\u00e4nnelser, ingen grundl\u00e4ggande teologi. Det \u00e4r upp till var och en att \u2013 ensam eller tillsammans \u2013 s\u00f6ka sin teologiska sanning. \u00c4nd\u00e5 har kv\u00e4karna gjort sig k\u00e4nda f\u00f6r att vara ett v\u00e4ldigt politiskt samfund.<\/p>\n<p>Sj\u00e4lv blev jag inspirerad att b\u00f6rja gr\u00e4va i kv\u00e4karna n\u00e4r jag h\u00f6rde om kv\u00e4karen Benjamin Lay som \u00e5t vegetariskt och sydde alla sina kl\u00e4der sj\u00e4lv, av material som inte framst\u00e4llts av slavar. Benjamin Lay anv\u00e4nde ofta v\u00e4ldigt teatraliska och spektakul\u00e4ra aktioner f\u00f6r att \u00f6vertyga andra om hur viktig Lays politik var.\u00a0\u00c4nd\u00e5 tillh\u00f6rde Lay vad som verkar vara en av de mest \u00f6dmjuka och reflekterande kristna r\u00f6relserna (l\u00e4s mer om Benjamin Lay i kapitel 32 i Pelle Strindlunds bok \u201cJordens herrar\u201d).<\/p>\n<p>Jag t\u00e4nker att den paradoxen ligger n\u00e4ra en annan paradox vi alla troende beh\u00f6ver hantera. En tro utg\u00e5r ju \u00e4nd\u00e5 p\u00e5 n\u00e5got s\u00e4tt ifr\u00e5n att en tror p\u00e5 n\u00e5got en inte \u00e4r s\u00e4ker p\u00e5.\u00a0Det finns alltid gott om rum f\u00f6r tvivel.<\/p>\n<p>\u00c4nd\u00e5 \u00e4r tron n\u00e5got som ofta till\u00e5ts forma en stor del av v\u00e5r identitet, och som vi l\u00e4gger mycket tid och energi p\u00e5. Vi bygger ofta relationer kring den, och vi g\u00f6r den till en del av v\u00e5r kultur och av v\u00e5ra liv.<\/p>\n<p>Jag tror att den dubbelheten \u00e4r v\u00e4rd att utforska. Jag tror att det finns ett f\u00f6rh\u00e5llningss\u00e4tt d\u00e4r som \u00e4r sunt. Det finns ett s\u00e4tt att relatera till v\u00e5ra trosf\u00f6rest\u00e4llningar, v\u00e5ra intuitioner, v\u00e5ra upplevelser och v\u00e5ra magk\u00e4nslor som samtidigt kan pr\u00e4glas av en brinnande iver och ett reflekterande tvivel.<\/p>\n<p>F\u00f6r i m\u00e5nga andra omr\u00e5den till\u00e5ts inte dubbelheten. Den som arbetar f\u00f6r att n\u00e5 politiska visioner avkr\u00e4vs att vara helt s\u00e4ker. Ja, det \u00e4r pinsamt ens att erk\u00e4nna var ens partisympatier ligger utan att kunna backa upp det med h\u00e5rd attityd. Jag h\u00f6r st\u00e4ndigt om personer som \u00e4r r\u00e4dda att agera moraliskt f\u00f6r att de inte k\u00e4nner sig hundra procent s\u00e4kra p\u00e5 att deras beslut \u00e4r r\u00e4tt.<\/p>\n<p>Vad leder det beteendet till? Vi f\u00e5r ett samh\u00e4lle d\u00e4r folk antingen fastnar i status quo eller fastnar i att alltid vara farligt s\u00e4kra p\u00e5 sina \u00e5sikter. Vi beh\u00f6ver lyfta det g\u00e5r att tro, tycka eller k\u00e4nna p\u00e5 ett annat s\u00e4tt, det s\u00e4ttet som samtidigt pr\u00e4glas av b\u00e5de en brinnande iver och ett reflekterande tvivel.<\/p>\n<\/div>\n","protected":false},"excerpt":{"rendered":"<p>V\u00e5ra liv som troende k\u00e4nnetecknas av att vi inte kan veta n\u00e5got med s\u00e4kerhet. Det \u00e4r ett sunt f\u00f6rh\u00e5llningss\u00e4tt, menar Isak Gerson, och efterlyser st\u00f6rre \u00f6dmjukhet ocks\u00e5 p\u00e5 andra f\u00e4lt i livet, exempelvis politiken. Kv\u00e4karna pr\u00e4glas av en vad som utifr\u00e5n v\u00e5ra vanliga kulturella f\u00f6rest\u00e4llningar och utg\u00e5ngspunkter kan uppfattas som en paradox. I kv\u00e4karna finns [&hellip;]<\/p>\n","protected":false},"author":1,"featured_media":0,"comment_status":"open","ping_status":"open","sticky":false,"template":"","format":"standard","meta":{"footnotes":""},"categories":[3],"tags":[],"class_list":["post-77","post","type-post","status-publish","format-standard","hentry","category-dagens-seglora"],"_links":{"self":[{"href":"https:\/\/www.isakgerson.se\/blog\/wp-json\/wp\/v2\/posts\/77","targetHints":{"allow":["GET"]}}],"collection":[{"href":"https:\/\/www.isakgerson.se\/blog\/wp-json\/wp\/v2\/posts"}],"about":[{"href":"https:\/\/www.isakgerson.se\/blog\/wp-json\/wp\/v2\/types\/post"}],"author":[{"embeddable":true,"href":"https:\/\/www.isakgerson.se\/blog\/wp-json\/wp\/v2\/users\/1"}],"replies":[{"embeddable":true,"href":"https:\/\/www.isakgerson.se\/blog\/wp-json\/wp\/v2\/comments?post=77"}],"version-history":[{"count":1,"href":"https:\/\/www.isakgerson.se\/blog\/wp-json\/wp\/v2\/posts\/77\/revisions"}],"predecessor-version":[{"id":264,"href":"https:\/\/www.isakgerson.se\/blog\/wp-json\/wp\/v2\/posts\/77\/revisions\/264"}],"wp:attachment":[{"href":"https:\/\/www.isakgerson.se\/blog\/wp-json\/wp\/v2\/media?parent=77"}],"wp:term":[{"taxonomy":"category","embeddable":true,"href":"https:\/\/www.isakgerson.se\/blog\/wp-json\/wp\/v2\/categories?post=77"},{"taxonomy":"post_tag","embeddable":true,"href":"https:\/\/www.isakgerson.se\/blog\/wp-json\/wp\/v2\/tags?post=77"}],"curies":[{"name":"wp","href":"https:\/\/api.w.org\/{rel}","templated":true}]}}