{"id":75,"date":"2013-07-03T11:43:54","date_gmt":"2013-07-03T11:43:54","guid":{"rendered":"https:\/\/copyisright.se\/?p=75"},"modified":"2026-01-11T18:55:14","modified_gmt":"2026-01-11T18:55:14","slug":"rationell-betyder-oftast-ogranskad-dagens-seglora","status":"publish","type":"post","link":"https:\/\/www.isakgerson.se\/blog\/dagens-seglora\/rationell-betyder-oftast-ogranskad-dagens-seglora\/","title":{"rendered":"\u201dRationell\u201d betyder oftast \u201dogranskad\u201d (Dagens Seglora)"},"content":{"rendered":"<p><strong>Vi ber\u00f6mmer oss ofta om att vara kritiskt t\u00e4nkande, men det som \u00e4r allra n\u00e4rmast oss sj\u00e4lva flyger oftast under radarn. T\u00e4nk om vi riktade v\u00e5r kritiska blick mot den egna kulturen lite oftare, skriver Isak Gerson.<\/strong><\/p>\n<div class=\"post-content\">\n<p>Ett samh\u00e4lle d\u00e4r folks materiella standard och plats i produktionen avg\u00f6rs av vilken familj de f\u00f6ds i. D\u00e4r ens v\u00e4rdighet och respekt helt och h\u00e5llet grundar sig p\u00e5 vilken funktion man har f\u00f6tts in i. D\u00e4r or\u00e4ttvisor s\u00e5 stora att de d\u00f6dar folk ses som r\u00e4ttvisa och rimliga tack vare att n\u00e5gra f\u00f6rlegade principer tagna ur luften om vad som \u00e4r r\u00e4tt och rimligt r\u00e4ttf\u00e4rdigar det.\u00a0Det kapitalistiska klassamh\u00e4llet eller det indiska kastsystemet? Det \u00e4r sv\u00e5rt att veta, men vad vi kan veta \u00e4r att det ena systemet ses som l\u00e5ngt mycket mer barbariskt, f\u00f6rhistoriskt och primitivt \u00e4n det andra.<\/p>\n<p>P\u00e5 samma s\u00e4tt \u00e4r det s\u00e5 enkelt f\u00f6r m\u00e5nga att se det fruktansv\u00e4rda och barbariska i ett samh\u00e4lle av m\u00e4n som styr \u00f6ver kvinnor, anv\u00e4nder dem f\u00f6r sina syften och exploaterar dem n\u00e4r det sker enligt andra kulturella principer, \u00e4n n\u00e4r det sker inom ramen f\u00f6r den liberala demokratin.<\/p>\n<p>Det \u00e4r ocks\u00e5 alldeles f\u00f6r l\u00e4tt att avf\u00e4rda det strukturella v\u00e5ldet mot kvinnor som enskilda f\u00f6r\u00f6vare, och alldeles f\u00f6r enkelt att avf\u00e4rda den strukturella bristande hanteringen fr\u00e5n r\u00e4ttssystemets sida som enskilda domares och polisers problem. F\u00f6r att det patriarkala maktut\u00f6vandet sker inom det samh\u00e4lle vi v\u00e4xt upp i.<\/p>\n<p>En sak jag verkligen saknar med religionskritiken \u00e4r kritiken mot de omedvetna religi\u00f6sa f\u00f6rest\u00e4llningarna som pr\u00e4glar v\u00e5rt samh\u00e4lle. Visst \u00e4r det ett problem att snubbar samlas i f\u00f6rsamlingar och f\u00f6rs\u00f6ker best\u00e4mma \u00f6ver kvinnor.<\/p>\n<p>Men \u00e4r det inte ett st\u00f6rre problem att lagstiftare, domare, f\u00e4drar och poliser ut\u00f6var ett gigantiskt f\u00f6rtryck mot kvinnor under en f\u00f6rest\u00e4llning om att det de g\u00f6r \u00e4r rationellt och bra, n\u00e4r de i sj\u00e4lva verket bara reproducerar den kultur de \u00e4r uppv\u00e4xta med?<\/p>\n<p>Jag tror att s\u00e5v\u00e4l skeptikerr\u00f6relsen som samh\u00e4llet skulle bli b\u00e4ttre av att viljan till kritik riktades mot den absurda kultur och de absurda v\u00e4rderingar vi l\u00e4rs upp med som vi l\u00e4r oss \u00e4r rationella och riktiga.\u00a0Klassamh\u00e4llets r\u00e4ttvisa, patriarkala strukturer, k\u00e4rnfamiljen, nationalstaten, tillv\u00e4xtens lov, militarismen som ett s\u00e4tt att skapa fred, m\u00e4nniskans dominans \u00f6ver andra arter, kapitalismen.<\/p>\n<\/div>\n","protected":false},"excerpt":{"rendered":"<p>Vi ber\u00f6mmer oss ofta om att vara kritiskt t\u00e4nkande, men det som \u00e4r allra n\u00e4rmast oss sj\u00e4lva flyger oftast under radarn. T\u00e4nk om vi riktade v\u00e5r kritiska blick mot den egna kulturen lite oftare, skriver Isak Gerson. Ett samh\u00e4lle d\u00e4r folks materiella standard och plats i produktionen avg\u00f6rs av vilken familj de f\u00f6ds i. D\u00e4r [&hellip;]<\/p>\n","protected":false},"author":1,"featured_media":0,"comment_status":"open","ping_status":"open","sticky":false,"template":"","format":"standard","meta":{"footnotes":""},"categories":[3],"tags":[],"class_list":["post-75","post","type-post","status-publish","format-standard","hentry","category-dagens-seglora"],"_links":{"self":[{"href":"https:\/\/www.isakgerson.se\/blog\/wp-json\/wp\/v2\/posts\/75","targetHints":{"allow":["GET"]}}],"collection":[{"href":"https:\/\/www.isakgerson.se\/blog\/wp-json\/wp\/v2\/posts"}],"about":[{"href":"https:\/\/www.isakgerson.se\/blog\/wp-json\/wp\/v2\/types\/post"}],"author":[{"embeddable":true,"href":"https:\/\/www.isakgerson.se\/blog\/wp-json\/wp\/v2\/users\/1"}],"replies":[{"embeddable":true,"href":"https:\/\/www.isakgerson.se\/blog\/wp-json\/wp\/v2\/comments?post=75"}],"version-history":[{"count":1,"href":"https:\/\/www.isakgerson.se\/blog\/wp-json\/wp\/v2\/posts\/75\/revisions"}],"predecessor-version":[{"id":265,"href":"https:\/\/www.isakgerson.se\/blog\/wp-json\/wp\/v2\/posts\/75\/revisions\/265"}],"wp:attachment":[{"href":"https:\/\/www.isakgerson.se\/blog\/wp-json\/wp\/v2\/media?parent=75"}],"wp:term":[{"taxonomy":"category","embeddable":true,"href":"https:\/\/www.isakgerson.se\/blog\/wp-json\/wp\/v2\/categories?post=75"},{"taxonomy":"post_tag","embeddable":true,"href":"https:\/\/www.isakgerson.se\/blog\/wp-json\/wp\/v2\/tags?post=75"}],"curies":[{"name":"wp","href":"https:\/\/api.w.org\/{rel}","templated":true}]}}