{"id":72,"date":"2013-08-06T11:42:43","date_gmt":"2013-08-06T11:42:43","guid":{"rendered":"https:\/\/copyisright.se\/?p=72"},"modified":"2026-01-11T18:55:17","modified_gmt":"2026-01-11T18:55:17","slug":"ett-manifest-mot-individualismen-dagens-seglora","status":"publish","type":"post","link":"https:\/\/www.isakgerson.se\/blog\/dagens-seglora\/ett-manifest-mot-individualismen-dagens-seglora\/","title":{"rendered":"Ett manifest mot individualismen (Dagens Seglora)"},"content":{"rendered":"<p><strong>\u201dEtt kristet manifest\u201d, s\u00e5 kallar Isak Gerson den lilla boken Det stundande upproret, som gav upphov till rabalder i Frankrike f\u00f6r sin radikala kritik av individualismen och marknadssamh\u00e4llet. Br\u00f6det vi delar p\u00e5minner oss om v\u00e5r kroppslighet, den som vi delar med alla som g\u00e5tt f\u00f6re oss, menar han.<\/strong><\/p>\n<div class=\"post-content\">\n<p><em>\u201dI AM WHAT I AM\u201d [en reklamslogan fr\u00e5n Reebok] \u00e4r inte bara en l\u00f6gn, en simpel reklamkampanj, utan en milit\u00e4r kampanj, ett stridsrop mot allt som finns mellan varanden, mot allt diffust som \u00e4r i omlopp, allt som osynligt l\u00e4nkar samman, alltid som f\u00f6rhindrar den totala avsk\u00e4rmingen. Mot allt som f\u00e5r oss att existera och f\u00f6rhindrar att hela v\u00e4rlden inte \u00f6verallt k\u00e4nns och ser ut som en motorv\u00e4g, en n\u00f6jespark, eller som den nya staden: uttr\u00e5kad, utan passion. ett v\u00e4lordnat, tomt, fruset rum, d\u00e4r ingen r\u00f6r sig utom registrerade kroppar, molekyl\u00e4ra samlingar och rena varor.<\/em><\/p>\n<p><em>\/\u2026\/<\/em><\/p>\n<p><em>Jaget \u00e4r inte n\u00e5gon sak inuti oss som \u00e4r i konstant kris; det \u00e4r formen som de vill tvinga in oss i. De vill g\u00f6ra v\u00e5ra Jag till n\u00e5got klart definierat, separat, kontrollerbart, bed\u00f6mbart i termer av kvaliteter, n\u00e4r det faktiskt \u00e4r s\u00e5 att vi \u00e4r varelser bland varelser, singulariteter bland likheter, levande k\u00f6tt sammanv\u00e4vt med v\u00e4rldens k\u00f6tt.<\/em><\/p>\n<p>Det f\u00f6rsta kapitlet av det \u201chelsnurriga franska upprorsmanifestet\u201d Det stundande upproret handlar om Jaget, om individualiteten, hur den konstrueras socialt och vad som h\u00e4nder med oss n\u00e4r vi l\u00e4r oss att vara autonoma individer. Som kristen var det helsp\u00e4nnande att l\u00e4sa den, f\u00f6r varje g\u00e5ng jag l\u00e4st boken har jag k\u00e4nt hur relevant nattvarden blivit i just f\u00f6rsta kapitlet.<\/p>\n<p>\u201cS\u00e5 \u00e4r vi, fast\u00e4n m\u00e5nga, en enda kropp, ty alla f\u00e5r vi del av ett och samma br\u00f6d\u201d. Marken \u00e4r v\u00e5r gemensamt. De fr\u00f6n vi planterar kommer fr\u00e5n v\u00e5r natur. Vi brukar marken gemensamt och vi bakar br\u00f6det gemensamt efter en tradition som vandrat med oss i m\u00e5nga tusen \u00e5r. N\u00e4r vi \u00e4ter br\u00f6det \u00e4ter vi samma sak som judarna som i t\u00e5g med Moses l\u00e4mnade Egypten. Vi \u00e4ter samma sak som Jesus och dennes f\u00f6ljeslagare \u00e5t, vid den sista m\u00e5ltiden och i m\u00e5nga andra ber\u00e4ttelser i bibeln. Vi \u00e4ter samma sak som v\u00e5ra f\u00f6rf\u00e4der och deras f\u00f6rf\u00e4der.<\/p>\n<p>Det \u00e4r enkelt, men det uppenbarar en historisk och en social sanning f\u00f6r oss, v\u00e5r likhet. Vi \u00e4r samma sk\u00f6ra, materiella person som v\u00e5r n\u00e4sta. Vi \u00e4r samma som de som kommit innan oss, och de som kommer efter oss kommer ocks\u00e5 att \u00e4ta br\u00f6d. Det visar ocks\u00e5 att vi delar samma kultur. \u00c4ven om br\u00f6det kommer i fler variationer \u00e4n kulturer \u00e4r det likt n\u00e4stan \u00f6verallt. En grund av mj\u00f6l och vatten, och ofta j\u00e4st. Gr\u00e4dda i ugn.<\/p>\n<p>Men trots sin enkelhet \u00e4r det ett radikalt budskap, och det \u00e4r just d\u00e4rf\u00f6r\u00a0<em>Det stundande upproret<\/em>\u00a0v\u00e4ljer att l\u00e4gga hela f\u00f6rsta kapitlet p\u00e5 just att kritisera individualitetsbegreppet. F\u00f6r det \u00e4r vad som kr\u00e4vs f\u00f6r att f\u00f6ra en politik som p\u00e5 ett radikalt s\u00e4tt kritiserar kapitalismen.<\/p>\n<p>Ett samh\u00e4lle med individer \u00e4r ett samh\u00e4lle med individuella problem, med individuellt orsakad sjukdom, individuellt orsakad arbetsl\u00f6shet.<\/p>\n<p>Det \u00e4r ett samh\u00e4lle d\u00e4r individer har gjort individuella val som g\u00f6r att de antingen blir st\u00e4derskor eller chefer. Individer har valt att leva utan papper eller stanna i sitt hemland. Ingen \u00e4r att skylla f\u00f6r att v\u00e5rt ekonomiska system skapar lidande. F\u00f6r som konsumenter och producenter har vi sj\u00e4lva valt v\u00e5r position.<\/p>\n<p>\u201c\u201dVAD \u00c4R JAG\u201d d\u00e5? Sedan barndomen har jag varit involverad i fl\u00f6det av mj\u00f6lk, lukter, historier, ljud, k\u00e4nslor, barnvisor, substanser, gester, id\u00e9er, intryck, blickar, s\u00e5nger och mat. Vad \u00e4r Jag? P\u00e5 varje s\u00e4tt bunden till platser, sm\u00e4rtor, f\u00f6rf\u00e4der, v\u00e4nner, \u00e4lskare, h\u00e4ndelser, spr\u00e5k, minnen, till alla sorters ting som uppenbarligen inte \u00e4r jag.\u201d (fr\u00e5n samma kapitel i Det stundande upproret)<\/p>\n<p>Nattvarden \u00e4r f\u00f6rsta steget i att bygga en radikal kristen identitet mot individualismen. Kristna v\u00e4rderingar (som delar med m\u00e5nga religioner) som barmh\u00e4rtighet, g\u00e4stfrihet, givmildhet, solidaritet och empati \u00e4r alla egenskaper som motar tillbaka id\u00e9er om individualitet, om den kalla, ber\u00e4knande individen, om egoism och andra v\u00e4rderingar som skiljer oss ifr\u00e5n varandra och splittrar oss.<\/p>\n<p>P\u00e5 det s\u00e4ttet kan vi bli en genom Kristi kropp. Men f\u00f6rst n\u00e4r vi j\u00e4mnat det samh\u00e4lle som splittrar oss till marken och bygger ett nytt samh\u00e4lle ovanp\u00e5 det.<\/p>\n<\/div>\n","protected":false},"excerpt":{"rendered":"<p>\u201dEtt kristet manifest\u201d, s\u00e5 kallar Isak Gerson den lilla boken Det stundande upproret, som gav upphov till rabalder i Frankrike f\u00f6r sin radikala kritik av individualismen och marknadssamh\u00e4llet. Br\u00f6det vi delar p\u00e5minner oss om v\u00e5r kroppslighet, den som vi delar med alla som g\u00e5tt f\u00f6re oss, menar han. \u201dI AM WHAT I AM\u201d [en reklamslogan [&hellip;]<\/p>\n","protected":false},"author":1,"featured_media":0,"comment_status":"open","ping_status":"open","sticky":false,"template":"","format":"standard","meta":{"footnotes":""},"categories":[3],"tags":[],"class_list":["post-72","post","type-post","status-publish","format-standard","hentry","category-dagens-seglora"],"_links":{"self":[{"href":"https:\/\/www.isakgerson.se\/blog\/wp-json\/wp\/v2\/posts\/72","targetHints":{"allow":["GET"]}}],"collection":[{"href":"https:\/\/www.isakgerson.se\/blog\/wp-json\/wp\/v2\/posts"}],"about":[{"href":"https:\/\/www.isakgerson.se\/blog\/wp-json\/wp\/v2\/types\/post"}],"author":[{"embeddable":true,"href":"https:\/\/www.isakgerson.se\/blog\/wp-json\/wp\/v2\/users\/1"}],"replies":[{"embeddable":true,"href":"https:\/\/www.isakgerson.se\/blog\/wp-json\/wp\/v2\/comments?post=72"}],"version-history":[{"count":1,"href":"https:\/\/www.isakgerson.se\/blog\/wp-json\/wp\/v2\/posts\/72\/revisions"}],"predecessor-version":[{"id":266,"href":"https:\/\/www.isakgerson.se\/blog\/wp-json\/wp\/v2\/posts\/72\/revisions\/266"}],"wp:attachment":[{"href":"https:\/\/www.isakgerson.se\/blog\/wp-json\/wp\/v2\/media?parent=72"}],"wp:term":[{"taxonomy":"category","embeddable":true,"href":"https:\/\/www.isakgerson.se\/blog\/wp-json\/wp\/v2\/categories?post=72"},{"taxonomy":"post_tag","embeddable":true,"href":"https:\/\/www.isakgerson.se\/blog\/wp-json\/wp\/v2\/tags?post=72"}],"curies":[{"name":"wp","href":"https:\/\/api.w.org\/{rel}","templated":true}]}}