{"id":56,"date":"2014-04-07T11:34:38","date_gmt":"2014-04-07T11:34:38","guid":{"rendered":"https:\/\/copyisright.se\/?p=56"},"modified":"2026-01-11T18:53:15","modified_gmt":"2026-01-11T18:53:15","slug":"jag-tror-darfor-lyder-jag-inte-dagens-seglora","status":"publish","type":"post","link":"https:\/\/www.isakgerson.se\/blog\/dagens-seglora\/jag-tror-darfor-lyder-jag-inte-dagens-seglora\/","title":{"rendered":"Jag tror, d\u00e4rf\u00f6r lyder jag inte (Dagens Seglora)"},"content":{"rendered":"<p><strong>Kristen anarkism bygger p\u00e5 insikten att den m\u00e4nskliga k\u00e4rleken och den fria viljan aldrig kan inordnas i n\u00e5got system, skriver Isak Gerson.<\/strong><\/p>\n<div class=\"post-content\">\n<p>\u201cPunken \u00e4r en kritik mot den av Gud inr\u00e4ttade v\u00e4rldsordningen. M\u00e5nga punkband f\u00f6respr\u00e5kar anarki. Tanken bakom anarkin som politiskt system \u00e4r att den ska f\u00f6rs\u00e4tta v\u00e4rlden i kaos f\u00f6r att satan ska kunna ta \u00f6ver densamma.\u201d<\/p>\n<p>Enligt instagramkontot\u00a0<a href=\"http:\/\/instagram.com\/p\/mIYRg3JBXn\/\" target=\"_blank\" rel=\"noopener noreferrer\">@akademikerpunk<\/a>\u00a0kommer citatet ovan fr\u00e5n en kyrkligt engagerad som skrivit en guide till olika musikstilar. Som kristen f\u00e5r beskrivningen mig bara att \u00e4lska punken \u00e4nnu mer. Kaoset \u00e4r nog n\u00e5got kyrkan och vi kristna bara beh\u00f6ver mer av. Varje ordning vi f\u00e5r f\u00f6r oss att en Gud \u2013 eller n\u00e5gon annan som vill best\u00e4mma \u00f6ver oss \u2013 har inr\u00e4ttat, b\u00f6r vi ifr\u00e5gas\u00e4tta.<\/p>\n<p>Jag tror inte att Gud skapade oss f\u00f6r att vi skulle bygga ett samh\u00e4lle d\u00e4r var person har sin plats i ett or\u00e4ttvist samh\u00e4lle. Tv\u00e5 av de grundl\u00e4ggande f\u00f6rm\u00e5gor vi skapats med \u00e4r extra v\u00e4rda att begrunda: v\u00e5r k\u00e4rlek och v\u00e5r fria vilja. Ingen av de egenskaperna \u00e4r en bra grogrund f\u00f6r en v\u00e4rldsordning eller n\u00e5gon annan typ av ordning. Faktum \u00e4r, att b\u00e5da egenskaperna \u00e4r himla sv\u00e5ra att passa in i n\u00e5gon ordning.<\/p>\n<p>Det finns m\u00e5nga delar av s\u00e5v\u00e4l v\u00e5r bibel som v\u00e5r historia som \u00e4r v\u00e4rda att lyfta. Kyrkan har i stora delar valt att st\u00e4lla sig p\u00e5 ordningens och maktens sida, men inte alltid. Hade vi, enligt bibeln, blivit f\u00f6rvisade fr\u00e5n paradiset utan v\u00e5r fria vilja? Redan bibelns Adam och Eva v\u00e4grade att finna sig i den ordning som fanns. Det \u00e4r kanske lite f\u00f6rsk\u00f6nande att beskriva Adam och Eva som bibelns f\u00f6rsta punkare, men det var iallafall definitivt kaos de skapade n\u00e4r de \u00e5t av den f\u00f6rbjudna frukten.<\/p>\n<p>Om vi g\u00e5r vidare kan vi se att att inte finna sig i den existerande ordningen \u00e4r n\u00e5got som f\u00f6ljt med m\u00e5nga judar och kristna genom hela bibeln och vidare i den moderna historien. Vi minns \u00e4n idag Moses som s\u00e4ger nej till slaveriet och leder ut sitt folk ur Egypten. Vad Jesus efterf\u00f6ljare, fr\u00e5n tidens l\u00e4rjungar till dagens radikala kristna, g\u00f6r kan v\u00e4l inte heller beskrivas som n\u00e5got annat \u00e4n en omv\u00e4lvning av\u00a0v\u00e4rlden?<\/p>\n<p>Jag \u00e4r personligen \u00f6vertygad om att den v\u00e4gen av olydnad och ifr\u00e5gas\u00e4ttande \u00e4r en mycket rimligare v\u00e4g att g\u00e5 \u00e4n den mer hierarkiska kyrka som dominerat andra delar av den kristna historien. Vissa kristna har historiskt valt att f\u00f6lja sina ledare i korst\u00e5g, medan andra kristna har valt sitta i f\u00e4ngelse f\u00f6r att de v\u00e4grat en obligatorisk v\u00e4rnplikt. Jag har sj\u00e4lv en klar bed\u00f6mning om vilka som tj\u00e4nat kristna bud mest troget.<\/p>\n<p>Jag t\u00e4nker omfamna kaoset och punken som kristet. S\u00e5 p\u00e5 v\u00e4g till n\u00e4sta m\u00e4ssa \u00e4r det nog Lose the Life, Nionde Pl\u00e5gan eller Fru D\u00f6rr jag kommer att ha i h\u00f6rlurarna. Vi kan se det som en typ av psalmer.<\/p>\n<\/div>\n","protected":false},"excerpt":{"rendered":"<p>Kristen anarkism bygger p\u00e5 insikten att den m\u00e4nskliga k\u00e4rleken och den fria viljan aldrig kan inordnas i n\u00e5got system, skriver Isak Gerson. \u201cPunken \u00e4r en kritik mot den av Gud inr\u00e4ttade v\u00e4rldsordningen. M\u00e5nga punkband f\u00f6respr\u00e5kar anarki. Tanken bakom anarkin som politiskt system \u00e4r att den ska f\u00f6rs\u00e4tta v\u00e4rlden i kaos f\u00f6r att satan ska kunna [&hellip;]<\/p>\n","protected":false},"author":1,"featured_media":0,"comment_status":"open","ping_status":"open","sticky":false,"template":"","format":"standard","meta":{"footnotes":""},"categories":[3],"tags":[],"class_list":["post-56","post","type-post","status-publish","format-standard","hentry","category-dagens-seglora"],"_links":{"self":[{"href":"https:\/\/www.isakgerson.se\/blog\/wp-json\/wp\/v2\/posts\/56","targetHints":{"allow":["GET"]}}],"collection":[{"href":"https:\/\/www.isakgerson.se\/blog\/wp-json\/wp\/v2\/posts"}],"about":[{"href":"https:\/\/www.isakgerson.se\/blog\/wp-json\/wp\/v2\/types\/post"}],"author":[{"embeddable":true,"href":"https:\/\/www.isakgerson.se\/blog\/wp-json\/wp\/v2\/users\/1"}],"replies":[{"embeddable":true,"href":"https:\/\/www.isakgerson.se\/blog\/wp-json\/wp\/v2\/comments?post=56"}],"version-history":[{"count":1,"href":"https:\/\/www.isakgerson.se\/blog\/wp-json\/wp\/v2\/posts\/56\/revisions"}],"predecessor-version":[{"id":241,"href":"https:\/\/www.isakgerson.se\/blog\/wp-json\/wp\/v2\/posts\/56\/revisions\/241"}],"wp:attachment":[{"href":"https:\/\/www.isakgerson.se\/blog\/wp-json\/wp\/v2\/media?parent=56"}],"wp:term":[{"taxonomy":"category","embeddable":true,"href":"https:\/\/www.isakgerson.se\/blog\/wp-json\/wp\/v2\/categories?post=56"},{"taxonomy":"post_tag","embeddable":true,"href":"https:\/\/www.isakgerson.se\/blog\/wp-json\/wp\/v2\/tags?post=56"}],"curies":[{"name":"wp","href":"https:\/\/api.w.org\/{rel}","templated":true}]}}