{"id":53,"date":"2014-05-07T11:33:04","date_gmt":"2014-05-07T11:33:04","guid":{"rendered":"https:\/\/copyisright.se\/?p=53"},"modified":"2026-01-11T18:53:19","modified_gmt":"2026-01-11T18:53:19","slug":"aktivism-ar-det-stora-miraklet-dagens-seglora","status":"publish","type":"post","link":"https:\/\/www.isakgerson.se\/blog\/dagens-seglora\/aktivism-ar-det-stora-miraklet-dagens-seglora\/","title":{"rendered":"Aktivism \u00e4r det stora miraklet (Dagens Seglora)"},"content":{"rendered":"<p><strong>D\u00e4r folk k\u00e4mpar tillsammans f\u00f6r en b\u00e4ttre v\u00e4rld och f\u00f6r radikal k\u00e4rlek mellan m\u00e4nniskor, d\u00e4r \u00e4r ocks\u00e5 Gud, skriver Isak Gerson.<\/strong><\/p>\n<div class=\"post-content\">\n<p>Inf\u00f6r\u00a0<a href=\"http:\/\/sverigesradio.se\/sida\/avsnitt\/363857?programid=3052\" target=\"_blank\" rel=\"noopener noreferrer\">Verkligheten i P3:s program om psalms\u00e5ngerna<\/a>\u00a0mot nazism pratade jag dagen innan med journalisten om mirakel. Han undrade om det skulle bli n\u00e5gra mirakel imorgon, kanske lite sk\u00e4mtsamt. Mitt svar var att jag hoppades att tron skulle frambringa de mirakel som de gjort sedan kristendomens f\u00f6delse \u2013 miraklet att folk enas och k\u00e4mpar f\u00f6r solidaritet och k\u00e4rlek.<\/p>\n<p>Det vore dumt av mig att h\u00e4vda att det inte finns n\u00e5got intressant med n\u00e5gon som g\u00f6r vin av vatten eller g\u00e5r p\u00e5 sj\u00f6ar, f\u00f6r det vet jag att andra f\u00e4ster mycket vikt vid. Men f\u00f6r mig \u00e4r det ointressant. F\u00f6r mig \u00e4r det intressanta hur Jesus lyckades samla s\u00e5 m\u00e5nga i kamp mot ockupationsmakten och i solidaritet med de fattiga, sjuka och utst\u00f6tta.<\/p>\n<p>Om det finns n\u00e5got stort mirakel i uppst\u00e5ndelsen \u00e4r det kanske inte framf\u00f6r allt det eviga liv Jesus fick personligen, utan att den kamp d\u00e5tidens \u00f6verh\u00f6ghet f\u00f6rs\u00f6kte kv\u00e4sa med avr\u00e4ttningar lever vidare i ett evigt liv inom oss, s\u00e5h\u00e4r tv\u00e5 millennier senare.<\/p>\n<p>Men \u00e5ter till miraklet. I psalms\u00e5ngsgruppen var det flera som sa till mig b\u00e5de under och efter v\u00e5r andakt hur n\u00e4rvarande den helige anden var. Och jag kunde h\u00f6ra \u00e4rligheten i deras r\u00f6ster. Jag har fortfarande inte sett en bekr\u00e4ftad siffra, men de obekr\u00e4ftade siffrorna jag l\u00e4st ger mig intrycket av att flera tusen personer var ute p\u00e5 J\u00f6nk\u00f6pings gator den f\u00f6rsta maj f\u00f6r att bek\u00e4mpa nazismen. Om det inte \u00e4r ett mirakel, s\u00e5 vad \u00e4r? Om det inte kan uppfylla oss med den heliga solidaritet som utg\u00f6r kristendomen f\u00f6rst\u00e5r jag inte hur gudstj\u00e4nster kan g\u00f6ra det.<\/p>\n<p>S\u00e5 d\u00e4r har ni ert mirakel. D\u00e4r har ni er helige ande. Det \u00e4r inte sv\u00e5rare \u00e4n s\u00e5 f\u00f6r mig. D\u00e4r folk k\u00e4mpar tillsammans f\u00f6r en b\u00e4ttre v\u00e4rld och f\u00f6r radikal k\u00e4rlek mellan m\u00e4nniskor, d\u00e4r \u00e4r ocks\u00e5 Gud.<\/p>\n<\/div>\n","protected":false},"excerpt":{"rendered":"<p>D\u00e4r folk k\u00e4mpar tillsammans f\u00f6r en b\u00e4ttre v\u00e4rld och f\u00f6r radikal k\u00e4rlek mellan m\u00e4nniskor, d\u00e4r \u00e4r ocks\u00e5 Gud, skriver Isak Gerson. Inf\u00f6r\u00a0Verkligheten i P3:s program om psalms\u00e5ngerna\u00a0mot nazism pratade jag dagen innan med journalisten om mirakel. Han undrade om det skulle bli n\u00e5gra mirakel imorgon, kanske lite sk\u00e4mtsamt. Mitt svar var att jag hoppades att [&hellip;]<\/p>\n","protected":false},"author":1,"featured_media":0,"comment_status":"open","ping_status":"open","sticky":false,"template":"","format":"standard","meta":{"footnotes":""},"categories":[3],"tags":[],"class_list":["post-53","post","type-post","status-publish","format-standard","hentry","category-dagens-seglora"],"_links":{"self":[{"href":"https:\/\/www.isakgerson.se\/blog\/wp-json\/wp\/v2\/posts\/53","targetHints":{"allow":["GET"]}}],"collection":[{"href":"https:\/\/www.isakgerson.se\/blog\/wp-json\/wp\/v2\/posts"}],"about":[{"href":"https:\/\/www.isakgerson.se\/blog\/wp-json\/wp\/v2\/types\/post"}],"author":[{"embeddable":true,"href":"https:\/\/www.isakgerson.se\/blog\/wp-json\/wp\/v2\/users\/1"}],"replies":[{"embeddable":true,"href":"https:\/\/www.isakgerson.se\/blog\/wp-json\/wp\/v2\/comments?post=53"}],"version-history":[{"count":1,"href":"https:\/\/www.isakgerson.se\/blog\/wp-json\/wp\/v2\/posts\/53\/revisions"}],"predecessor-version":[{"id":242,"href":"https:\/\/www.isakgerson.se\/blog\/wp-json\/wp\/v2\/posts\/53\/revisions\/242"}],"wp:attachment":[{"href":"https:\/\/www.isakgerson.se\/blog\/wp-json\/wp\/v2\/media?parent=53"}],"wp:term":[{"taxonomy":"category","embeddable":true,"href":"https:\/\/www.isakgerson.se\/blog\/wp-json\/wp\/v2\/categories?post=53"},{"taxonomy":"post_tag","embeddable":true,"href":"https:\/\/www.isakgerson.se\/blog\/wp-json\/wp\/v2\/tags?post=53"}],"curies":[{"name":"wp","href":"https:\/\/api.w.org\/{rel}","templated":true}]}}