{"id":50,"date":"2014-08-12T11:31:38","date_gmt":"2014-08-12T11:31:38","guid":{"rendered":"https:\/\/copyisright.se\/?p=50"},"modified":"2026-01-11T18:53:25","modified_gmt":"2026-01-11T18:53:25","slug":"erbjud-en-varld-dar-judar-kan-leva-utan-forfoljelse-dagens-seglora","status":"publish","type":"post","link":"https:\/\/www.isakgerson.se\/blog\/dagens-seglora\/erbjud-en-varld-dar-judar-kan-leva-utan-forfoljelse-dagens-seglora\/","title":{"rendered":"Erbjud en v\u00e4rld d\u00e4r judar kan leva utan f\u00f6rf\u00f6ljelse (Dagens Seglora)"},"content":{"rendered":"<p>Att vara jude i Sverige idag \u00e4r, om vi ska lita p\u00e5\u00a0<a href=\"http:\/\/www.levandehistoria.se\/sites\/default\/files\/material_file\/antisemitiska-attityder-rapport.pdf\" target=\"_blank\" rel=\"noopener noreferrer\">statistik<\/a>\u00a0s\u00e5v\u00e4l som\u00a0<a href=\"http:\/\/skma.se\/blogg\/2013\/12\/ny-eu-undersokning-judar-i-europa-ser-antisemitism-som-stort-problem\/\" target=\"_blank\" rel=\"noopener noreferrer\">personliga vittnesm\u00e5l<\/a>\u00a0fr\u00e5n judar,\u00a0<a href=\"http:\/\/skma.se\/blogg\/2014\/05\/antisemitismen-i-ett-globalt-perspektiv-skma-sammanfattar-och-kommenterar-ny-studie\/\" target=\"_blank\" rel=\"noopener noreferrer\">sv\u00e5rt och otryggt<\/a>. Att judar i v\u00e4stv\u00e4rlden \u00e4r f\u00f6rtryckta \u00e4r varken n\u00e5got nytt som kommit de senaste \u00e5ren eller n\u00e5got gammalt som tog slut 1945. V\u00e5rt judehat har ett historiskt sammanhang som \u00e4r mycket, mycket st\u00f6rre \u00e4n 1933 till 1945. Utan att p\u00e5 n\u00e5got s\u00e4tt f\u00f6rsvara staten Israel vill jag \u00e4nd\u00e5 s\u00e4ga att jag f\u00f6rst\u00e5r hur det v\u00e5ldet och den r\u00e4dslan skapar ett behov efter en judisk stat. Det f\u00f6r\u00e4ndrar inte p\u00e5 n\u00e5got s\u00e4tt min l\u00e4ngtan efter ett fritt Palestina och ett slut p\u00e5 Israels v\u00e5ld mot de ockuperade palestinierna. Men det f\u00f6r\u00e4ndrar min f\u00f6rst\u00e5else av sionism och hur vi kan motarbeta den. Ett exempel p\u00e5 den f\u00f6rst\u00e5elsen \u00e4r min syn p\u00e5 f\u00f6rintelseretorik.<\/p>\n<div class=\"post-content\">\n<p>\u201cDet saknas inte saklig grund att kritisera, bojkotta, k\u00e4mpa mot, t.o.m. hata Israel. Listan p\u00e5 den statens brott \u00e4r mycket l\u00e5ng. F\u00f6rutom att retorik om F\u00f6rintelsen, Gamla Testamentet, Rothschilds pengar osv. \u00e4r antisemitisk, \u00e4r den allts\u00e5 \u00e4ven on\u00f6dig.\u201d skrev\u00a0<a href=\"https:\/\/twitter.com\/marcuspriftis\/status\/495997837067694081\" target=\"_blank\" rel=\"noopener noreferrer\">Marcus<\/a>\u00a0<a href=\"https:\/\/twitter.com\/marcuspriftis\/status\/495998031435927552\" target=\"_blank\" rel=\"noopener noreferrer\">Priftis<\/a>\u00a0h\u00e4romdagen. En blogg om antisemitism f\u00f6rklarar vad det rimliga svaret p\u00e5 fr\u00e5gan \u201char judarna inte l\u00e4rt sig n\u00e5got av f\u00f6rintelsen?\u201d \u00e4r: jo, att vart i v\u00e4stv\u00e4rlden judar \u00e4n r\u00f6r sig och hur fredligt judar \u00e4n beter sig m\u00f6ts de med v\u00e5ld. Och att anv\u00e4nda f\u00f6rintelseparalleller n\u00e4r det kommer till den Israeliska regimen g\u00e5r att r\u00e4ttf\u00e4rdiga p\u00e5 m\u00e5nga s\u00e4tt, men att det \u00e4r s\u00e5 extremt n\u00e4ra till hands har nog fr\u00e4mst en anledning: att Israel \u00e4r ett land styrt av judar.<\/p>\n<p>Och helt \u00e4rligt, f\u00f6rintelsen \u00e4r inte er historia att anv\u00e4nda mot judar. Det finns ingen vacker poetisk r\u00e4ttvisa i att ett land som styrs av det folk som utsatts f\u00f6r en etnisk rensning utan motsvarighet idag f\u00f6r ett blodigt krig mot ett land de ockuperat och uppr\u00e4tth\u00e5ller ett apartheidliknande politiskt system i samma land. D\u00e4remot finns det i f\u00f6rintelsen en historia som vi i v\u00e4stv\u00e4rlden med v\u00e5r antisemitism uppenbarligen inte har gjort upp med \u00e4n.<\/p>\n<p>Att p\u00e5minna de judar som flytt hit till Sverige om vilka fruktansv\u00e4rda konsekvenser judehat har f\u00e5tt \u00e4r inte relevant f\u00f6r arbetet med att hj\u00e4lpa palestinier, och det kommer troligen inte att g\u00f6ra att judar k\u00e4nner sig tryggare. Vill vi bek\u00e4mpa sionismen och ockupationen av Palestina m\u00e5ste vi nog skapa den tryggheten.<\/p>\n<p>D\u00e4rf\u00f6r g\u00e5r f\u00f6r mig kampen mot judehat och kampen f\u00f6r ett fritt Palestina hand i hand. Ist\u00e4llet f\u00f6r ett avskilt Israel som kr\u00e4ver maskingev\u00e4r, apartheidpolitik och bomber f\u00f6r att uppr\u00e4tth\u00e5lla borde vi kunna erbjuda en v\u00e4rld d\u00e4r judar kan leva utan f\u00f6rf\u00f6ljelse.<\/p>\n<\/div>\n","protected":false},"excerpt":{"rendered":"<p>Att vara jude i Sverige idag \u00e4r, om vi ska lita p\u00e5\u00a0statistik\u00a0s\u00e5v\u00e4l som\u00a0personliga vittnesm\u00e5l\u00a0fr\u00e5n judar,\u00a0sv\u00e5rt och otryggt. Att judar i v\u00e4stv\u00e4rlden \u00e4r f\u00f6rtryckta \u00e4r varken n\u00e5got nytt som kommit de senaste \u00e5ren eller n\u00e5got gammalt som tog slut 1945. V\u00e5rt judehat har ett historiskt sammanhang som \u00e4r mycket, mycket st\u00f6rre \u00e4n 1933 till 1945. Utan [&hellip;]<\/p>\n","protected":false},"author":1,"featured_media":0,"comment_status":"open","ping_status":"open","sticky":false,"template":"","format":"standard","meta":{"footnotes":""},"categories":[3],"tags":[],"class_list":["post-50","post","type-post","status-publish","format-standard","hentry","category-dagens-seglora"],"_links":{"self":[{"href":"https:\/\/www.isakgerson.se\/blog\/wp-json\/wp\/v2\/posts\/50","targetHints":{"allow":["GET"]}}],"collection":[{"href":"https:\/\/www.isakgerson.se\/blog\/wp-json\/wp\/v2\/posts"}],"about":[{"href":"https:\/\/www.isakgerson.se\/blog\/wp-json\/wp\/v2\/types\/post"}],"author":[{"embeddable":true,"href":"https:\/\/www.isakgerson.se\/blog\/wp-json\/wp\/v2\/users\/1"}],"replies":[{"embeddable":true,"href":"https:\/\/www.isakgerson.se\/blog\/wp-json\/wp\/v2\/comments?post=50"}],"version-history":[{"count":1,"href":"https:\/\/www.isakgerson.se\/blog\/wp-json\/wp\/v2\/posts\/50\/revisions"}],"predecessor-version":[{"id":243,"href":"https:\/\/www.isakgerson.se\/blog\/wp-json\/wp\/v2\/posts\/50\/revisions\/243"}],"wp:attachment":[{"href":"https:\/\/www.isakgerson.se\/blog\/wp-json\/wp\/v2\/media?parent=50"}],"wp:term":[{"taxonomy":"category","embeddable":true,"href":"https:\/\/www.isakgerson.se\/blog\/wp-json\/wp\/v2\/categories?post=50"},{"taxonomy":"post_tag","embeddable":true,"href":"https:\/\/www.isakgerson.se\/blog\/wp-json\/wp\/v2\/tags?post=50"}],"curies":[{"name":"wp","href":"https:\/\/api.w.org\/{rel}","templated":true}]}}