{"id":47,"date":"2014-09-03T11:30:11","date_gmt":"2014-09-03T11:30:11","guid":{"rendered":"https:\/\/copyisright.se\/?p=47"},"modified":"2026-01-11T18:53:30","modified_gmt":"2026-01-11T18:53:30","slug":"efter-det-sluttande-planet-dagens-seglora","status":"publish","type":"post","link":"https:\/\/www.isakgerson.se\/blog\/dagens-seglora\/efter-det-sluttande-planet-dagens-seglora\/","title":{"rendered":"Efter det \u201dsluttande planet\u201d (Dagens Seglora)"},"content":{"rendered":"<p><strong>Var drar vi gr\u00e4nsen f\u00f6r n\u00e4r vi har \u00f6ppnat banan f\u00f6r fascismen, fr\u00e5gar sig Isak Gerson.<\/strong><\/p>\n<div class=\"post-content\">\n<p>Att varna f\u00f6r en kommande utveckling brukar kallas f\u00f6r ett \u201csluttande plan\u201d-argument. Argument utg\u00e5r vanligtvis fr\u00e5n att vi har en negativ utveckling som \u00e4r tolererbar. Men om vi l\u00e5ter utvecklingen forts\u00e4tta kommer vi att komma till n\u00e5got mycket v\u00e4rre.<\/p>\n<p>Ett typiskt s\u00e5dant \u00e4r argumentet om att normaliseringen av fascistiska \u00e5sikter och partier (som Sverigedemokraterna) i l\u00e4ngden kommer att \u00f6ppna upp f\u00f6r ett mer fascistiskt samh\u00e4lle.<\/p>\n<p>Dagens situation f\u00e5r mig att b\u00f6rja fundera p\u00e5 om vi fortfarande kan tala om ett sluttande plan-argument n\u00e4r det g\u00e4ller att f\u00f6rbereda v\u00e4gen f\u00f6r fascism. Var drar vi gr\u00e4nsen f\u00f6r n\u00e4r vi har \u00f6ppnat banan f\u00f6r fascism? L\u00e5t mig st\u00e4lla fr\u00e5gan p\u00e5 ett annat s\u00e4tt: vad ska vi kalla regelbundna attacker mot de l\u00e4ger d\u00e4r romska EU-migranter bor om inte pogromer? Vad ska vi kalla de f\u00f6rs\u00f6k till mordbr\u00e4nningar p\u00e5 dessa l\u00e4ger om inte pogromer?<\/p>\n<p>Och om Salka Sand\u00e9ns\u00a0<a href=\"https:\/\/storify.com\/Ulvsand\/salka-sanden-1-september\">vittnesm\u00e5l<\/a>\u00a0st\u00e4mmer \u2013 vad kallar vi en polisk\u00e5r som innan de har tillr\u00e4ckligt mycket press p\u00e5 sig utifr\u00e5n v\u00e4grar att ens utreda br\u00e4nderna? Hur pratar vi om att samma polisk\u00e5r st\u00e4nger av hela stadsdelar och mejar ner demonstranter med h\u00e4star f\u00f6r att nazister ska f\u00e5 tala fritt, men inte ids att ge utsatta romer grundl\u00e4ggande skydd n\u00e4r de \u00e4r hotade?<\/p>\n<p>Jag skriver den h\u00e4r texten f\u00f6r att jag \u00e4r orolig f\u00f6r att vi ska forts\u00e4tta att v\u00e4gra se vad som faktiskt h\u00e4nder, och forts\u00e4tta se fascismen som en av m\u00e5nga \u00e5sikter i ett neutralt debattklimat. F\u00f6r, som Salka Sand\u00e9n skriver, \u201cFascistpropaganda \u00e4r teorin. Pogromer och f\u00f6rintelse \u00e4r praktiken.\u201d Och vi har inte r\u00e5d med en polisk\u00e5r, med borgerliga ledarskribenter, ja, med ett samh\u00e4lle, som v\u00e4grar se den praktiken \u2013 som v\u00e4grar se hur vi l\u00e4mnar det sluttande planet.<\/p>\n<\/div>\n","protected":false},"excerpt":{"rendered":"<p>Var drar vi gr\u00e4nsen f\u00f6r n\u00e4r vi har \u00f6ppnat banan f\u00f6r fascismen, fr\u00e5gar sig Isak Gerson. Att varna f\u00f6r en kommande utveckling brukar kallas f\u00f6r ett \u201csluttande plan\u201d-argument. Argument utg\u00e5r vanligtvis fr\u00e5n att vi har en negativ utveckling som \u00e4r tolererbar. Men om vi l\u00e5ter utvecklingen forts\u00e4tta kommer vi att komma till n\u00e5got mycket v\u00e4rre. [&hellip;]<\/p>\n","protected":false},"author":1,"featured_media":0,"comment_status":"open","ping_status":"open","sticky":false,"template":"","format":"standard","meta":{"footnotes":""},"categories":[3],"tags":[],"class_list":["post-47","post","type-post","status-publish","format-standard","hentry","category-dagens-seglora"],"_links":{"self":[{"href":"https:\/\/www.isakgerson.se\/blog\/wp-json\/wp\/v2\/posts\/47","targetHints":{"allow":["GET"]}}],"collection":[{"href":"https:\/\/www.isakgerson.se\/blog\/wp-json\/wp\/v2\/posts"}],"about":[{"href":"https:\/\/www.isakgerson.se\/blog\/wp-json\/wp\/v2\/types\/post"}],"author":[{"embeddable":true,"href":"https:\/\/www.isakgerson.se\/blog\/wp-json\/wp\/v2\/users\/1"}],"replies":[{"embeddable":true,"href":"https:\/\/www.isakgerson.se\/blog\/wp-json\/wp\/v2\/comments?post=47"}],"version-history":[{"count":1,"href":"https:\/\/www.isakgerson.se\/blog\/wp-json\/wp\/v2\/posts\/47\/revisions"}],"predecessor-version":[{"id":244,"href":"https:\/\/www.isakgerson.se\/blog\/wp-json\/wp\/v2\/posts\/47\/revisions\/244"}],"wp:attachment":[{"href":"https:\/\/www.isakgerson.se\/blog\/wp-json\/wp\/v2\/media?parent=47"}],"wp:term":[{"taxonomy":"category","embeddable":true,"href":"https:\/\/www.isakgerson.se\/blog\/wp-json\/wp\/v2\/categories?post=47"},{"taxonomy":"post_tag","embeddable":true,"href":"https:\/\/www.isakgerson.se\/blog\/wp-json\/wp\/v2\/tags?post=47"}],"curies":[{"name":"wp","href":"https:\/\/api.w.org\/{rel}","templated":true}]}}