{"id":45,"date":"2014-09-17T11:28:49","date_gmt":"2014-09-17T11:28:49","guid":{"rendered":"https:\/\/copyisright.se\/?p=45"},"modified":"2026-01-11T18:53:35","modified_gmt":"2026-01-11T18:53:35","slug":"kyrkan-duckar-for-sitt-fackliga-ansvar-dagens-seglora","status":"publish","type":"post","link":"https:\/\/www.isakgerson.se\/blog\/dagens-seglora\/kyrkan-duckar-for-sitt-fackliga-ansvar-dagens-seglora\/","title":{"rendered":"Kyrkan duckar f\u00f6r sitt fackliga ansvar (Dagens Seglora)"},"content":{"rendered":"<p><strong>Svenska kyrkans skola i Berlin \u00e4gnar sig \u00e5t klassisk \u201dunion busting\u201d, och h\u00e4r i Sverige duckar kyrkan och ger ett passivt godk\u00e4nnande av antifackliga metoder, skriver Isak Gerson.<\/strong><\/p>\n<div class=\"post-content\">\n<p>N\u00e4r jag gick in i researchen inf\u00f6r den h\u00e4r texten t\u00e4nkte jag att det\u00a0skulle vara en text om hur vi som kyrkomedlemmar kan p\u00e5verka kyrkan.\u00a0Konflikten som texten handlar om mellan Svenska skolan i Berlin \u00e4r redan\u00a0ganska klarlagd. Jag kommer att sammanfatta den och ge f\u00f6rslag p\u00e5\u00a0l\u00e4sning senare i texten. Som kyrkomedlem har min st\u00f6rsta fundering under\u00a0konflikten varit: vad kan jag g\u00f6ra f\u00f6r att se till att Svenska kyrkan\u00a0inte sysslar med att rensa ut fackligt engagemang? Tyv\u00e4rr m\u00e5ste texten\u00a0ist\u00e4llet handla om fr\u00e5nvaron av den m\u00f6jligheten.<\/p>\n<p>F\u00f6r att i korta drag g\u00e5 igenom konflikten: Svenska skolan i Berlin \u00e4gs\u00a0av Svenska kyrkans f\u00f6rsamling i Berlin. Den svenskkyrkliga f\u00f6rsamlingens\u00a0kyrkoherde \u00e4r ocks\u00e5 skolans VD. Sedan 2011 f\u00f6rs\u00f6kte skolan avskeda en\u00a0l\u00e4rare, medlem i fackf\u00f6rbundet FAU Berlin, f\u00f6r att denne tillsammans med\u00a0sina kollegor f\u00f6rs\u00f6kt f\u00f6rb\u00e4ttra arbetsvillkoren p\u00e5 skolan genom att\u00a0st\u00e4lla krav till rektorn och skolledningen. En kampanj fr\u00e5n elever och\u00a0f\u00f6r\u00e4ldrar gjorde att l\u00e4raren kunde stanna.<\/p>\n<p>Men ett \u00e5r senare, i maj i\u00a0\u00e5r, fortsatte problemen. Skolan varslade om nedsk\u00e4rningar som bland\u00a0annat skulle inneb\u00e4ra b\u00e5de s\u00e4nkt timl\u00f6n och l\u00e4gre syssels\u00e4ttningsgrad\u00a0f\u00f6r fritidspersonalen. De flesta av skolans anst\u00e4llda l\u00e4mnade d\u00e5 \u00f6ver\u00a0ett protestbrev till rektorn d\u00e4r de gav f\u00f6rslag p\u00e5 r\u00e4ttvisare\u00a0nedsk\u00e4rningar.<\/p>\n<p>Tv\u00e5 dagar efter att protestbrevet l\u00e4mnats in varslades\u00a0hela personalstyrkan om upps\u00e4gning. De sades att de skulle \u00e5teranst\u00e4llas\u00a0direkt, och att varslet bara var en formalitet. Men n\u00e4r det v\u00e4l kom till\u00a0kritan delades de upp i tre grupper. En grupp som \u00e5teranst\u00e4lldes med sin\u00a0tidigare anst\u00e4llning. En grupp, som hade givit st\u00f6d till den\u00a0ursprungliga protesten, som \u00e5teranst\u00e4lldes med s\u00e4mre villkor. De tv\u00e5 som\u00a0var medlemmar i fackf\u00f6rbundet FAU Berlin \u00e5teranst\u00e4lldes aldrig, och nu\u00a0\u00e4r deras positioner tillsatta av nya arbetare. FAU Berlin har hela v\u00e4gen\u00a0erbjudit f\u00f6rhandling med skolan, men ingen p\u00e5 skolan har velat f\u00f6rhandla.<\/p>\n<p>Om konflikten har f\u00f6ljande tidningar redan skrivit:\u00a0Arbetaren i\u00a0<a href=\"http:\/\/arbetaren.se\/artiklar\/svenska-skolan-i-berlin-till-tysk-arbetsdomstol\/\" target=\"_blank\" rel=\"noopener noreferrer\">tv\u00e5<\/a>\u00a0<a href=\"http:\/\/arbetaren.se\/artiklar\/syndikalistfack-tar-strid-mot-svenska-kyrkan\/\" target=\"_blank\" rel=\"noopener noreferrer\">artiklar<\/a>,\u00a0<a href=\"http:\/\/www.etc.se\/utrikes\/protesterade-mot-sankta-loner-da-sades-alla-upp\" target=\"_blank\" rel=\"noopener noreferrer\">ETC<\/a>,\u00a0<a href=\"http:\/\/arbetet.se\/2014\/09\/04\/sparkades-av-kyrkan-efter-att-ha-protesterat\/\" target=\"_blank\" rel=\"noopener noreferrer\">Arbetet<\/a>\u00a0och\u00a0<a href=\"http:\/\/www.dn.se\/nyheter\/svenska-skolan-i-berlin-sager-upp-samtliga-larare\/\" target=\"_blank\" rel=\"noopener noreferrer\">DN<\/a>.<\/p>\n<p>Metoden kallas i brist p\u00e5 ett bra svenskt ord f\u00f6r union busting. N\u00e4r\u00a0chefer m\u00e4rker att arbetare p\u00e5 deras f\u00f6retag b\u00f6rjar organisera sig\u00a0fackligt kan en enkel och effektiv l\u00f6sning vara att sparka ut de som\u00a0fr\u00e4mst deltar i organiserandet av arbetarna. Ibland (som p\u00e5 Svenska\u00a0skolan i Berlin) sparkas hela fackf\u00f6rbund fr\u00e5n f\u00f6retaget.\u00a0Det har tv\u00e5\u00a0syften. Det ena \u00e4r att de som organiserat sina arbetskamrater inte ska\u00a0kunna organisera mer. Det andra \u00e4r att avskr\u00e4cka framtida organisering\u00a0med hotet om upps\u00e4gning.<\/p>\n<p>\u00c4r det lagligt? I Tyskland \u00e4r det det p\u00e5 sm\u00e5\u00a0f\u00f6retag. P\u00e5 f\u00f6retag p\u00e5 under tio anst\u00e4llda har arbetarna i princip ingen\u00a0anst\u00e4llningstrygghet. Enligt vissa s\u00e4tt att r\u00e4kna \u00e4r Svenska skolan i\u00a0Berlin bara \u00e5tta arbetare. Det \u00e4r nog den fr\u00e5gan som kommer att bli den\u00a0huvudsakliga f\u00f6rhandlingsfr\u00e5gan n\u00e4r FAU Berlin g\u00e5r upp i r\u00e4tten mot\u00a0skolan i h\u00f6st.<\/p>\n<p>S\u00e5 jag gav mig ut f\u00f6r att ta reda p\u00e5 vad vi som medlemmar kan g\u00f6ra f\u00f6r\u00a0att f\u00f6r\u00e4ndra situationen. Jag k\u00e4nner en del kyrkopolitiker och jag har\u00a0ett engagemang i Svenska kyrkans unga bakom mig, s\u00e5 jag har nog mycket\u00a0mer inflytande i organisationen \u00e4n en typisk medlem. Men n\u00e4r jag\u00a0f\u00f6rs\u00f6kte intervjua folk kom det fram att det inte r\u00e4ckte. Jag har\u00a0f\u00f6rs\u00f6kt kontakta politiker i kyrkom\u00f6tet, men om de har svarat har de\u00a0svarat undvikande om att de inte har koll p\u00e5 situationen och inte vill\u00a0uttala sig.<\/p>\n<p>Jag har pratat med biskopen i det ansvariga stiftet som\u00a0menade att det inte var en fr\u00e5ga f\u00f6r honom att hantera. Han h\u00e4nvisade\u00a0till att det kan bli en fr\u00e5ga f\u00f6r domkapitlet eller Svenska kyrkans\u00a0r\u00e4ttsavdelning, men annars \u00e4r det en fr\u00e5ga f\u00f6r den enskilda\u00a0f\u00f6rsamlingen. Jag har genom kyrkokansliet f\u00f6rs\u00f6kt f\u00e5 kontakt med bland\u00a0annat r\u00e5det f\u00f6r Svenska kyrkan i utlandet, men kyrkokansliet har v\u00e4grat\u00a0l\u00e4mna ut kontaktuppgifter med h\u00e4nvisning till att det inte \u00e4r deras sak\u00a0att hantera och att jag ska v\u00e4nda mig till f\u00f6rsamlingen i fr\u00e5ga\u00a0ist\u00e4llet.<\/p>\n<p>De har p\u00e5st\u00e5tt att skolan inte har n\u00e5gonting med svenska\u00a0kyrkan att g\u00f6ra utan att det \u00e4r en \u201dsj\u00e4lvst\u00e4ndig stiftelse\u201d. Trots att\u00a0skolan sj\u00e4lva \u00e4r tydliga med att deras huvudman \u00e4r Svenska kyrkan i\u00a0Berlin och att deras kyrkoherde \u00e4r VD.<\/p>\n<p>Har Svenska kyrkan n\u00e5got juridiskt ansvar? \u00c4r de lagligen skyldiga att\u00a0se till att deras f\u00f6rsamlingar inte f\u00f6r en antifacklig personalpolitik.\u00a0Jag \u00e4r ingen jurist, men jag skulle inte v\u00e5ga p\u00e5st\u00e5 att de har den\u00a0skyldigheten in. Men n\u00e5gonstans kommer etiken in. Vi \u00e4r en kristen\u00a0organisation som syftar till att g\u00e5 i kristna fotsp\u00e5r. Den kristne som\u00a0n\u00f6jt sig med att g\u00f6ra formellt r\u00e4tt f\u00f6r sig har aldrig f\u00f6r\u00e4ndrat varken\u00a0kyrkan eller v\u00e4rlden.<\/p>\n<p>Fr\u00e5n p\u00e5skuppropet till sommarens antifascistiska\u00a0retorik har Svenska kyrkan gjort anspr\u00e5k p\u00e5 att f\u00f6rsvara de svaga. Men\u00a0n\u00e4r det v\u00e4l kommer till kritan v\u00e4ljer Svenska kyrkan att genom sin\u00a0passivitet st\u00e4lla sig p\u00e5 Svenska kyrkan i Berlins sida, p\u00e5 motsatt sida\u00a0av de sparkade arbetarna. Genom sin passivitet st\u00f6djer Svenska kyrkan\u00a0den union busting som sker i sin f\u00f6rsamling i Berlin.\u00a0Senaste kyrkovalet var det f\u00f6rsta d\u00e4r jag fick r\u00f6sta. Inget parti lovade\u00a0att k\u00e4mpa f\u00f6r fackliga r\u00e4ttigheter i kyrkan. Sorgligt nog misst\u00e4nker jag\u00a0att inte heller n\u00e4sta kyrkoval kommer att handla om fackliga r\u00e4ttigheter.<\/p>\n<\/div>\n","protected":false},"excerpt":{"rendered":"<p>Svenska kyrkans skola i Berlin \u00e4gnar sig \u00e5t klassisk \u201dunion busting\u201d, och h\u00e4r i Sverige duckar kyrkan och ger ett passivt godk\u00e4nnande av antifackliga metoder, skriver Isak Gerson. N\u00e4r jag gick in i researchen inf\u00f6r den h\u00e4r texten t\u00e4nkte jag att det\u00a0skulle vara en text om hur vi som kyrkomedlemmar kan p\u00e5verka kyrkan.\u00a0Konflikten som texten [&hellip;]<\/p>\n","protected":false},"author":1,"featured_media":0,"comment_status":"open","ping_status":"open","sticky":false,"template":"","format":"standard","meta":{"footnotes":""},"categories":[3],"tags":[],"class_list":["post-45","post","type-post","status-publish","format-standard","hentry","category-dagens-seglora"],"_links":{"self":[{"href":"https:\/\/www.isakgerson.se\/blog\/wp-json\/wp\/v2\/posts\/45","targetHints":{"allow":["GET"]}}],"collection":[{"href":"https:\/\/www.isakgerson.se\/blog\/wp-json\/wp\/v2\/posts"}],"about":[{"href":"https:\/\/www.isakgerson.se\/blog\/wp-json\/wp\/v2\/types\/post"}],"author":[{"embeddable":true,"href":"https:\/\/www.isakgerson.se\/blog\/wp-json\/wp\/v2\/users\/1"}],"replies":[{"embeddable":true,"href":"https:\/\/www.isakgerson.se\/blog\/wp-json\/wp\/v2\/comments?post=45"}],"version-history":[{"count":1,"href":"https:\/\/www.isakgerson.se\/blog\/wp-json\/wp\/v2\/posts\/45\/revisions"}],"predecessor-version":[{"id":245,"href":"https:\/\/www.isakgerson.se\/blog\/wp-json\/wp\/v2\/posts\/45\/revisions\/245"}],"wp:attachment":[{"href":"https:\/\/www.isakgerson.se\/blog\/wp-json\/wp\/v2\/media?parent=45"}],"wp:term":[{"taxonomy":"category","embeddable":true,"href":"https:\/\/www.isakgerson.se\/blog\/wp-json\/wp\/v2\/categories?post=45"},{"taxonomy":"post_tag","embeddable":true,"href":"https:\/\/www.isakgerson.se\/blog\/wp-json\/wp\/v2\/tags?post=45"}],"curies":[{"name":"wp","href":"https:\/\/api.w.org\/{rel}","templated":true}]}}