{"id":41,"date":"2014-10-01T11:27:46","date_gmt":"2014-10-01T11:27:46","guid":{"rendered":"https:\/\/copyisright.se\/?p=41"},"modified":"2026-01-11T18:53:39","modified_gmt":"2026-01-11T18:53:39","slug":"visa-att-det-finns-poang-med-kyrkopolitiken-dagens-seglora","status":"publish","type":"post","link":"https:\/\/www.isakgerson.se\/blog\/dagens-seglora\/visa-att-det-finns-poang-med-kyrkopolitiken-dagens-seglora\/","title":{"rendered":"Visa att det finns po\u00e4ng med kyrkopolitiken (Dagens Seglora)"},"content":{"rendered":"<p><strong>Arbetarr\u00f6relsens parlamentariker sviker. D\u00e5\u00a0f\u00e5r vi inte n\u00f6ja oss med att hoppas p\u00e5 f\u00f6rb\u00e4ttring vart fj\u00e4rde \u00e5r, skriver Isak Gerson.<\/strong><\/p>\n<div class=\"post-content\">\n<p>Jag tycker mycket om id\u00e9n bakom Svenska kyrkans partipolitiska system. Att ha varit aktiv i en annan f\u00f6rening som ocks\u00e5 styrs ett partipolitiskt system \u2013 Uppsala studentk\u00e5r \u2013 har inte f\u00e5tt mig att uppskatta det mindre. Partival ist\u00e4llet f\u00f6r personval har en hel del positiva effekter. Det ger r\u00f6stare en b\u00e4ttre \u00f6versikt \u00f6ver valm\u00f6jligheterna d\u00e5 det \u00e4r l\u00e4ttare att h\u00e5lla koll p\u00e5 ett par partier \u00e4n j\u00e4ttem\u00e5nga kandidater. Det g\u00f6r det l\u00e4ttare att utf\u00e4rda politiska l\u00f6ften. Men framf\u00f6r allt tydligg\u00f6r det konfliktlinjerna f\u00f6reningens interna politiska strider. N\u00e4r vi r\u00f6star p\u00e5 ett parti till v\u00e4nster vet vi att det \u00e4r v\u00e4nsterpolitik vi f\u00e5r.<\/p>\n<p>I b\u00e4sta fall.<\/p>\n<p>I kyrkom\u00f6tet sitter idag tv\u00e5 partier som i n\u00e5gon m\u00e5n f\u00e5r s\u00e4gas ha r\u00f6tter i arbetarr\u00f6relsen. Ett av dem r\u00f6stade jag sj\u00e4lv p\u00e5 i senaste kyrkovalet. Ett halv\u00e5r in i den fackliga konflikten i Svenska kyrkans skola i Berlin har jag fortfarande inte h\u00f6rt ett knyst fr\u00e5n n\u00e5got av partierna. Inte ens dementier av det p\u00e5st\u00e5dda h\u00e4ndelsef\u00f6rloppet. Inte ens d\u00e5liga urs\u00e4kter om att fr\u00e5gan ska utredas.<\/p>\n<p>Med tanke p\u00e5 hur lugna striderna i kyrkopolitiken brukar vara kan jag f\u00f6rst\u00e5 att h\u00f6gafflarna inte kommit fram \u00e4n. Men intrycket jag f\u00e5r \u00e4r att det inte \u00e4r pinsamt alls f\u00f6r f\u00f6retr\u00e4dare f\u00f6r arbetarr\u00f6relsen att vara med och styra en organisation som rycker upp fackligt organiserade arbetare vid r\u00f6tterna och avskedar dem? T\u00e4nker de inte ens kommentera att de styr en organisation som ligger i konflikt med ett fackf\u00f6rbund som organiserar deras arbetare?<\/p>\n<p>Ibland kommer jag p\u00e5 mig sj\u00e4lv med att t\u00e4nka \u201cjag hoppas att n\u00e5got parti tar upp det h\u00e4r i n\u00e4sta kyrkoval\u201d, men sedan kommer jag p\u00e5 hur sorglig den tanken \u00e4r. Att vi var fj\u00e4rde \u00e5r ska f\u00e5 chans att, om partierna \u00e4r v\u00e5ra \u00e5sikter n\u00e5diga, kanske kunna p\u00e5verka kyrkan som organisation. Och om arbetarr\u00f6relsens partier inte bryr sig om de antifackliga metoderna idag, varf\u00f6r skulle de g\u00f6ra det 2017?<\/p>\n<p>Om det ska finnas en po\u00e4ng med kyrkans parlamentariska system (vilket jag \u00e4nd\u00e5 n\u00e5gonstans vill) \u00e4r det dags att partierna visar det nu. Det r\u00e4cker inte att partierna har en stel samling vall\u00f6ften att infria varje val. Det kr\u00e4vs ocks\u00e5 att de h\u00e5ller sig till den ideologi de verkar inom (efter att ha \u00f6versatt den till en kyrklig och kristen kontext, s\u00e5klart). Om inte partierna kan ge oss den f\u00f6reningspolitik vi beh\u00f6ver som organisation kommer vi att beh\u00f6va v\u00e4nda oss n\u00e5gon annanstans f\u00f6r att hitta den. I b\u00e4sta fall v\u00e4nder vi oss till varandra och hittar den ideologiska ryggraden.<\/p>\n<\/div>\n","protected":false},"excerpt":{"rendered":"<p>Arbetarr\u00f6relsens parlamentariker sviker. D\u00e5\u00a0f\u00e5r vi inte n\u00f6ja oss med att hoppas p\u00e5 f\u00f6rb\u00e4ttring vart fj\u00e4rde \u00e5r, skriver Isak Gerson. Jag tycker mycket om id\u00e9n bakom Svenska kyrkans partipolitiska system. Att ha varit aktiv i en annan f\u00f6rening som ocks\u00e5 styrs ett partipolitiskt system \u2013 Uppsala studentk\u00e5r \u2013 har inte f\u00e5tt mig att uppskatta det mindre. [&hellip;]<\/p>\n","protected":false},"author":1,"featured_media":0,"comment_status":"open","ping_status":"open","sticky":false,"template":"","format":"standard","meta":{"footnotes":""},"categories":[3],"tags":[],"class_list":["post-41","post","type-post","status-publish","format-standard","hentry","category-dagens-seglora"],"_links":{"self":[{"href":"https:\/\/www.isakgerson.se\/blog\/wp-json\/wp\/v2\/posts\/41","targetHints":{"allow":["GET"]}}],"collection":[{"href":"https:\/\/www.isakgerson.se\/blog\/wp-json\/wp\/v2\/posts"}],"about":[{"href":"https:\/\/www.isakgerson.se\/blog\/wp-json\/wp\/v2\/types\/post"}],"author":[{"embeddable":true,"href":"https:\/\/www.isakgerson.se\/blog\/wp-json\/wp\/v2\/users\/1"}],"replies":[{"embeddable":true,"href":"https:\/\/www.isakgerson.se\/blog\/wp-json\/wp\/v2\/comments?post=41"}],"version-history":[{"count":1,"href":"https:\/\/www.isakgerson.se\/blog\/wp-json\/wp\/v2\/posts\/41\/revisions"}],"predecessor-version":[{"id":246,"href":"https:\/\/www.isakgerson.se\/blog\/wp-json\/wp\/v2\/posts\/41\/revisions\/246"}],"wp:attachment":[{"href":"https:\/\/www.isakgerson.se\/blog\/wp-json\/wp\/v2\/media?parent=41"}],"wp:term":[{"taxonomy":"category","embeddable":true,"href":"https:\/\/www.isakgerson.se\/blog\/wp-json\/wp\/v2\/categories?post=41"},{"taxonomy":"post_tag","embeddable":true,"href":"https:\/\/www.isakgerson.se\/blog\/wp-json\/wp\/v2\/tags?post=41"}],"curies":[{"name":"wp","href":"https:\/\/api.w.org\/{rel}","templated":true}]}}