{"id":37,"date":"2014-12-01T11:26:13","date_gmt":"2014-12-01T11:26:13","guid":{"rendered":"https:\/\/copyisright.se\/?p=37"},"modified":"2026-01-11T18:53:51","modified_gmt":"2026-01-11T18:53:51","slug":"guds-rike-ar-en-plats-utan-vapen-dagens-seglora","status":"publish","type":"post","link":"https:\/\/www.isakgerson.se\/blog\/dagens-seglora\/guds-rike-ar-en-plats-utan-vapen-dagens-seglora\/","title":{"rendered":"Guds rike \u00e4r en plats utan vapen (Dagens Seglora)"},"content":{"rendered":"<h2><\/h2>\n<div class=\"post-content\">\n<p><strong>Vapnens n\u00e4rvaro f\u00f6der misstankens regim mellan m\u00e4nniskor. D\u00e4r kan inte k\u00e4rlek och respekt v\u00e4xa. Ett v\u00e4rdigt samh\u00e4lle anv\u00e4nder inte v\u00e5ld, skriver Isak Gerson.<\/strong><\/p>\n<p>Vi \u00e4r i\u00a0advent, men n\u00e5gon ankomst av ett Guds rike f\u00e5r vi nog forts\u00e4tta v\u00e4nta p\u00e5 l\u00e4nge till. Med bara en knapp m\u00e5nad kvar till jul har vi fortfarande inte br\u00e4nt upp varken skon som krigaren bar i stridslarmet eller manteln som s\u00f6lades i blod. Inte heller har vi b\u00f6rjat smida om n\u00e5gra sv\u00e4rd till plogbillar eller n\u00e5gra spjut till ving\u00e5rdsknivar. Vi lyfter fortfarande sv\u00e4rd mot varandra och trots att v\u00e4rnplikten inte \u00e4r obligatorisk l\u00e4ngre l\u00e4r sig folk fortfarande i allra h\u00f6gsta grad att strida i f\u00f6rsvaret s\u00e5v\u00e4l som p\u00e5 polish\u00f6gskolorna.<\/p>\n<p>Att b\u00e4ra ett vapen \u00e4r en ohygglig form av makt en tar sig \u00f6ver andra. Det \u00e4r att villkora andras liv och h\u00e4lsa med att de lyder en. Inte bara \u00e4r vapenv\u00e5ldet statligt sanktionerat, vi har dessutom byggt hela v\u00e5rt politiska system omkring det. Vi lever i ett land d\u00e4r produktionen p\u00e5 m\u00e5nga s\u00e4tt bygger p\u00e5 strukturella or\u00e4ttvisor. De som \u00e4ger utnyttjar kroppar och tid hos de som inte \u00e4ger, lokalt i v\u00e5ra fabriker och globalt. F\u00f6r att or\u00e4ttvisorna ska kunna best\u00e5 finns en milit\u00e4r, en gr\u00e4nspolis och en polisk\u00e5r som med v\u00e5ld och f\u00e4ngelser ser till att det f\u00f6rtryckande systemet uppr\u00e4tth\u00e5lls.<\/p>\n<p>Vad inneb\u00e4r det att vi bygger v\u00e5rt samh\u00e4lle p\u00e5 den makten? Det inneb\u00e4r s\u00e5klart m\u00e4ngder av mord, skador och frihetsber\u00f6vanden. Men inneb\u00e4r det n\u00e5got mer? En sak det inneb\u00e4r \u00e4r att vi tvingas v\u00e4lja mellan v\u00e5r egen h\u00e4lsa och v\u00e5r plats i det h\u00e4r systemet. Gl\u00f6mmer vi n\u00e5gonsin bort det p\u00e5minns vi om det regelbundet, av alla som f\u00f6rs\u00f6kt. Vad det ocks\u00e5 inneb\u00e4r \u00e4r att vi l\u00e4r oss v\u00e5ld som en legitim konfliktl\u00f6sningsmetod. Har din hungriga n\u00e4sta snattat mat \u00e4r den b\u00e4sta l\u00f6sningen inte alltid att ringa polisen.<\/p>\n<p>Vill vi p\u00e5 allvar l\u00f6sa fr\u00e5gor om kriminalitet kan vi g\u00f6ra det och fortfarande behandla varandra med v\u00e4rdighet, k\u00e4rlek och respekt. Med ett f\u00f6rebyggande arbete mot segregation och klassklyftor, mot missbruk och mot maktstrukturer, mot den kultur av v\u00e5ld som r\u00e5der i samh\u00e4llet. Men det kr\u00e4ver nog att vi ger upp v\u00e5r oj\u00e4mlikhet. Jag v\u00e4ntar p\u00e5 ankomsten av det modet. Hur m\u00e5nga ljus ska jag beh\u00f6va t\u00e4nda till dess?<\/p>\n<\/div>\n","protected":false},"excerpt":{"rendered":"<p>Vapnens n\u00e4rvaro f\u00f6der misstankens regim mellan m\u00e4nniskor. D\u00e4r kan inte k\u00e4rlek och respekt v\u00e4xa. Ett v\u00e4rdigt samh\u00e4lle anv\u00e4nder inte v\u00e5ld, skriver Isak Gerson. Vi \u00e4r i\u00a0advent, men n\u00e5gon ankomst av ett Guds rike f\u00e5r vi nog forts\u00e4tta v\u00e4nta p\u00e5 l\u00e4nge till. Med bara en knapp m\u00e5nad kvar till jul har vi fortfarande inte br\u00e4nt upp [&hellip;]<\/p>\n","protected":false},"author":1,"featured_media":0,"comment_status":"open","ping_status":"open","sticky":false,"template":"","format":"standard","meta":{"footnotes":""},"categories":[3],"tags":[],"class_list":["post-37","post","type-post","status-publish","format-standard","hentry","category-dagens-seglora"],"_links":{"self":[{"href":"https:\/\/www.isakgerson.se\/blog\/wp-json\/wp\/v2\/posts\/37","targetHints":{"allow":["GET"]}}],"collection":[{"href":"https:\/\/www.isakgerson.se\/blog\/wp-json\/wp\/v2\/posts"}],"about":[{"href":"https:\/\/www.isakgerson.se\/blog\/wp-json\/wp\/v2\/types\/post"}],"author":[{"embeddable":true,"href":"https:\/\/www.isakgerson.se\/blog\/wp-json\/wp\/v2\/users\/1"}],"replies":[{"embeddable":true,"href":"https:\/\/www.isakgerson.se\/blog\/wp-json\/wp\/v2\/comments?post=37"}],"version-history":[{"count":1,"href":"https:\/\/www.isakgerson.se\/blog\/wp-json\/wp\/v2\/posts\/37\/revisions"}],"predecessor-version":[{"id":248,"href":"https:\/\/www.isakgerson.se\/blog\/wp-json\/wp\/v2\/posts\/37\/revisions\/248"}],"wp:attachment":[{"href":"https:\/\/www.isakgerson.se\/blog\/wp-json\/wp\/v2\/media?parent=37"}],"wp:term":[{"taxonomy":"category","embeddable":true,"href":"https:\/\/www.isakgerson.se\/blog\/wp-json\/wp\/v2\/categories?post=37"},{"taxonomy":"post_tag","embeddable":true,"href":"https:\/\/www.isakgerson.se\/blog\/wp-json\/wp\/v2\/tags?post=37"}],"curies":[{"name":"wp","href":"https:\/\/api.w.org\/{rel}","templated":true}]}}