{"id":33,"date":"2015-02-02T11:23:58","date_gmt":"2015-02-02T11:23:58","guid":{"rendered":"https:\/\/copyisright.se\/?p=33"},"modified":"2026-01-11T18:54:00","modified_gmt":"2026-01-11T18:54:00","slug":"byrakratin-far-aldrig-vinna-over-moralen-dagens-seglora","status":"publish","type":"post","link":"https:\/\/www.isakgerson.se\/blog\/dagens-seglora\/byrakratin-far-aldrig-vinna-over-moralen-dagens-seglora\/","title":{"rendered":"Byr\u00e5kratin f\u00e5r aldrig vinna \u00f6ver moralen (Dagens Seglora)"},"content":{"rendered":"<p><strong>Poliser och handl\u00e4ggare \u00e4r aldrig bara tj\u00e4nstem\u00e4n. De handl\u00e4gger politiska beslut fattade utifr\u00e5n politisk ideologi, och d\u00e4rf\u00f6r agerar de ocks\u00e5 i en politisk verklighet.\u00a0Historien s\u00e4ger oss att vi aldrig f\u00e5r l\u00e5ta byr\u00e5kratin vinna \u00f6ver den egna moraliska kompassen, skriver Isak Gerson.<\/strong><\/p>\n<div class=\"post-content\">\n<p>Om det \u00e4r n\u00e5got som jag aldrig kunnat greppa med den tyska nazismens natur \u00e4r det nog slitningarna mellan det extremt rationella och dess motsats. Det skildras bra i de delar av filmen om Hannah Arendt fr\u00e5n 2012 som handlade om Adolf Eichmann. Och hans roll som noggrann och duktig byr\u00e5krat med ena handen, och massutrotare med andra handen. Visst kan jag se en logik av egenintresse i mycket strukturell rasism, men jag kan inte f\u00f6rst\u00e5 det p\u00e5 n\u00e5got annat s\u00e4tt \u00e4n att f\u00f6rintelsen g\u00e5r bortom det. Samtidigt som Tyskland f\u00f6rde ett krig p\u00e5 alla fronter prioriterades resurser, arbetskraft, t\u00e5g och material till att f\u00f6rinta minoriteter som inte p\u00e5 n\u00e5got s\u00e4tt utgjorde n\u00e5got slags hot. Och det maskineriet som utf\u00f6rde f\u00f6rintelsen var troligtvis det mest sofistikerade f\u00f6rintelsemaskineriet f\u00f6r sin tid.<\/p>\n<p>F\u00f6rsta g\u00e5ngen jag slogs av tanken var n\u00e4r jag under en resa bes\u00f6kte b\u00e5de ett koncentrationsl\u00e4ger och museet om Wannseekonferensen. Under Wannseekonferensen planerades hur det judiska folket slutligen skulle f\u00f6rintas helt. Fr\u00e5gan n\u00e4rmades som en administrativ fr\u00e5ga. Beslutet att utrota judarna fanns redan.<\/p>\n<p>Senaste g\u00e5ngen jag erfor den sp\u00e4nningen mellan rationalitet och irrationalitet var n\u00e4r jag i somras bes\u00f6kte museet \u00f6ver Warsawaupproret i Warsawa. Sj\u00e4lva upproret i sig \u00e4r inte det intressanta h\u00e4r, ut\u00f6ver att upproret, 1944, misslyckades i slut\u00e4ndan. Det intressanta \u00e4r nazisternas svar p\u00e5 upproret. Staden evakuerades. De flesta skickades till olika l\u00e4ger. Mellan 150 000 och 200 000 civila m\u00f6rdades. Himmler beordrade att staden skulle j\u00e4mnas med marken, och den tyska arm\u00e9n kom r\u00e4tt l\u00e5ngt i det projektet innan Warszawa befriades fr\u00e5n nazistockupation.<\/p>\n<p>Vad kan vi l\u00e4ra oss av den slitning mellan rationalitet och irrationalitet vi ser i den nazistiska f\u00f6rintelseadministrationen? Kanske \u00e4r den f\u00f6rsta l\u00e4xan att vi inte \u00e4r s\u00e5 rationella och simpla som vi ibland tror om oss sj\u00e4lva. Det finns mycket mer i v\u00e5rt agerande \u00e4n ber\u00e4knat egenintresse. De psykologiska och sociologiska mekanismerna kring det beh\u00f6ver vi fortfarande studera.<\/p>\n<p>Men kanske m\u00e5ste vi ocks\u00e5 l\u00e4ra oss att det inte finns n\u00e5got neutralt administrat\u00f6rskap. En handl\u00e4ggare eller tj\u00e4nsteman \u00e4r aldrig bara en handl\u00e4ggare eller tj\u00e4nsteman. V\u00e4rdet av civilkurage \u00e4r knappast n\u00e5got jag beh\u00f6ver predika om. Det finns det en hel del samh\u00e4llelig f\u00f6rst\u00e5else kring, och jag tror \u00e4nd\u00e5 att civilkurage har v\u00e4ldigt begr\u00e4nsade politiska m\u00f6jligheter.<\/p>\n<p>Men vi utformar fortfarande mycket av v\u00e5ra politiska beslut genom att l\u00e5tsas att de \u00e4r administrativa beslut. Politik ses mer och mer som ett f\u00f6rvaltarskap \u00e4n en politisk r\u00f6relse. Samtidigt kommer beslutsfattare l\u00e4tt undan beslut eller problem de ansvarar f\u00f6r genom att skylla p\u00e5 till\u00e4mpningen. \u00d6ver hela det parlamentariska spektrat r\u00e5n V\u00e4nsterpartiet till v\u00e4nster till Sverigedemokraterna till h\u00f6ger finns en enighet kring polisers och myndighetstj\u00e4nstem\u00e4ns administrativa roll i en tid d\u00e4r vi verkligen beh\u00f6ver prata om deras politiska roll.<\/p>\n<p>S\u00e5 l\u00e4nge som vi ser poliser och handl\u00e4ggare som politiskt neutrala funktioner som inte beh\u00f6ver n\u00e5gon st\u00f6rre politisk styrning kommer vi nog aldrig f\u00f6rst\u00e5 varf\u00f6r poliser inte g\u00f6r n\u00e5got \u00e5t fascistisk terror. Eller varf\u00f6r beslut i asyl\u00e4renden fattas tv\u00e4rtemot de asyls\u00f6kandes r\u00e4ttigheter. Eller varf\u00f6r kommunerna och staten misslyckas s\u00e5 att st\u00f6tta de romska migranter som kommit till Sverige. Det \u00e4r politisk ideologi som ligger till grunden f\u00f6r besluten, men s\u00e5 l\u00e4nge som de ses som polisi\u00e4ra \u00e4renden eller tj\u00e4nstemanna\u00e4renden \u00e4r det sv\u00e5rt f\u00f6r oss att diskutera och f\u00f6r\u00e4ndra den ideologin.<\/p>\n<\/div>\n","protected":false},"excerpt":{"rendered":"<p>Poliser och handl\u00e4ggare \u00e4r aldrig bara tj\u00e4nstem\u00e4n. De handl\u00e4gger politiska beslut fattade utifr\u00e5n politisk ideologi, och d\u00e4rf\u00f6r agerar de ocks\u00e5 i en politisk verklighet.\u00a0Historien s\u00e4ger oss att vi aldrig f\u00e5r l\u00e5ta byr\u00e5kratin vinna \u00f6ver den egna moraliska kompassen, skriver Isak Gerson. Om det \u00e4r n\u00e5got som jag aldrig kunnat greppa med den tyska nazismens natur [&hellip;]<\/p>\n","protected":false},"author":1,"featured_media":0,"comment_status":"open","ping_status":"open","sticky":false,"template":"","format":"standard","meta":{"footnotes":""},"categories":[3],"tags":[],"class_list":["post-33","post","type-post","status-publish","format-standard","hentry","category-dagens-seglora"],"_links":{"self":[{"href":"https:\/\/www.isakgerson.se\/blog\/wp-json\/wp\/v2\/posts\/33","targetHints":{"allow":["GET"]}}],"collection":[{"href":"https:\/\/www.isakgerson.se\/blog\/wp-json\/wp\/v2\/posts"}],"about":[{"href":"https:\/\/www.isakgerson.se\/blog\/wp-json\/wp\/v2\/types\/post"}],"author":[{"embeddable":true,"href":"https:\/\/www.isakgerson.se\/blog\/wp-json\/wp\/v2\/users\/1"}],"replies":[{"embeddable":true,"href":"https:\/\/www.isakgerson.se\/blog\/wp-json\/wp\/v2\/comments?post=33"}],"version-history":[{"count":1,"href":"https:\/\/www.isakgerson.se\/blog\/wp-json\/wp\/v2\/posts\/33\/revisions"}],"predecessor-version":[{"id":250,"href":"https:\/\/www.isakgerson.se\/blog\/wp-json\/wp\/v2\/posts\/33\/revisions\/250"}],"wp:attachment":[{"href":"https:\/\/www.isakgerson.se\/blog\/wp-json\/wp\/v2\/media?parent=33"}],"wp:term":[{"taxonomy":"category","embeddable":true,"href":"https:\/\/www.isakgerson.se\/blog\/wp-json\/wp\/v2\/categories?post=33"},{"taxonomy":"post_tag","embeddable":true,"href":"https:\/\/www.isakgerson.se\/blog\/wp-json\/wp\/v2\/tags?post=33"}],"curies":[{"name":"wp","href":"https:\/\/api.w.org\/{rel}","templated":true}]}}