{"id":31,"date":"2015-02-17T11:22:42","date_gmt":"2015-02-17T11:22:42","guid":{"rendered":"https:\/\/copyisright.se\/?p=31"},"modified":"2026-01-11T18:54:05","modified_gmt":"2026-01-11T18:54:05","slug":"flashback-sviker-sina-anvandare-dagens-seglora","status":"publish","type":"post","link":"https:\/\/www.isakgerson.se\/blog\/dagens-seglora\/flashback-sviker-sina-anvandare-dagens-seglora\/","title":{"rendered":"Flashback sviker sina anv\u00e4ndare (Dagens Seglora)"},"content":{"rendered":"<p><strong>Det \u00e4r inte Aftonbladets fel att Flashback givit tomma garantier om anonymitet. Det \u00e4r inte synd om uth\u00e4ngda n\u00e4thatare, skriver Isak Gerson.<\/strong><\/p>\n<div class=\"post-content\">\n<p>Researchgruppen \u00e4r i stormv\u00e4der igen. Det finns mycket att s\u00e4ga, av minst sagt varierande kvalitet, men det finns en sak som jag tror fortfarande inte sagts.<\/p>\n<p>F\u00f6rst av allt tar vi konflikten i fr\u00e5ga. Researchgruppen \u00e4r ett g\u00e4ng gr\u00e4vande journalister med n\u00e5gon slags v\u00e4nsterbakgrund. De \u00e4r mest k\u00e4nda f\u00f6r gr\u00e4vet de gjorde p\u00e5 kommentarer genom kommentarsf\u00e4ltverktyget Disqus, d\u00e4r de kunde visa att m\u00e5nga folkvalda skrivit v\u00e4ldigt hatiska och ofta olagliga kommentarer p\u00e5 internet. Deras senaste gr\u00e4v har de gjort p\u00e5 kommentarer p\u00e5 n\u00e4tforumet Flashback, med hj\u00e4lp av ett medlemsregister med personuppgifter de f\u00e5tt tag p\u00e5.<\/p>\n<p>Det\u00a0<a href=\"http:\/\/jortsmichael.tumblr.com\/post\/110901382768\/sociala-medieexperter-kan-ga-och-knulla-en-javla\" target=\"_blank\" rel=\"noopener noreferrer\">stora argumentet f\u00f6r gr\u00e4vet<\/a>\u00a0\u00e4r att mycket av det som h\u00e4nder p\u00e5 Flashback \u00e4r ett demokratiproblem, att det \u00e4r s\u00e5 fritt f\u00f6r Flashbackmedlemmar att hota journalister och politiker och att det g\u00f6der fascistiska krafter. Innan granskningarna blev Flashback t.ex. k\u00e4nt f\u00f6r att br\u00e4nder, v\u00e5ld och sabotage mot romska l\u00e4ger\u00a0<a href=\"http:\/\/sverigesradio.se\/sida\/avsnitt\/430201?programid=3052\" target=\"_blank\" rel=\"noopener noreferrer\">koordinerades p\u00e5 Flashback<\/a>. De som \u00e4r kritiska till gr\u00e4vet \u00e4r det framf\u00f6r allt f\u00f6r att de \u00e4r oroliga \u00f6ver\u00a0<a href=\"http:\/\/www.aftonbladet.se\/debatt\/debattamnen\/medier\/article20307287.ab\" target=\"_blank\" rel=\"noopener noreferrer\">flashbackmedlemmarnas anonymitet<\/a>.<\/p>\n<p>Jag har inget intressant att tillf\u00f6ra den diskussionen, men det finns en annan fr\u00e5ga jag vill komma till, och det \u00e4r Flashbacks ansvar.\u00a0<a href=\"http:\/\/www.medievarlden.se\/hur-ska-aftonbladet-granska-flashback\" target=\"_blank\" rel=\"noopener noreferrer\">Mediev\u00e4rlden ifr\u00e5gas\u00e4tter<\/a>\u00a0att folk \u00e4r mer bekv\u00e4ma med att Flashbacks administrat\u00f6rer har uppgifterna bakom Flashbackanv\u00e4ndarna \u00e4n att faktiska journalister och publicister har det. \u00d6verhuvudtaget pratas det v\u00e4ldigt lite om Flashbacks administrat\u00f6rer. Flashback sj\u00e4lva vet att deras medlemmar r\u00e4knar med att de garanterar den anonymitet medlemmarna iallafall tidigare r\u00e4knat med att de har. Annars hade folk aldrig skrivit s\u00e5 mycket privat information eller skrutit s\u00e5 mycket om sina brott. Jag vet inte om Flashback n\u00e5gonsin skriver ut den garantin i tydlig text, men medlemmarna antar definitivt att den finns d\u00e4r.<\/p>\n<p>Men har Flashbackadministrat\u00f6rerna tagit det ansvaret? Researchgruppen sj\u00e4lva h\u00e4vdar att de f\u00e5tt medlemsregistret. Det inneb\u00e4r att Flashback antingen har v\u00e4ldigt d\u00e5liga personuppgiftsrutiner eller att de faktiskt vill sina medlemmar illa. Men ponera att Researchgruppen ljuger, att de faktiskt f\u00e5tt tag p\u00e5 medlemsregistret via s\u00e4kerhetsh\u00e5l. Varf\u00f6r finns s\u00e5dana s\u00e4kerhetsh\u00e5l fr\u00e5n f\u00f6rsta b\u00f6rjan? F\u00f6r att sidans administrat\u00f6rer inte l\u00e4gger tillr\u00e4ckliga resurser p\u00e5 att garantera medlemmarnas anonymitet.<\/p>\n<p>Som anv\u00e4ndare b\u00f6r du kunna lita p\u00e5 de tj\u00e4nster du anv\u00e4nder. Om en sida p\u00e5st\u00e5r att medlemmarna \u00e4r anonyma p\u00e5 sidan b\u00f6r de informera om sina s\u00e4kerhetsbrister. Annars h\u00e4nder s\u00e5dant h\u00e4r. Flashback har lurat m\u00e4ngder av medlemmar. Jag har inget medlidande alls f\u00f6r de Flashbackanv\u00e4ndare som anonymt f\u00f6rtalat och hetsat mot mitt ex i en i skrivande stund 146 sidor l\u00e5ng tr\u00e5d. Inte heller f\u00f6r de flashbackanv\u00e4ndare som med dr\u00f6mmen om en framtida utrensning pratat om min judiska bakgrund.<\/p>\n<p>Men f\u00f6r de som faktiskt v\u00e4nt sig till Flashbacks relationsakut eller v\u00e4nt sig till Flashback med psykiska problem har Flashback svikit. Det finns inte en enda del av mig som tror att Researchgruppen kommer att h\u00e4nga ut n\u00e5gon av dessa personer. Men vad de visat \u00e4r att om de kan f\u00e5 tag p\u00e5 registret s\u00e5 kan \u00e4ven andra g\u00f6ra det.<\/p>\n<p>Samtidigt som de medlemmarna f\u00e5r sin identitet r\u00f6jd f\u00f6r att Flashback har f\u00f6r d\u00e5liga rutiner kring sin s\u00e4kerhet har sidan givit\u00a0<a href=\"http:\/\/www.aftonbladet.se\/nyheter\/article20291531.ab\" target=\"_blank\" rel=\"noopener noreferrer\">vinster p\u00e5 nio miljoner kronor<\/a>. Grundaren Jan Axelsson plockade i v\u00e5ras ut en miljon kronor.<\/p>\n<\/div>\n","protected":false},"excerpt":{"rendered":"<p>Det \u00e4r inte Aftonbladets fel att Flashback givit tomma garantier om anonymitet. Det \u00e4r inte synd om uth\u00e4ngda n\u00e4thatare, skriver Isak Gerson. Researchgruppen \u00e4r i stormv\u00e4der igen. Det finns mycket att s\u00e4ga, av minst sagt varierande kvalitet, men det finns en sak som jag tror fortfarande inte sagts. F\u00f6rst av allt tar vi konflikten i [&hellip;]<\/p>\n","protected":false},"author":1,"featured_media":0,"comment_status":"open","ping_status":"open","sticky":false,"template":"","format":"standard","meta":{"footnotes":""},"categories":[3],"tags":[],"class_list":["post-31","post","type-post","status-publish","format-standard","hentry","category-dagens-seglora"],"_links":{"self":[{"href":"https:\/\/www.isakgerson.se\/blog\/wp-json\/wp\/v2\/posts\/31","targetHints":{"allow":["GET"]}}],"collection":[{"href":"https:\/\/www.isakgerson.se\/blog\/wp-json\/wp\/v2\/posts"}],"about":[{"href":"https:\/\/www.isakgerson.se\/blog\/wp-json\/wp\/v2\/types\/post"}],"author":[{"embeddable":true,"href":"https:\/\/www.isakgerson.se\/blog\/wp-json\/wp\/v2\/users\/1"}],"replies":[{"embeddable":true,"href":"https:\/\/www.isakgerson.se\/blog\/wp-json\/wp\/v2\/comments?post=31"}],"version-history":[{"count":1,"href":"https:\/\/www.isakgerson.se\/blog\/wp-json\/wp\/v2\/posts\/31\/revisions"}],"predecessor-version":[{"id":251,"href":"https:\/\/www.isakgerson.se\/blog\/wp-json\/wp\/v2\/posts\/31\/revisions\/251"}],"wp:attachment":[{"href":"https:\/\/www.isakgerson.se\/blog\/wp-json\/wp\/v2\/media?parent=31"}],"wp:term":[{"taxonomy":"category","embeddable":true,"href":"https:\/\/www.isakgerson.se\/blog\/wp-json\/wp\/v2\/categories?post=31"},{"taxonomy":"post_tag","embeddable":true,"href":"https:\/\/www.isakgerson.se\/blog\/wp-json\/wp\/v2\/tags?post=31"}],"curies":[{"name":"wp","href":"https:\/\/api.w.org\/{rel}","templated":true}]}}