{"id":28,"date":"2015-04-30T11:21:20","date_gmt":"2015-04-30T11:21:20","guid":{"rendered":"https:\/\/copyisright.se\/?p=28"},"modified":"2026-01-11T18:54:10","modified_gmt":"2026-01-11T18:54:10","slug":"underkastelse-ar-karnan-i-kristen-anarkism-dagens-seglora","status":"publish","type":"post","link":"https:\/\/www.isakgerson.se\/blog\/dagens-seglora\/underkastelse-ar-karnan-i-kristen-anarkism-dagens-seglora\/","title":{"rendered":"Underkastelse \u00e4r k\u00e4rnan i kristen anarkism (Dagens Seglora)"},"content":{"rendered":"<p><strong>Samh\u00e4llet bygger p\u00e5 maktrelationer, men att underkasta sig religion ses ofta som negativt. Kanske finns svaret att s\u00f6ka i v\u00e5r syn p\u00e5 individ och kollektiv, skriver Isak Gerson.<\/strong><\/p>\n<div class=\"post-content\">\n<p>Kyrkan\u00a0har en v\u00e4ldigt sv\u00e5r historia med underkastelse, efter allt\u00a0samarbete den\u00a0haft med krigf\u00f6rande och koloniala stater.\u00a0Underkastelsen d\u00e5 handlade om underkastelse till adel och<br \/>\nkung, och slavars underkastelse till det koloniala systemet.\u00a0Och det \u00e4r synd, f\u00f6r det finns en annan underkastelse i\u00a0religionen, som jag verkligen tror att vi beh\u00f6ver.<\/p>\n<p>Men\u00a0det som var lydnad och underkastelse i det feodala samh\u00e4llet\u00a0blev individualitet och fritt val under kapitalismen.\u00a0Individen st\u00e5r sj\u00e4lv till svars f\u00f6r sina val och utformar\u00a0sj\u00e4lv sitt liv. Det kr\u00e4ver foglighet under l\u00f6nearbetet\u00a0och klassamh\u00e4llet, men folk ses \u00e4nd\u00e5 som rationella sm\u00e5\u00a0individer i ett stort n\u00e4t av individer som vi kallar\u00a0samh\u00e4llet. Som inte underkastar sig, utan som agerar fritt\u00a0efter eget beslut. Vi konsumerar, v\u00e4ljer, utvecklar oss\u00a0sj\u00e4lva, r\u00f6star p\u00e5 partiet som tilltalar oss, l\u00e4ser\u00a0debattartiklar och v\u00e4ljer sida.<\/p>\n<p>Och\u00a0s\u00e5 kommer religionen, som manar till underkastelse. Ordet\u00a0\u201cislam\u201d kommer just fr\u00e5n ordet f\u00f6r \u201cunderkastelse\u201d. Varje g\u00e5ng\u00a0vi firar m\u00e4ssa i kyrkan talar vi om att vi alla tillh\u00f6r samma\u00a0kropp som f\u00e5r del av samma br\u00f6d. Och d\u00e4r har vi n\u00e5got mer som\u00a0skaver: Kollektivitet.<\/p>\n<p>F\u00f6rsta\u00a0g\u00e5ngen jag t\u00e4nkte p\u00e5 hur mycket den kollektiviteten och\u00a0underkastelsen skavde var n\u00e4r jag lyssnade p\u00e5 podcasten \u201c<a href=\"https:\/\/itunes.apple.com\/se\/podcast\/kyrkan-och...\/id914544005?mt=2&amp;i=318389215\">Kyrkan\u00a0och\u2026<\/a>\u201d\u00a0och deras intervju med Tobias Elof Hadin i f\u00f6rsta avsnittet.\u00a0Tobias pratade om trosbek\u00e4nnelsen och att inte \u201ch\u00e5lla med om\u201d\u00a0vissa av grejerna i trosbek\u00e4nnelsen. Hans f\u00f6rslag var en mer\u00a0kollektiv syn p\u00e5 trosbek\u00e4nnelsen, att se den som ett gemensamt\u00a0dokument f\u00f6r kyrkan och inte en individuell deklaration. \u201cVad\u00a0udda\u201d, k\u00e4nde jag. \u201cSka folk sitta och luras med vad de tror\u00a0p\u00e5.\u201d Men jag k\u00e4nner mer och mer att det \u00e4r en sund\u00a0inst\u00e4llning, s\u00e4rskilt i ett samh\u00e4lle som f\u00f6r n\u00e5gon slags\u00a0<a href=\"http:\/\/dagensseglora.se\/2013\/08\/06\/ett-manifest-mot-individualismen\/\">milit\u00e4r\u00a0kampanj<\/a>\u00a0f\u00f6r att g\u00f6ra oss till individer.<\/p>\n<p>S\u00e5\u00a0vad \u00e4r s\u00e5 radikalt med religi\u00f6s underkastelse och hur undviker\u00a0vi den underkastelse som kyrkan historiskt skapat? F\u00f6r att\u00a0svara p\u00e5 den fr\u00e5gan tror jag att vi beh\u00f6ver f\u00f6rst\u00e5 hur\u00a0underkastelse ser ut idag. Vi har nog bilden av att vi \u00e4r r\u00e4tt\u00a0sj\u00e4lvbest\u00e4mmande i v\u00e5rt samh\u00e4lle, men hela v\u00e5rt samh\u00e4lle\u00a0bygger p\u00e5 underkastelse. De flesta av oss underkastar oss till\u00a0exempel chefer, poliser, hyresv\u00e4rdar och v\u00e4ktare dagligen. Som\u00a0barn ska vi underkasta oss f\u00f6r\u00e4ldrar och l\u00e4rare. Och det \u00e4r\u00a0bara exempel. Det finns f\u00e5 aspekter av v\u00e5rt samh\u00e4lle som\u00a0inte bygger p\u00e5 att vi ing\u00e5r i maktrelationer.<\/p>\n<p>Religionen\u00a0erbjuder oss en annan underkastelse som vi kan v\u00e4lja. En\u00a0underkastelse som \u00e4r mer total. En underkastelse under Gud kan\u00a0vara s\u00e5 djup att inga andra underkastelser kan konkurrera. \u00c4r\u00a0det inte n\u00e5got m\u00e4ktigt i det? \u00c4r det inte h\u00e4r k\u00e4rnan i en\u00a0kristen anarkism ligger?<\/p>\n<\/div>\n","protected":false},"excerpt":{"rendered":"<p>Samh\u00e4llet bygger p\u00e5 maktrelationer, men att underkasta sig religion ses ofta som negativt. Kanske finns svaret att s\u00f6ka i v\u00e5r syn p\u00e5 individ och kollektiv, skriver Isak Gerson. Kyrkan\u00a0har en v\u00e4ldigt sv\u00e5r historia med underkastelse, efter allt\u00a0samarbete den\u00a0haft med krigf\u00f6rande och koloniala stater.\u00a0Underkastelsen d\u00e5 handlade om underkastelse till adel och kung, och slavars underkastelse till [&hellip;]<\/p>\n","protected":false},"author":1,"featured_media":0,"comment_status":"open","ping_status":"open","sticky":false,"template":"","format":"standard","meta":{"footnotes":""},"categories":[3],"tags":[],"class_list":["post-28","post","type-post","status-publish","format-standard","hentry","category-dagens-seglora"],"_links":{"self":[{"href":"https:\/\/www.isakgerson.se\/blog\/wp-json\/wp\/v2\/posts\/28","targetHints":{"allow":["GET"]}}],"collection":[{"href":"https:\/\/www.isakgerson.se\/blog\/wp-json\/wp\/v2\/posts"}],"about":[{"href":"https:\/\/www.isakgerson.se\/blog\/wp-json\/wp\/v2\/types\/post"}],"author":[{"embeddable":true,"href":"https:\/\/www.isakgerson.se\/blog\/wp-json\/wp\/v2\/users\/1"}],"replies":[{"embeddable":true,"href":"https:\/\/www.isakgerson.se\/blog\/wp-json\/wp\/v2\/comments?post=28"}],"version-history":[{"count":1,"href":"https:\/\/www.isakgerson.se\/blog\/wp-json\/wp\/v2\/posts\/28\/revisions"}],"predecessor-version":[{"id":252,"href":"https:\/\/www.isakgerson.se\/blog\/wp-json\/wp\/v2\/posts\/28\/revisions\/252"}],"wp:attachment":[{"href":"https:\/\/www.isakgerson.se\/blog\/wp-json\/wp\/v2\/media?parent=28"}],"wp:term":[{"taxonomy":"category","embeddable":true,"href":"https:\/\/www.isakgerson.se\/blog\/wp-json\/wp\/v2\/categories?post=28"},{"taxonomy":"post_tag","embeddable":true,"href":"https:\/\/www.isakgerson.se\/blog\/wp-json\/wp\/v2\/tags?post=28"}],"curies":[{"name":"wp","href":"https:\/\/api.w.org\/{rel}","templated":true}]}}