{"id":235,"date":"2025-02-27T18:49:00","date_gmt":"2025-02-27T18:49:00","guid":{"rendered":"https:\/\/www.isakgerson.se\/blog\/?p=235"},"modified":"2026-01-11T18:50:13","modified_gmt":"2026-01-11T18:50:13","slug":"systembolagets-enda-koshervin-i-fast-sortiment-fran-illegal-bosattning","status":"publish","type":"post","link":"https:\/\/www.isakgerson.se\/blog\/intervjuad\/systembolagets-enda-koshervin-i-fast-sortiment-fran-illegal-bosattning\/","title":{"rendered":"Systembolagets enda koshervin i fast sortiment fr\u00e5n illegal bos\u00e4ttning"},"content":{"rendered":"\n<p class=\"wp-block-paragraph\"><strong>Det finns tv\u00e5 sorters koshervin i Systembolagets fasta sortiment, ett r\u00f6tt och ett vitt. B\u00e5da kommer fr\u00e5n illegala israeliska bos\u00e4ttningar p\u00e5 Golanh\u00f6jderna. Koshervin som inte odlats p\u00e5 ockuperat mark m\u00e5ste man best\u00e4lla i f\u00f6rv\u00e4g.<\/strong><\/p>\n\n\n\n<p class=\"wp-block-paragraph\"><strong>\u2013 Det \u00e4r <\/strong><strong>orimligt, s\u00e4ger Mikael Levy, medlem i Israelkritiska Judiskt Upprop, till Alkompis.<\/strong><\/p>\n\n\n\n<p class=\"wp-block-paragraph\">Ig\u00e5r publicerade <a href=\"https:\/\/www.etc.se\/inrikes\/kvittot-avsloejar-ulf-kristersson-bjoed-paa-vin-fraan-olagliga-israeliska-bosaettningar\" target=\"_blank\" rel=\"noreferrer noopener\">Dagens ETC<\/a> en artikel om att statsminister Ulf Kristersson bjudit p\u00e5 vin fr\u00e5n illegala israeliska bos\u00e4ttningar. Det var i samband med en mottagning f\u00f6r F\u00f6rintelsens minnesdag 2024 som statsministern k\u00f6pte vin fr\u00e5n Golanh\u00f6jderna som Israel <a href=\"https:\/\/www.reuters.com\/article\/us-usa-israel-un-idUSKCN1R623E\/\" target=\"_blank\" rel=\"noreferrer noopener\">ockuperar olagligt<\/a>.<\/p>\n\n\n\n<p class=\"wp-block-paragraph\">\u2013 Vid representationstillf\u00e4llet fanns sk\u00e4l att inhandla koshervin. Utbudet av s\u00e5dana viner \u00e4r begr\u00e4nsat, sa regeringskansliet till Dagens ETC.<\/p>\n\n\n\n<p class=\"wp-block-paragraph\">Hur begr\u00e4nsat d\u00e5?<\/p>\n\n\n\n<p class=\"wp-block-paragraph\">Enligt Systembolagets ink\u00f6pschef Fredrik Arenander \u00e5terfinns tv\u00e5 kosherviner i bolagets fasta sortiment. B\u00e5da kommer fr\u00e5n Golanh\u00f6jderna, som Israel ockuperar olagligt sedan de invaderade det syriska omr\u00e5det i efterdyningen av sexdagarskriget \u00e5r 1967. Det enda landet f\u00f6rutom Israel som erk\u00e4nner Golanh\u00f6jderna som israeliskt \u00e4r USA \u2013 ett beslut som fattades under f\u00f6rsta Trumpadministrationen \u00e5r 2019. \u00d6vriga l\u00e4nder i v\u00e4rlden betraktar Golanh\u00f6jderna som ett ockuperat omr\u00e5de.<\/p>\n\n\n\n<p class=\"wp-block-paragraph\">Det har inte hindrat Israel fr\u00e5n att bygga bos\u00e4ttningar p\u00e5 Golanh\u00f6jderna som utf\u00f6r en rad olika verksamheter, d\u00e4ribland vinodling. Idag finns ett 20-tal vinodlingar p\u00e5 Golanh\u00f6jderna som producerar vin som man kan k\u00f6pa p\u00e5 Systembolaget. Regeringen har varit tydlig med att <a href=\"https:\/\/www.riksdagen.se\/sv\/webb-tv\/video\/interpellationsdebatt\/foretag-som-agerar-i-israeliska-bosattningar_hc10257\/\" target=\"_blank\" rel=\"noreferrer noopener\">isralisk bos\u00e4ttningsexpansion m\u00e5ste upph\u00f6ra<\/a>, men det finns idag inga regler som hindrar svenska f\u00f6retag fr\u00e5n att importera varor fr\u00e5n illegala bos\u00e4ttningar.<\/p>\n\n\n\n<p class=\"wp-block-paragraph\"><code><strong>FAKTARUTA: VAD \u00c4R KOSHERVIN?<\/strong><br>Vin \u00e4r en central del av det judiska livet och dricks i samband med sabbaten en g\u00e5ng i veckan och under alla st\u00f6rre h\u00f6gtider. M\u00e5nga judar dricker vin som inte \u00e4r kosher medan de flesta orotoxa judar dricker uteslutande koshervin. F\u00f6r att vin ska anses vara kosher m\u00e5ste judar som h\u00e5ller sabbaten, det vill s\u00e4ga religi\u00f6st observanta judar, \u00f6vervaka och hantera hela vinframst\u00e4llningsprocessen. Fr\u00e5n det att druvorna lastas in i vinpressen fram tills det f\u00e4rdiga vinet buteljeras och f\u00f6rseglas. Dessutom m\u00e5ste alla ingredienser, inklusive j\u00e4st och finingsmedel som kan ha kommit i kontakt med alkohol under produktionsprocesser, vara kosher.<\/code><\/p>\n\n\n\n<h2 class=\"wp-block-heading\"><strong>Systembolaget: Kosherviner fr\u00e5n ockuperat omr\u00e5de efterfr\u00e5gas mest<\/strong><\/h2>\n\n\n\n<p class=\"wp-block-paragraph\">N\u00e4r Alkompis st\u00e4ller fr\u00e5gor till Systembolaget \u00e4r det ink\u00f6pschef Fredrik Arenander som svarar i en skriftlig kommentar:<\/p>\n\n\n\n<p class=\"wp-block-paragraph\">\u2013 N\u00e4r det g\u00e4ller Systembolagets policy ang\u00e5ende varor vi som monopol tillhandah\u00e5ller s\u00e5 f\u00f6ljer vi beslut och r\u00e5d fr\u00e5n UD, EU eller regeringen n\u00e4r det g\u00e4ller liknande fr\u00e5gor. Systembolaget s\u00e4ljer viner fr\u00e5n Golanh\u00f6jderna d\u00e4rf\u00f6r att det \u00e4r i linje med r\u00e5dande beslut som inte f\u00f6rbjuder handel med varor fr\u00e5n Golanh\u00f6jderna, s\u00e4ger Fredrik Arenander till Alkompis och forts\u00e4tter:<\/p>\n\n\n\n<p class=\"wp-block-paragraph\">\u2013 N\u00e4r det g\u00e4ller till exempel m\u00e4rkning av dessa [viner] s\u00e5 f\u00f6ljer vi EU:s <a href=\"https:\/\/eur-lex.europa.eu\/legal-content\/SV\/TXT\/?uri=CELEX%3A52015XC1112%2801%29\" target=\"_blank\" rel=\"noreferrer noopener\">f\u00f6rordning<\/a>. F\u00f6rutom krav p\u00e5 m\u00e4rkning p\u00e5 de enskilda artiklarna inneb\u00e4r det att vi inte anger ursprungsland eller flagga p\u00e5 v\u00e5ra hyllkantsetiketter eller p\u00e5 systembolaget.se. I st\u00e4llet anges det regionala ursprunget f\u00f6ljt av <a href=\"https:\/\/www.systembolaget.se\/produkt\/vin\/yarden-251701\/\" target=\"_blank\" rel=\"noreferrer noopener\">\u201disraelisk bos\u00e4ttning\u201d <\/a>eller motsvarande.<\/p>\n\n\n\n<p class=\"wp-block-paragraph\"><strong>Hur ser Systembolaget p\u00e5 att best\u00e4lla vin fr\u00e5n illegala bos\u00e4ttningar?<\/strong><\/p>\n\n\n\n<p class=\"wp-block-paragraph\">\u2013 Vi har inga synpunkter p\u00e5 de val v\u00e5ra kunder g\u00f6r n\u00e4r de k\u00f6per produkter i v\u00e5ra sortiment.<\/p>\n\n\n\n<p class=\"wp-block-paragraph\"><strong>Varf\u00f6r \u00e4r de enda koshervinerna i Systembolagets fasta sortiment fr\u00e5n illegala israeliska bos\u00e4ttningar?<\/strong><\/p>\n\n\n\n<p class=\"wp-block-paragraph\">\u2013 Det \u00e4r inte de enda koshervinerna i Systembolagets sortiment. I dag finns det tv\u00e5 kosherviner i v\u00e5rt fasta sortiment, ett vitt och ett r\u00f6tt. Det har \u00e4ven funnits kosherviner i fast sortiment med helt andra ursprung, men som med alla produkter i Systembolagets fasta sortiment \u00e4r det de som efterfr\u00e5gats (dvs k\u00f6pts) mest som finns kvar i dag, s\u00e4ger Fredrik Arenander.<\/p>\n\n\n\n<p class=\"wp-block-paragraph\">Med andra ord har det tidigare funnits kosherviner i Systembolagets fasta sortiment som inte kommer fr\u00e5n illegala bos\u00e4ttningar, men de popul\u00e4raste koshervinernar i Systembolagets sortiment kommer fr\u00e5n de illegala ockuperade Golanh\u00f6jderna.<\/p>\n\n\n\n<p class=\"wp-block-paragraph\">Vill man dricka alkoholhaltiga koshervin som inte kommer fr\u00e5n illegala bos\u00e4ttningar m\u00e5ste man allts\u00e5 best\u00e4lla vinerna i f\u00f6rv\u00e4g \u2013 n\u00e5got statsministern allts\u00e5 valde att inte g\u00f6ra under bjudningen f\u00f6rra \u00e5ret.<\/p>\n\n\n\n<h2 class=\"wp-block-heading\"><strong>Koshervin tillverkas inom EU: \u201dD\u00e5 ska det importeras d\u00e4rifr\u00e5n\u201d<\/strong><\/h2>\n\n\n\n<p class=\"wp-block-paragraph\">Judiskt upprop \u00e4r <a href=\"https:\/\/www.aftonbladet.se\/kultur\/a\/Ooj7wO\/svenska-judar-i-upprop-for-rattvisa-forsoning-och-fred\" target=\"_blank\" rel=\"noreferrer noopener\">undertecknat<\/a> av 148 svenska judar som protesterar mot de krigsbrott och det folkmord de menar att Israel utf\u00f6r i deras namn.<\/p>\n\n\n\n<p class=\"wp-block-paragraph\">\u2013 Nej, det \u00e4r inte rimligt att s\u00e4lja vin fr\u00e5n ockuperade omr\u00e5den, illegala bos\u00e4ttningar eller annekterade omr\u00e5den om det finns alternativa leverant\u00f6rer av motsvarande produkt. Det finns koshervin som tillverkas i Frankrike, Spanien och Italien. D\u00e5 ska det importeras d\u00e4rifr\u00e5n, s\u00e4ger Mikael Levy, medlem i Judiskt upprop och forts\u00e4tter:<\/p>\n\n\n\n<p class=\"wp-block-paragraph\">\u2013 Egentligen g\u00e5r det inte att s\u00e4rskilja ockuperande land fr\u00e5n ockuperat land. \u00c4ven vin tillverkat p\u00e5 annat h\u00e5ll i Israel \u00e4r diskutabelt att saluf\u00f6ra, s\u00e4ger Mikael Levy.<\/p>\n\n\n\n<h2 class=\"wp-block-heading\">Svensk Judisk V\u00e4nster reagerar p\u00e5 Systembolagets utbud<\/h2>\n\n\n\n<p class=\"wp-block-paragraph\">Isak Gerson fr\u00e5n f\u00f6reningen Svensk Judisk V\u00e4nster ber\u00e4ttar f\u00f6r Alkompis att deras medlemmar tidigare har varit i kontakt med Systembolaget om utbudet av kosherviner.<\/p>\n\n\n\n<p class=\"wp-block-paragraph\">\u2013 Det finns ett mycket bra utbud av koshervin producerat h\u00e4r i Europa man skulle kunna k\u00f6pa in. Det finns inget sk\u00e4l f\u00f6r Systembolaget att begr\u00e4nsa sortimentet p\u00e5 det h\u00e4r s\u00e4ttet. Vad Systembolaget g\u00f6r f\u00f6rsv\u00e5rar f\u00f6r de som vill vara praktiserande judar men inte vill bidra till olagliga bos\u00e4ttningar, s\u00e4ger Isak Gerson till Alkompis.<\/p>\n\n\n\n<p class=\"wp-block-paragraph\"><strong>Edgar Mannheimer<\/strong><\/p>\n\n\n\n<p class=\"wp-block-paragraph\"><a href=\"https:\/\/alkompis.se\/sv\/den-som-koper-koshervin-i-sverige-kan-bidra-till-illegal-ockupation\">Fr\u00e5n Alkompis<\/a><\/p>\n","protected":false},"excerpt":{"rendered":"<p>Det finns tv\u00e5 sorters koshervin i Systembolagets fasta sortiment, ett r\u00f6tt och ett vitt. B\u00e5da kommer fr\u00e5n illegala israeliska bos\u00e4ttningar p\u00e5 Golanh\u00f6jderna. Koshervin som inte odlats p\u00e5 ockuperat mark m\u00e5ste man best\u00e4lla i f\u00f6rv\u00e4g. \u2013 Det \u00e4r orimligt, s\u00e4ger Mikael Levy, medlem i Israelkritiska Judiskt Upprop, till Alkompis. Ig\u00e5r publicerade Dagens ETC en artikel om [&hellip;]<\/p>\n","protected":false},"author":1,"featured_media":0,"comment_status":"open","ping_status":"open","sticky":false,"template":"","format":"standard","meta":{"footnotes":""},"categories":[5],"tags":[],"class_list":["post-235","post","type-post","status-publish","format-standard","hentry","category-intervjuad"],"_links":{"self":[{"href":"https:\/\/www.isakgerson.se\/blog\/wp-json\/wp\/v2\/posts\/235","targetHints":{"allow":["GET"]}}],"collection":[{"href":"https:\/\/www.isakgerson.se\/blog\/wp-json\/wp\/v2\/posts"}],"about":[{"href":"https:\/\/www.isakgerson.se\/blog\/wp-json\/wp\/v2\/types\/post"}],"author":[{"embeddable":true,"href":"https:\/\/www.isakgerson.se\/blog\/wp-json\/wp\/v2\/users\/1"}],"replies":[{"embeddable":true,"href":"https:\/\/www.isakgerson.se\/blog\/wp-json\/wp\/v2\/comments?post=235"}],"version-history":[{"count":1,"href":"https:\/\/www.isakgerson.se\/blog\/wp-json\/wp\/v2\/posts\/235\/revisions"}],"predecessor-version":[{"id":236,"href":"https:\/\/www.isakgerson.se\/blog\/wp-json\/wp\/v2\/posts\/235\/revisions\/236"}],"wp:attachment":[{"href":"https:\/\/www.isakgerson.se\/blog\/wp-json\/wp\/v2\/media?parent=235"}],"wp:term":[{"taxonomy":"category","embeddable":true,"href":"https:\/\/www.isakgerson.se\/blog\/wp-json\/wp\/v2\/categories?post=235"},{"taxonomy":"post_tag","embeddable":true,"href":"https:\/\/www.isakgerson.se\/blog\/wp-json\/wp\/v2\/tags?post=235"}],"curies":[{"name":"wp","href":"https:\/\/api.w.org\/{rel}","templated":true}]}}