{"id":23,"date":"2016-02-23T11:17:37","date_gmt":"2016-02-23T11:17:37","guid":{"rendered":"https:\/\/copyisright.se\/?p=23"},"modified":"2026-01-11T18:54:14","modified_gmt":"2026-01-11T18:54:14","slug":"vad-isolering-gor-med-en-manniska-dagens-seglora","status":"publish","type":"post","link":"https:\/\/www.isakgerson.se\/blog\/dagens-seglora\/vad-isolering-gor-med-en-manniska-dagens-seglora\/","title":{"rendered":"Vad isolering g\u00f6r med en m\u00e4nniska (Dagens Seglora)"},"content":{"rendered":"<p>Vad g\u00f6r en n\u00e5got l\u00e4ngre tid i isoleringscell med en? Tv\u00e5 forskare som tittat p\u00e5 det \u00e4r Craig Haney som i\u00a0<a href=\"http:\/\/www.newyorker.com\/magazine\/2009\/03\/30\/hellhole\" target=\"_blank\" rel=\"noopener noreferrer\">the New Yorker<\/a>\u00a0beskriver det s\u00e5 h\u00e4r: \u201d<i>f\u00e5ngar b\u00f6rja f\u00f6rlora f\u00f6rm\u00e5gan att initiera handlingar \u2013 att organisera sina liv runt aktiviteter och m\u00e5l. Kronisk apati, letargi, depression och f\u00f6rtvivlan.\u00a0<\/i>[min \u00f6vers\u00e4ttning]<i>\u201d\u00a0<\/i>och forskaren Stuart Grassian som beskriver det\u00a0<a href=\"http:\/\/openscholarship.wustl.edu\/law_journal_law_policy\/vol22\/iss1\/24\/\" target=\"_blank\" rel=\"noopener noreferrer\">s\u00e5 h\u00e4r<\/a>: \u201d<i>Av de 49 f\u00e5ngar jag studerade var iallafall 17 aktivt psykotiska och\/eller starkt sj\u00e4lvmordsben\u00e4gna och i tr\u00e4ngande behov av akutv\u00e5rd. 23 andra led av allvarliga psykopatologiska reaktioner mot isolering, bland annat psykotisk desorganisering.\u00a0<\/i>[min \u00f6vers\u00e4ttning]<i>\u201d<\/i><\/p>\n<div class=\"post-content\">\n<div class=\"yj6qo ajU\">\n<div id=\":kp\" class=\"ajR\" tabindex=\"0\" data-tooltip=\"D\u00f6lj ut\u00f6kat inneh\u00e5ll\"><img decoding=\"async\" class=\"ajT colorbox-10339\" src=\"https:\/\/ssl.gstatic.com\/ui\/v1\/icons\/mail\/images\/cleardot.gif\" alt=\"\" \/>S\u00e4ttet isoleringsceller anv\u00e4nds idag \u00e4r s\u00e5 sv\u00e5rt f\u00f6r mig att greppa. Inte prim\u00e4rt f\u00f6r dess ovetenskaplighet och ostrategiska funktion, utan prim\u00e4rt f\u00f6r att det \u00e4r s\u00e5 otroligt sadistiskt. Isolering l\u00e4ngre \u00e4n n\u00e5gra veckor har med r\u00e4tta diskuterats som en form av regelr\u00e4tt tortyr. \u00c4nd\u00e5 kan folk sitta decennier i isoleringscell i amerikanska f\u00e4ngelser.<\/div>\n<\/div>\n<p>Vi p\u00e5mindes om det inhumana systemet h\u00e4romdagen n\u00e4r Albert Woodfox sl\u00e4pptes ut efter att ha suttit i isolering i 43 \u00e5r. Det \u00e4r sv\u00e5rt f\u00f6r mig att ta in hur ett r\u00e4ttssystem som styrs av k\u00e4nnande personer kan s\u00e4tta n\u00e5gon i 43 \u00e5rs isolering. Med vad vi vet om isoleringsceller l\u00e5ter det verkligen sadistiskt.<\/p>\n<p>Tillsammans med Albert Woodfox satt ocks\u00e5 pantern Herman Wallace som sattes i isolering f\u00f6r samma brott 1972. Han drog p\u00e5 sig levercancer i f\u00e4ngelset, och efter p\u00e5tryckningar sl\u00e4pptes han i oktober 2013, tre dagar innan cancern d\u00f6dade honom.<\/p>\n<p>Det kan inte handla om enkel ondska, t\u00e4nker jag. Det m\u00e5ste ha djupare sk\u00e4l. Att m\u00e5nga av de s\u00e5 bisarra isoleringsstraffen riktats mot just svarta pantrar tror jag inte \u00e4r en slump. De svarta pantrarna var ansiktet p\u00e5 en medborgarr\u00e4ttsr\u00f6relse som lyckades utmana den vita makten \u00f6ver svarta amerikaner. Det var en vit makt som framf\u00f6r allt uppr\u00e4tth\u00f6lls av en djupt rasistisk polisk\u00e5r. Och ju mer vind pantrarna och medborgarr\u00e4ttsr\u00f6relsen fick, desto mer l\u00e5ngtg\u00e5ende blev polisens metoder f\u00f6r att tukta r\u00f6relsen. Isoleringsstraffen \u00e4r bara en av m\u00e5nga brutala s\u00e4tt den r\u00f6relsen tuktades p\u00e5.<\/p>\n<p>Det \u00e4r l\u00e4tt att t\u00e4nka att problemen med l\u00e5nga isoleringstider \u00e4r ett problem specifikt f\u00f6r USA. Men<a href=\"http:\/\/www.aftonbladet.se\/nyheter\/kolumnister\/oisincantwell\/article22287533.ab\">Europar\u00e5dets tortyrkommitt\u00e9\u00a0<\/a>har kritiserat Sverige 25 \u00e5r i rad f\u00f6r v\u00e5ra l\u00e5nga h\u00e4ktningstider med h\u00e5rda restriktioner. I Sverige h\u00e4ktas inte folk s\u00e5 l\u00e4nge som 43 \u00e5r, men tillr\u00e4ckligt l\u00e4nge f\u00f6r att uppm\u00e4rksammas som m\u00f6jlig tortyr. H\u00e4r har debatten om r\u00e4ttigheter i f\u00e4ngelser och h\u00e4kten den senaste tiden framf\u00f6r allt pr\u00e4glats genom att vara utpr\u00e4glat fr\u00e5nvarande. Villkoren i f\u00e4ngelserna kan fortg\u00e5 f\u00f6r att folk inte riktigt bryr sig.<\/p>\n<\/div>\n","protected":false},"excerpt":{"rendered":"<p>Vad g\u00f6r en n\u00e5got l\u00e4ngre tid i isoleringscell med en? Tv\u00e5 forskare som tittat p\u00e5 det \u00e4r Craig Haney som i\u00a0the New Yorker\u00a0beskriver det s\u00e5 h\u00e4r: \u201df\u00e5ngar b\u00f6rja f\u00f6rlora f\u00f6rm\u00e5gan att initiera handlingar \u2013 att organisera sina liv runt aktiviteter och m\u00e5l. Kronisk apati, letargi, depression och f\u00f6rtvivlan.\u00a0[min \u00f6vers\u00e4ttning]\u201d\u00a0och forskaren Stuart Grassian som beskriver det\u00a0s\u00e5 [&hellip;]<\/p>\n","protected":false},"author":1,"featured_media":0,"comment_status":"open","ping_status":"open","sticky":false,"template":"","format":"standard","meta":{"footnotes":""},"categories":[3],"tags":[],"class_list":["post-23","post","type-post","status-publish","format-standard","hentry","category-dagens-seglora"],"_links":{"self":[{"href":"https:\/\/www.isakgerson.se\/blog\/wp-json\/wp\/v2\/posts\/23","targetHints":{"allow":["GET"]}}],"collection":[{"href":"https:\/\/www.isakgerson.se\/blog\/wp-json\/wp\/v2\/posts"}],"about":[{"href":"https:\/\/www.isakgerson.se\/blog\/wp-json\/wp\/v2\/types\/post"}],"author":[{"embeddable":true,"href":"https:\/\/www.isakgerson.se\/blog\/wp-json\/wp\/v2\/users\/1"}],"replies":[{"embeddable":true,"href":"https:\/\/www.isakgerson.se\/blog\/wp-json\/wp\/v2\/comments?post=23"}],"version-history":[{"count":1,"href":"https:\/\/www.isakgerson.se\/blog\/wp-json\/wp\/v2\/posts\/23\/revisions"}],"predecessor-version":[{"id":253,"href":"https:\/\/www.isakgerson.se\/blog\/wp-json\/wp\/v2\/posts\/23\/revisions\/253"}],"wp:attachment":[{"href":"https:\/\/www.isakgerson.se\/blog\/wp-json\/wp\/v2\/media?parent=23"}],"wp:term":[{"taxonomy":"category","embeddable":true,"href":"https:\/\/www.isakgerson.se\/blog\/wp-json\/wp\/v2\/categories?post=23"},{"taxonomy":"post_tag","embeddable":true,"href":"https:\/\/www.isakgerson.se\/blog\/wp-json\/wp\/v2\/tags?post=23"}],"curies":[{"name":"wp","href":"https:\/\/api.w.org\/{rel}","templated":true}]}}