{"id":218,"date":"2023-12-14T18:37:00","date_gmt":"2023-12-14T18:37:00","guid":{"rendered":"https:\/\/www.isakgerson.se\/blog\/?p=218"},"modified":"2026-01-11T18:38:24","modified_gmt":"2026-01-11T18:38:24","slug":"en-annan-vag-hade-varit-mojlig-fredligt-palestinskt-motstand-osynliggors","status":"publish","type":"post","link":"https:\/\/www.isakgerson.se\/blog\/ordfront\/en-annan-vag-hade-varit-mojlig-fredligt-palestinskt-motstand-osynliggors\/","title":{"rendered":"En annan v\u00e4g hade varit m\u00f6jlig \u2013 fredligt palestinskt motst\u00e5nd osynligg\u00f6rs"},"content":{"rendered":"\n<p class=\"wp-block-paragraph\"><strong>Situationen p\u00e5 Gaza var outh\u00e4rdlig redan f\u00f6re terrord\u00e5det och kriget men varf\u00f6r har ingen velat lyssna p\u00e5 demokratiska krafter, varf\u00f6r har Hamas och Netanyahu f\u00e5tt best\u00e4mma Gazas \u00f6de, fr\u00e5gar sig Isak Gerson. &nbsp;<\/strong><\/p>\n\n\n\n<p class=\"wp-block-paragraph\">Inv\u00e5narna i Gaza var i en om\u00f6jlig situation redan innan krigsf\u00f6rklaringen i oktober. Folket hade d\u00e5 varit under bel\u00e4gring i n\u00e4stan tv\u00e5 decennier, oaktat Israels beslut att milit\u00e4rt l\u00e4mna omr\u00e5det 2005. Fyra av tio inv\u00e5nare p\u00e5 Gazaremsan levde i fattigdom. Var fj\u00e4rde var arbetsl\u00f6s. H\u00e4lften var \u2013 och \u00e4r \u2013 under 18. Mer \u00e4n halva befolkningen levde redan d\u00e5 utan tillg\u00e5ng till sund, n\u00e4ringsrik och daglig mat. Israel kontrollerade en stor del av elf\u00f6rs\u00f6rjningen, vattnet och maten som kom till Gaza och st\u00e4ngde regelbundet av f\u00f6rs\u00f6rjningen till synes efter eget tycke. M\u00e4ngder av mediciner saknades eftersom Israel kontrollerade all inf\u00f6rsel av mediciner och d\u00e4rmed begr\u00e4nsade tillg\u00e5ngen. &nbsp;<\/p>\n\n\n\n<p class=\"wp-block-paragraph\">Ingen som befinner sig under en s\u00e5dan bel\u00e4gring klarar av att stanna i status quo.&nbsp; Hela po\u00e4ngen med en s\u00e5dan kontroll \u00e4r att situationen ska upplevas som outh\u00e4rdlig. Men n\u00e4r palestinierna organiserar sig politiskt och protesterar fredligt mot kontrollen, f\u00f6rd\u00f6ms de och m\u00f6ts ofta av milit\u00e4rt v\u00e5ld. &nbsp;<\/p>\n\n\n\n<p class=\"wp-block-paragraph\">De terrord\u00e5d som Hamas utf\u00f6r riktar sig i v\u00e4ldigt h\u00f6g grad bara mot civila. Det \u00e4r inte t\u00e4nkt att sprida r\u00e4dsla inom ockupationsmaktens arm\u00e9. Det \u00e4r t\u00e4nkt att sprida r\u00e4dsla, punkt. Om man l\u00e4ser Hamas partiprogram och granskar hur de styr landet f\u00f6rst\u00e5r man hur det g\u00e5r ihop. Hamas politik syftar inte till att bygga ett fritt, demokratiskt Palestina. Det syftar till att bygga ett etniskt och religi\u00f6st homogent auktorit\u00e4rt Palestina. D\u00e4rf\u00f6r kan de inlemma terror mot civila som en metod i sin politik. Syftet \u00e4r att skapa r\u00e4dsla, h\u00e5rdhet, auktoritet. &nbsp;<\/p>\n\n\n\n<p class=\"wp-block-paragraph\">I de flesta v\u00e4stmedia ges ofta bilden av att Hamas \u00e4r den palestinska motst\u00e5ndsr\u00f6relsen, eller till och med att Hamas \u00e4r Palestina. Lyssnar man p\u00e5 israeliska politiker \u00e4r det \u00e4nnu tydligare, eftersom de r\u00e4ttf\u00e4rdigar sina brutala vederg\u00e4llningsanfall mot civilbefolkningen med att de sl\u00e5r mot Hamas. I den israeliska regeringens v\u00e4rld \u00e4r varje sjukhus och varje skola fylld av Hamas och d\u00e4rmed giltigt byte f\u00f6r bomber. Eller varf\u00f6r inte hela Gazaremsan?&nbsp;<\/p>\n\n\n\n<p class=\"wp-block-paragraph\">Hamas har styrt Gaza i 17 \u00e5r utan att h\u00e5lla ett enda val. \u00c4nd\u00e5 har Hamas f\u00e5tt regelbundet st\u00f6d fr\u00e5n Israels premi\u00e4rminister Netanyahu, framf\u00f6r allt genom att l\u00e5ta Hamas ta emot stora m\u00e4ngder pengar fr\u00e5n sina allierade, Qatar och Iran. Netanyahus syfte har varit att h\u00e5lla Hamas vid makten f\u00f6r att bevara konflikten mellan Hamas som styr Gaza och Fatah som styr p\u00e5 V\u00e4stbanken och d\u00e4rmed f\u00f6rsvaga den palestinska motst\u00e5ndsr\u00f6relsen och sabotera det palestinska f\u00f6rhandlingsl\u00e4get. Strategin har bekr\u00e4ftats av politiker och milit\u00e4rtoppar runt honom till exempel tidigare premi\u00e4rministern Ehud Barak, partikollegan i Knesset Galit Distel Atbaryan och en tidigare chef f\u00f6r Israels s\u00e4kerhetstj\u00e4nst Shin Bet, Yuval Diskin. Den sittande finansminister Bezalel Smotrich verkar dela Netanyahus syn. &nbsp;<\/p>\n\n\n\n<p class=\"wp-block-paragraph\">Andra, demokratiska grenar av den palestinska motst\u00e5ndsr\u00f6relsen har st\u00e4ndigt f\u00f6rs\u00f6kt g\u00f6ra sig h\u00f6rda. Men problemen \u00e4r, f\u00f6rutom internationell tystnad, de otroliga krafter och resurser som l\u00e4ggs p\u00e5 att sabotera demokratisk palestinsk organisering. &nbsp;<\/p>\n\n\n\n<p class=\"wp-block-paragraph\">En av de st\u00f6rsta palestinska motst\u00e5ndsr\u00f6relserna \u00e4r BDS-kampanjen, som uppmanar till ickev\u00e5ldsaktioner i form av bojkott, desinvestering och sanktioner mot den israeliska ekonomin, som p\u00e5g\u00e5tt sedan 2005. Bojkotter \u00e4r ett historiskt vanligt p\u00e5tryckningsmedel och passar v\u00e4l in i den liberala demokratin eftersom den utg\u00e5r fr\u00e5n den enkla metoden konsumentval och konsumentmakt.&nbsp;<\/p>\n\n\n\n<p class=\"wp-block-paragraph\">Men sedan kampanjen startade har den israeliska staten f\u00f6rt ett omfattande lobbyarbete f\u00f6r att svartm\u00e5la den och alla som befattar sig med den. Staten beslutade 2022 att l\u00e4gga 31 miljoner dollar p\u00e5 ytterligare ett projekt med syfte att f\u00f6rklara r\u00f6relsen illegitim, f\u00f6rutom kostnader f\u00f6r den arbetstid som stats- och ambassadanst\u00e4llda dessutom och vanligtvis l\u00e4gger p\u00e5 fr\u00e5gan.&nbsp;<\/p>\n\n\n\n<p class=\"wp-block-paragraph\">Den vanligaste taktiken \u00e4r att utm\u00e5la BDS-kampanjen som antisemitisk. Och visst har enskilda ut\u00f6vare av BDS varit antisemiter, men det funkar inte att smeta antisemitism p\u00e5 hela r\u00f6relsen. Tv\u00e4rtom vad som p\u00e5st\u00e5s av vissa motst\u00e5ndare, kr\u00e4ver r\u00f6relsen inte att Israel upph\u00f6r som stat eller att judar l\u00e4mnar Mellan\u00f6stern. Den kr\u00e4ver att Israel drar tillbaka ockupationen av Gaza, V\u00e4stbanken och Golanh\u00f6jderna, att palestinska medborgare i Israel ges full j\u00e4mlikhet och att palestinska flyktingar f\u00e5r r\u00e4tt att \u00e5terv\u00e4nda och att Israel ska respektera internationell r\u00e4tt. &nbsp;<\/p>\n\n\n\n<p class=\"wp-block-paragraph\">Och visst har de israeliska motkampanjerna funkat. N\u00e4r BDS b\u00f6rjade st\u00f6djas bland m\u00e5nga amerikanska studentorganisationer startades hemsidan Canary Mission (av ok\u00e4nda f\u00f6r\u00f6vare) som gjort vad de kunnat f\u00f6r att h\u00e4nga ut alla studenter, universitetsanst\u00e4llda och andra ber\u00f6rda med namn, bild, l\u00f6ptext och l\u00e4nkar till hemsidor och sociala media f\u00f6r att maximera trakasserierna. 35 amerikanska delstater har f\u00f6rbjudit BDS. I l\u00e4nder som Frankrike och Spanien \u00e4r BDS starkt begr\u00e4nsad p\u00e5 grund av inhemska juridiska strider.&nbsp;<\/p>\n\n\n\n<p class=\"wp-block-paragraph\">En annan metod f\u00f6r demokratisk organisering som palestinierna anv\u00e4nder \u00e4r att f\u00f6rs\u00f6ka tr\u00e4nga igenom mediabruset och journalistiskt beskriva det v\u00e5ld och f\u00f6rtryck m\u00e4nniskorna p\u00e5 Gaza uts\u00e4tts f\u00f6r.&nbsp; Den palestinsk-amerikanska journalisten Shireen Abu Akleh \u00e4r en m\u00e5nga som pr\u00f6vat den v\u00e4gen. I maj 2022 bevakade hon f\u00f6r Al Jazeeras r\u00e4kning ett flyktingl\u00e4ger i Jenin p\u00e5 V\u00e4stbanken som regelbundet anfalls av Israels f\u00f6rsvarsstyrka (IDF), n\u00e4r hon blev skjuten, trots b\u00e4randes en synlig pressv\u00e4st. En utredning visar att skotten var avsiktliga, och att skytten ocks\u00e5 riktade vapen mot dem som f\u00f6rs\u00f6kte hj\u00e4lpa Abu Akleh.&nbsp;<\/p>\n\n\n\n<p class=\"wp-block-paragraph\">I vanlig ordning f\u00f6rnekade f\u00f6rst IDF att de skjutit p\u00e5 henne och skyllde p\u00e5 palestinierna. Senare medgav Israel att det var en israelisk soldat som skjutit henne men att det var svar p\u00e5 palestinsk eld. En videoinspelning visade att s\u00e5 inte var fallet. Trots detta har Israel v\u00e4grat utreda mordet. Hon var vid tillf\u00e4llet den sjuttonde palestinska journalisten som d\u00f6dats av IDF:s vapen sedan 1992. I kriget p\u00e5 Gaza hade, fram till den 10 november, 36 journalister d\u00f6dats, 10 av dem i samband med att de rapporterat om invasionen. Enligt Reportrar utan gr\u00e4nser har Israel g\u00e5tt fr\u00e5n att h\u00e4vda att journalister inte kan skyddas till att uttala regelr\u00e4tta d\u00f6dshot mot dem. &nbsp;<\/p>\n\n\n\n<p class=\"wp-block-paragraph\">Stora demonstrationsr\u00f6relser har genom \u00e5ren ocks\u00e5 genomf\u00f6rts inne i Gaza. Under 2018\u20132019 p\u00e5gick The Great March of Return, en serie av veckovisa demonstrationer vid muren runt Gaza f\u00f6r \u00e5terv\u00e4ndander\u00e4tt f\u00f6r palestinska flyktingar, ett slut p\u00e5 den israeliska blockaden runt Gaza och i protest mot USA:s erk\u00e4nnande av Jerusalem som israelisk huvudstad. I sex veckor i str\u00e4ck demonstrerade \u00f6ver 10\u202f000 palestinier samtidigt varje fredag. Under demonstrationerna sk\u00f6ts 223 palestinier ihj\u00e4l av IDF. Israels f\u00f6rklaring till skjutningarna var att demonstranterna egentligen var terrorister, och att protesterna var ett s\u00e4tt att d\u00f6lja terrorism. Men \u00e4ven om v\u00e5ld f\u00f6rekom var en \u00f6verv\u00e4gande majoritet fredliga demonstranter. &nbsp;<\/p>\n\n\n\n<p class=\"wp-block-paragraph\">Vad f\u00f6rv\u00e4ntar sig v\u00e4rlden ska h\u00e4nda n\u00e4r alla f\u00f6rs\u00f6k att organisera sig demokratiskt f\u00f6r att f\u00e5 slut p\u00e5 det enorma f\u00f6rtryck som ligger \u00f6ver palestinierna m\u00f6ts av v\u00e5ld? F\u00f6r att vara mindre cynisk och med risk att missf\u00f6rst\u00e5s som f\u00f6rsvarare av Hamas terrord\u00e5d, kan vi st\u00e4lla fr\u00e5gan omv\u00e4nt: Hur annorlunda skulle kampen se ut om politisk organisering m\u00f6ttes med diskussion och f\u00f6rhandlingsvilja? Vilket st\u00f6d skulle reaktion\u00e4ra krafter som Hamas f\u00e5? Vilka former skulle organiseringen och utvecklingen i Palestina ta om omv\u00e4rlden lyssnade p\u00e5 folket i Palestina? &nbsp;<\/p>\n\n\n\n<hr class=\"wp-block-separator has-alpha-channel-opacity\"\/>\n\n\n\n<p class=\"wp-block-paragraph\"><strong>Isak Gerson<\/strong> \u00e4r medlem i Judiska F\u00f6rsamlingen i Stockholm och stammis i Stora Synagogan. Han \u00e4r \u00e4ven medlem i kommitt\u00e9n mot antimuslimsk rasism. Till vardags redovisningsekonom, skribent p\u00e5 fritiden.<br><br><\/p>\n\n\n\n<p class=\"wp-block-paragraph\"><strong>K\u00e4llor:<\/strong> &nbsp;<\/p>\n\n\n\n<p class=\"wp-block-paragraph\">Haaretz.com (20231011&nbsp; \u00bbNetanyahu needed a strong Hamas\u00ab, 20231020 \u00bbA brief History of the Netanyahu-Hamas Alliance\u00ab, 20220126&nbsp; \u00bbThis Anti-BDS Initiative failed so Israel throws another 100 million at it\u00ab)&nbsp;<\/p>\n\n\n\n<p class=\"wp-block-paragraph\">Canarymission.org&nbsp;<\/p>\n\n\n\n<p class=\"wp-block-paragraph\">Al Jazeera (20220522 Lies Investigations and Videotape&nbsp;<\/p>\n\n\n\n<p class=\"wp-block-paragraph\">Rsf.org \u2013 Reporters without borders &nbsp;<\/p>\n","protected":false},"excerpt":{"rendered":"<p>Situationen p\u00e5 Gaza var outh\u00e4rdlig redan f\u00f6re terrord\u00e5det och kriget men varf\u00f6r har ingen velat lyssna p\u00e5 demokratiska krafter, varf\u00f6r har Hamas och Netanyahu f\u00e5tt best\u00e4mma Gazas \u00f6de, fr\u00e5gar sig Isak Gerson. &nbsp; Inv\u00e5narna i Gaza var i en om\u00f6jlig situation redan innan krigsf\u00f6rklaringen i oktober. Folket hade d\u00e5 varit under bel\u00e4gring i n\u00e4stan tv\u00e5 [&hellip;]<\/p>\n","protected":false},"author":1,"featured_media":0,"comment_status":"open","ping_status":"open","sticky":false,"template":"","format":"standard","meta":{"footnotes":""},"categories":[15],"tags":[],"class_list":["post-218","post","type-post","status-publish","format-standard","hentry","category-ordfront"],"_links":{"self":[{"href":"https:\/\/www.isakgerson.se\/blog\/wp-json\/wp\/v2\/posts\/218","targetHints":{"allow":["GET"]}}],"collection":[{"href":"https:\/\/www.isakgerson.se\/blog\/wp-json\/wp\/v2\/posts"}],"about":[{"href":"https:\/\/www.isakgerson.se\/blog\/wp-json\/wp\/v2\/types\/post"}],"author":[{"embeddable":true,"href":"https:\/\/www.isakgerson.se\/blog\/wp-json\/wp\/v2\/users\/1"}],"replies":[{"embeddable":true,"href":"https:\/\/www.isakgerson.se\/blog\/wp-json\/wp\/v2\/comments?post=218"}],"version-history":[{"count":1,"href":"https:\/\/www.isakgerson.se\/blog\/wp-json\/wp\/v2\/posts\/218\/revisions"}],"predecessor-version":[{"id":219,"href":"https:\/\/www.isakgerson.se\/blog\/wp-json\/wp\/v2\/posts\/218\/revisions\/219"}],"wp:attachment":[{"href":"https:\/\/www.isakgerson.se\/blog\/wp-json\/wp\/v2\/media?parent=218"}],"wp:term":[{"taxonomy":"category","embeddable":true,"href":"https:\/\/www.isakgerson.se\/blog\/wp-json\/wp\/v2\/categories?post=218"},{"taxonomy":"post_tag","embeddable":true,"href":"https:\/\/www.isakgerson.se\/blog\/wp-json\/wp\/v2\/tags?post=218"}],"curies":[{"name":"wp","href":"https:\/\/api.w.org\/{rel}","templated":true}]}}