{"id":208,"date":"2025-07-09T18:10:00","date_gmt":"2025-07-09T18:10:00","guid":{"rendered":"https:\/\/www.isakgerson.se\/blog\/?p=208"},"modified":"2026-01-11T18:11:26","modified_gmt":"2026-01-11T18:11:26","slug":"sds-vitbok-forvarrar-judars-utsatthet","status":"publish","type":"post","link":"https:\/\/www.isakgerson.se\/blog\/arbetaren\/sds-vitbok-forvarrar-judars-utsatthet\/","title":{"rendered":"SD:s vitbok f\u00f6rv\u00e4rrar judars utsatthet"},"content":{"rendered":"\n<p class=\"wp-block-paragraph\">Sverigedemokraternas urs\u00e4kt till svenska judar \u00e4r \u201dinte menad att osynligg\u00f6ra annan rasism, utan att f\u00f6rst\u00e4rka den\u201d. Isak Gerson om varf\u00f6r SD aldrig kommer kunna tv\u00e4tta bort antisemitismen.<\/p>\n\n\n\n<p class=\"wp-block-paragraph\">Sverigedemokraterna har haft otur med en otrolig m\u00e4ngd enskilda incidenter, om man f\u00e5r tro partiets f\u00f6retr\u00e4dares respons p\u00e5 vitboken som sl\u00e4pptes i slutet p\u00e5 juni.<a href=\"https:\/\/www.etc.se\/inrikes\/sd-svarar-paa-fraagor-om-vitboken\">Mattias Karlsson beklagar<\/a> \u201dvissa aktioner och saker som sas av f\u00f6retr\u00e4dare\u201d. <a href=\"https:\/\/www.aftonbladet.se\/nyheter\/a\/dRAloJ\/akesson-om-vitboken-beklagar-partiets-rotter\">Jimmie \u00c5kesson beklagar<\/a> \u201duppenbar antisemitism bland enskilda sverigedemokrater\u201d i \u201dpartiets historia\u201d. <a href=\"https:\/\/www.etc.se\/inrikes\/sd-svarar-paa-fraagor-om-vitboken\">F\u00f6r Dagens ETC f\u00f6rklarar Karlsson<\/a> att Bj\u00f6rn S\u00f6ders kommentarer om att judar aldrig kan bli svenskar bara handlar om att judar \u00e4r undantagna fr\u00e5n partiets assimileringspolitik. Trots att han fr\u00e5gas specifikt om det kommenterar han inte J\u00f6rgen Fogelklous eller Oscar Sj\u00f6stedts \u00f6ppna antisemitism. M\u00f6nstret verkar vara att det \u00e4r bara antisemitism om det gjorts av folk som l\u00e4mnat partitj\u00e4nsten.<\/p>\n\n\n\n<p class=\"wp-block-paragraph\">Vitboken och \u201durs\u00e4kten\u201d handlar sannolikt om att m\u00f6jligg\u00f6ra anv\u00e4ndandet av gruppen judar som slagtr\u00e4 f\u00f6r att legitimera Sverigedemokraternas rasistiska assimilationspolitik. Man lyfter fram en minoritet f\u00f6r att kunna trycka ner alla andra. I kombination med de antisemitiska konspirationsteorier som partiet sj\u00e4lva under hela sin historia bidragit till att sprida \u00e4r det sv\u00e5rt att f\u00f6rv\u00e4nta sig annat \u00e4n att det h\u00e4r kommer att tydligt f\u00f6rv\u00e4rra svenska judars utsatthet f\u00f6r antisemitism. Cyniskt.<\/p>\n\n\n\n<h2 class=\"wp-block-heading\">Otrov\u00e4rdigt avst\u00e5ndstagande<\/h2>\n\n\n\n<p class=\"wp-block-paragraph\">Situationen att judar st\u00e4lls mellan staten och de av staten utsatta grupperna i samh\u00e4llet \u00e4r inget nytt. Metoden \u00e4r en r\u00f6d tr\u00e5d fr\u00e5n Sion vises protokoll till SD-organet Sverige-Kuriren och forts\u00e4tter med <a href=\"https:\/\/www.aftonbladet.se\/nyheter\/a\/pA2ypW\/sd-toppens-koppling-till-rasistkontot-utreddes-aldrig-av-partiet\">J\u00f6rgen Fogelklous propaganda p\u00e5 flashback<\/a> och <a href=\"https:\/\/www.aftonbladet.se\/nyheter\/samhalle\/a\/yvGoMR\/sd-ledamoten-lat-bonniers-tidningar-ga-under\">Anna Hagwalls i riksdagen<\/a>. Och med partiets nutida maktposition i riksdagen kan de nu g\u00e5 fr\u00e5n att saluf\u00f6ra tropen till att exploatera den sj\u00e4lva.<a href=\"https:\/\/www.arbetaren.se\/2025\/06\/27\/vem-ska-gora-revolution\/\"><\/a><\/p>\n\n\n\n<p class=\"wp-block-paragraph\">N\u00e4r <a href=\"https:\/\/skma.se\/2025\/06\/skma-akessons-ursakt-till-svenska-judar-saknar-trovardighet\/\">Svenska kommitt\u00e9n mot antisemitism meddelar<\/a> att \u201davst\u00e5ndstagande fr\u00e5n antisemitism endast \u00e4r trov\u00e4rdigt om det vilar p\u00e5 ett principiellt avst\u00e5ndstagande fr\u00e5n alla former av rasism\u201d m\u00e5ste vi f\u00f6rst\u00e5 att de inte pekar p\u00e5 en slarvig brist i Sverigedemokraternas urs\u00e4kter, utan en inbyggd funktion. Urs\u00e4kten \u00e4r inte menad att osynligg\u00f6ra annan rasism, utan att f\u00f6rst\u00e4rka den.<\/p>\n\n\n\n<p class=\"wp-block-paragraph\">Bj\u00f6rn S\u00f6ders kommentar om att judar aldrig kan bli svenskar p\u00e5minner oss om det riktiga sk\u00e4let till att Sverigedemokraterna aldrig kommer kunna tv\u00e4tta bort antisemitismen. F\u00f6r att citera <a href=\"https:\/\/svenskjudiskvanster.se\/nyheter\/tal-i-hagkomst-av-novemberpogromen\">Svensk Judisk V\u00e4nsters David Buzaglos tal<\/a> vid senaste minnesmanifestationen f\u00f6r Novemberpogromen: \u201dVad vi verkar ha gl\u00f6mt \u00e4r att skalan g\u00e5r fr\u00e5n p\u00e5tvingad assimilation till folkmord, men alla nationella projekt kr\u00e4ver utpl\u00e5ningen av etniskt eller kulturellt fr\u00e4mmande element.\u201d <a href=\"https:\/\/www.etc.se\/ledare\/aakesson-ber-om-ursaekt-till-judarna-och-haaller-tal-om-blod-och-jord\">Lotta Ilona H\u00e4yrynen i Dagens ETC kommenterar<\/a> det makabra i att \u00c5kesson i sitt tal i Almedalen lyckas kombinera sin \u201durs\u00e4kt\u201d till Sveriges judar med ett land v\u00e4lfylld med blod och jord-retorik.<\/p>\n\n\n\n<h2 class=\"wp-block-heading\">Nationalismens fundament \u00e4r antisemitiskt<\/h2>\n\n\n\n<p class=\"wp-block-paragraph\">N\u00e4r jag l\u00e4ser H\u00e4yrynens kr\u00f6nika ringer historikern G\u00f6tz Alys utm\u00e4rkta bok <em>Europa mot judarna 1880\u20131945<\/em> i mina \u00f6ron. F\u00e5 har kontextualiserat F\u00f6rintelsen som han. Han beskriver hur Europa under nationalismens segerrus i b\u00f6rjan av 1900-talet driver fram stora projekt f\u00f6r att etniskt rena st\u00e4der, l\u00e4nder och omr\u00e5den. Tyskar, polacker, greker och turkar kan man (med en obeskrivbar m\u00e4ngd v\u00e5ld) f\u00f6rdriva till \u201dr\u00e4tt plats\u201d. \u00c5kessons tjat om de svenska f\u00f6rf\u00e4dernas historiska slit och blod som skapat en \u00e4rvd r\u00e4tt till det h\u00e4r landet \u00e4r en p\u00e5minnelse om vilka som \u00e4r p\u00e5 \u201dfel plats\u201d \u2013 vilka som ska deporteras, vilka som ska tv\u00e5ngsassimileras och vilka som ska leva fritt.<\/p>\n\n\n\n<p class=\"wp-block-paragraph\">Men judar, romer och andra minoriteter hade ingen \u201dr\u00e4tt plats\u201d i Europa. Vi har ingen r\u00e4tt plats i nationalismen. Valet st\u00e5r i slut\u00e4ndan mellan nationalismen och oss. D\u00e4rf\u00f6r har jag sv\u00e5rt att se att en sverigedemokrat kan g\u00f6ra n\u00e5got viktigare f\u00f6r att bek\u00e4mpa antisemitism \u00e4n att l\u00e4mna in partiboken.<\/p>\n","protected":false},"excerpt":{"rendered":"<p>Sverigedemokraternas urs\u00e4kt till svenska judar \u00e4r \u201dinte menad att osynligg\u00f6ra annan rasism, utan att f\u00f6rst\u00e4rka den\u201d. Isak Gerson om varf\u00f6r SD aldrig kommer kunna tv\u00e4tta bort antisemitismen. Sverigedemokraterna har haft otur med en otrolig m\u00e4ngd enskilda incidenter, om man f\u00e5r tro partiets f\u00f6retr\u00e4dares respons p\u00e5 vitboken som sl\u00e4pptes i slutet p\u00e5 juni.Mattias Karlsson beklagar \u201dvissa [&hellip;]<\/p>\n","protected":false},"author":1,"featured_media":0,"comment_status":"open","ping_status":"open","sticky":false,"template":"","format":"standard","meta":{"footnotes":""},"categories":[2],"tags":[],"class_list":["post-208","post","type-post","status-publish","format-standard","hentry","category-arbetaren"],"_links":{"self":[{"href":"https:\/\/www.isakgerson.se\/blog\/wp-json\/wp\/v2\/posts\/208","targetHints":{"allow":["GET"]}}],"collection":[{"href":"https:\/\/www.isakgerson.se\/blog\/wp-json\/wp\/v2\/posts"}],"about":[{"href":"https:\/\/www.isakgerson.se\/blog\/wp-json\/wp\/v2\/types\/post"}],"author":[{"embeddable":true,"href":"https:\/\/www.isakgerson.se\/blog\/wp-json\/wp\/v2\/users\/1"}],"replies":[{"embeddable":true,"href":"https:\/\/www.isakgerson.se\/blog\/wp-json\/wp\/v2\/comments?post=208"}],"version-history":[{"count":1,"href":"https:\/\/www.isakgerson.se\/blog\/wp-json\/wp\/v2\/posts\/208\/revisions"}],"predecessor-version":[{"id":209,"href":"https:\/\/www.isakgerson.se\/blog\/wp-json\/wp\/v2\/posts\/208\/revisions\/209"}],"wp:attachment":[{"href":"https:\/\/www.isakgerson.se\/blog\/wp-json\/wp\/v2\/media?parent=208"}],"wp:term":[{"taxonomy":"category","embeddable":true,"href":"https:\/\/www.isakgerson.se\/blog\/wp-json\/wp\/v2\/categories?post=208"},{"taxonomy":"post_tag","embeddable":true,"href":"https:\/\/www.isakgerson.se\/blog\/wp-json\/wp\/v2\/tags?post=208"}],"curies":[{"name":"wp","href":"https:\/\/api.w.org\/{rel}","templated":true}]}}