{"id":206,"date":"2025-02-01T18:09:00","date_gmt":"2025-02-01T18:09:00","guid":{"rendered":"https:\/\/www.isakgerson.se\/blog\/?p=206"},"modified":"2026-01-11T18:10:20","modified_gmt":"2026-01-11T18:10:20","slug":"ledningen-pressar-hamnarbetarna-att-ratta-in-sig-i-ledet","status":"publish","type":"post","link":"https:\/\/www.isakgerson.se\/blog\/arbetaren\/ledningen-pressar-hamnarbetarna-att-ratta-in-sig-i-ledet\/","title":{"rendered":"Ledningen pressar hamnarbetarna att r\u00e4tta in sig i ledet"},"content":{"rendered":"\n<p class=\"wp-block-paragraph\">\u201dDen som h\u00f6jer sin r\u00f6st riskerar arbetsl\u00f6shet. Attacken mot Erik Helgeson visar oss att det inte finns n\u00e5gon demokrati om vi inte har f\u00f6reningsfrihet och skydd f\u00f6r fackliga f\u00f6rtroendevalda\u201d, skriver Isak Gerson.<\/p>\n\n\n\n<p class=\"wp-block-paragraph\">Bashar Al-Assads grymma regim i Syrien g\u00e5r till historien m\u00e4rkt av den systematiska tortyr och de breda och l\u00e5ngtg\u00e5ende f\u00f6rf\u00f6ljelser av oppositionella som pr\u00e4glade hans 24 \u00e5r vid makten. Varav h\u00e4lften av dessa \u00e5r var under det blodiga inb\u00f6rdeskrig som inleddes under arabiska v\u00e5ren.<\/p>\n\n\n\n<p class=\"wp-block-paragraph\">Det \u00e4r l\u00e4tt att fr\u00e5ga sig \u201dhur kunde det h\u00e4nda?\u201d n\u00e4r man l\u00e4ser om s\u00e5dana regimer, men uppr\u00e4tth\u00e5llandet av en diktatur \u00e4r inget som bara h\u00e4nder. Det \u00e4r n\u00e5got som kr\u00e4ver en infrastruktur av vapen och verktyg f\u00f6r att uppr\u00e4tth\u00e5lla. Centrala delar av \u00f6vervakningsinfrastrukturen k\u00f6ptes in fr\u00e5n Sverige, av Ericsson.<\/p>\n\n\n\n<h2 class=\"wp-block-heading\">Hur kan vi f\u00e5 vapenexporten att forts\u00e4tta?<\/h2>\n\n\n\n<p class=\"wp-block-paragraph\">Svenska bolagsstyrelseledam\u00f6ter har st\u00e4llt sig den omv\u00e4nda fr\u00e5gan om och om igen inf\u00f6r varje leverans. Hur kan vi f\u00e5 det att forts\u00e4tta? Hur kan vi f\u00f6rfina det? Hur kan vi erbjuda det b\u00e4ttre \u00e4n v\u00e5ra konkurrenter? Hur kan vi undvika att v\u00e5ra aff\u00e4rer med syriska regimen blir svartlistade?<\/p>\n\n\n\n<p class=\"wp-block-paragraph\">P\u00e5 svenska logistikf\u00f6retag har liknande styrelseledam\u00f6ter om och om igen best\u00e4mt sig f\u00f6r att uppr\u00e4tth\u00e5lla samma system genom att sk\u00f6ta leveranser. Tj\u00e4nstem\u00e4n och deras chefer p\u00e5 svenska vapenexportmyndigheter har beslutat att godk\u00e4nna dem.<\/p>\n\n\n\n<p class=\"wp-block-paragraph\">Svenska Carl Gustaf-gev\u00e4r anv\u00e4ndes under arabiska v\u00e5ren \u00e4ven av Saudiarabien och av Bahrain mot den egna befolkningen, samt av milit\u00e4rjuntan i Myanmar. Svenska vapen har anv\u00e4nts i slakten i Jemen, av b\u00e5de Saudiarabien och F\u00f6renade Arabemiraten. Det \u00e4r bara ett axplock av brotten svenska vapen varit involverade i. Och nu har \u2013 bland annat \u2013 svenska kikarsikten fr\u00e5n Aimpoint i Malm\u00f6 anv\u00e4nts under Israels invasion av Gaza. \u00d6verallt arbetar vapenbolagen efter samma fr\u00e5ga: hur kan vi f\u00e5 det att forts\u00e4tta?<\/p>\n\n\n\n<h2 class=\"wp-block-heading\">Hur kan vi stoppa vapenexporten?<\/h2>\n\n\n\n<p class=\"wp-block-paragraph\">N\u00e5gra som sticker ut genom att st\u00e4lla den omv\u00e4nda fr\u00e5gan \u00e4r hamnarbetarna, som varslade om blockad mot lastning och lossning av israeliskt krigsmateriel. \u00c4ven utan krigsbrottsanklagelserna fr\u00e5n Internationella brottm\u00e5lsdomstolen och Internationella domstolen borde det vara sj\u00e4lvklart att v\u00e4gra lasta krigsmateriel till ett krigf\u00f6rande land, s\u00e4rskilt n\u00e4r kriget \u00e4r s\u00e5 brutalt som det varit i Gaza.<\/p>\n\n\n\n<p class=\"wp-block-paragraph\">Blockaden bygger p\u00e5 en historisk tradition av fackligt krigsmotst\u00e5nd. <a href=\"https:\/\/www.arbetaren.se\/2021\/06\/02\/hamnar-som-ar-oppna-for-krig-men-stangda-for-manniskor\/\">I nummer 42\/2021 skrev Julia Lindblom i Arbetaren om italienska hamnblockader<\/a> mot b\u00e5de saudiska vapen till Jemenkriget och mot israeliska vapen till Gaza. \u201dKrigsskeppen kan inte f\u00e4rdas \u00f6ver havet om hamnarbetarna v\u00e4grar lasta skeppen. Och lasten \u00e4r egentligen allas v\u00e5rt ansvar.\u201d<\/p>\n\n\n\n<p class=\"wp-block-paragraph\">Erik Helgeson \u00e4r inte sin r\u00f6relse. Hans kraft kommer fr\u00e5n alla de hamnarbetare som st\u00e5r bakom honom. Att han nu sparkas och polisanm\u00e4ls \u00e4r f\u00f6r att pressa de m\u00e5nga till att h\u00e5lla k\u00e4ften och r\u00e4tta in sig i ledet. S\u00e5dan \u00e4r demokratin under kapitalismen. Den som h\u00f6jer sin r\u00f6st riskerar arbetsl\u00f6shet. Attacken mot Erik Helgeson visar oss att det inte finns n\u00e5gon demokrati om vi inte har f\u00f6reningsfrihet och skydd f\u00f6r fackliga f\u00f6rtroendevalda.<a href=\"https:\/\/www.arbetaren.se\/2025\/02\/04\/varslet-ar-en-attack-pa-demokratin-darfor-maste-facken-backa-erik\/\"><\/a><\/p>\n\n\n\n<h2 class=\"wp-block-heading\">Fegt beslut attackera Helgeson<\/h2>\n\n\n\n<p class=\"wp-block-paragraph\">Om den breda fackf\u00f6reningsr\u00f6relsen accepterar att han sparkas \u00e4r det inte bara ett bakslag f\u00f6r kampen mot krig i Gaza och V\u00e4stbanken. Det \u00e4r ocks\u00e5 ett stort steg tillbaka f\u00f6r organiseringsm\u00f6jligheterna mot framtida krig. Och i slut\u00e4ndan ett stort steg tillbaka f\u00f6r m\u00f6jligheterna att organisera sig fackligt. Ingen seri\u00f6s fackf\u00f6rening kan acceptera det, s\u00e5 jag r\u00e4knar med att m\u00e5nga fackf\u00f6rbund h\u00f6jer sin r\u00f6st, <a href=\"https:\/\/www.arbetaren.se\/2025\/02\/04\/klasskamp-uppifran-maste-bemotas\/\">som SAC gjort genom sin generalsekreterare.<\/a><\/p>\n\n\n\n<p class=\"wp-block-paragraph\">Erik Helgeson sparkas med h\u00e4nvisning till \u201ds\u00e4kerhet\u201d och \u201dillojalitet\u201d. Vems s\u00e4kerhet garanteras av att en misst\u00e4nkt krigsbrottsling f\u00e5r en st\u00f6rre vapenarsenal? Vilken lojalitet ska en arbetare f\u00f6rv\u00e4ntas visa samma misst\u00e4nkta krigsbrottsling?<\/p>\n\n\n\n<p class=\"wp-block-paragraph\">Det fega beslutet av arbetsk\u00f6paren Gothenburg Roro Terminals att attackera Helgeson kan inte f\u00f6rst\u00e5s som n\u00e5got annat \u00e4n ett svar p\u00e5 samma fr\u00e5ga som ekat i styrelserummen: Hur kan vi f\u00e5 det h\u00e4r att forts\u00e4tta?<\/p>\n","protected":false},"excerpt":{"rendered":"<p>\u201dDen som h\u00f6jer sin r\u00f6st riskerar arbetsl\u00f6shet. Attacken mot Erik Helgeson visar oss att det inte finns n\u00e5gon demokrati om vi inte har f\u00f6reningsfrihet och skydd f\u00f6r fackliga f\u00f6rtroendevalda\u201d, skriver Isak Gerson. Bashar Al-Assads grymma regim i Syrien g\u00e5r till historien m\u00e4rkt av den systematiska tortyr och de breda och l\u00e5ngtg\u00e5ende f\u00f6rf\u00f6ljelser av oppositionella som [&hellip;]<\/p>\n","protected":false},"author":1,"featured_media":0,"comment_status":"open","ping_status":"open","sticky":false,"template":"","format":"standard","meta":{"footnotes":""},"categories":[2],"tags":[],"class_list":["post-206","post","type-post","status-publish","format-standard","hentry","category-arbetaren"],"_links":{"self":[{"href":"https:\/\/www.isakgerson.se\/blog\/wp-json\/wp\/v2\/posts\/206","targetHints":{"allow":["GET"]}}],"collection":[{"href":"https:\/\/www.isakgerson.se\/blog\/wp-json\/wp\/v2\/posts"}],"about":[{"href":"https:\/\/www.isakgerson.se\/blog\/wp-json\/wp\/v2\/types\/post"}],"author":[{"embeddable":true,"href":"https:\/\/www.isakgerson.se\/blog\/wp-json\/wp\/v2\/users\/1"}],"replies":[{"embeddable":true,"href":"https:\/\/www.isakgerson.se\/blog\/wp-json\/wp\/v2\/comments?post=206"}],"version-history":[{"count":1,"href":"https:\/\/www.isakgerson.se\/blog\/wp-json\/wp\/v2\/posts\/206\/revisions"}],"predecessor-version":[{"id":207,"href":"https:\/\/www.isakgerson.se\/blog\/wp-json\/wp\/v2\/posts\/206\/revisions\/207"}],"wp:attachment":[{"href":"https:\/\/www.isakgerson.se\/blog\/wp-json\/wp\/v2\/media?parent=206"}],"wp:term":[{"taxonomy":"category","embeddable":true,"href":"https:\/\/www.isakgerson.se\/blog\/wp-json\/wp\/v2\/categories?post=206"},{"taxonomy":"post_tag","embeddable":true,"href":"https:\/\/www.isakgerson.se\/blog\/wp-json\/wp\/v2\/tags?post=206"}],"curies":[{"name":"wp","href":"https:\/\/api.w.org\/{rel}","templated":true}]}}