{"id":204,"date":"2025-01-29T18:08:00","date_gmt":"2025-01-29T18:08:00","guid":{"rendered":"https:\/\/www.isakgerson.se\/blog\/?p=204"},"modified":"2026-01-11T18:09:28","modified_gmt":"2026-01-11T18:09:28","slug":"vapenvilan-ar-en-kalla-till-hopp","status":"publish","type":"post","link":"https:\/\/www.isakgerson.se\/blog\/arbetaren\/vapenvilan-ar-en-kalla-till-hopp\/","title":{"rendered":"Vapenvilan \u00e4r en k\u00e4lla till hopp"},"content":{"rendered":"\n<p class=\"wp-block-paragraph\">Israels system f\u00f6r administrativt frihetsber\u00f6vande \u00e4r en kvarleva fr\u00e5n det brittiska kolonialstyret, och det b\u00f6r avskaffas f\u00f6r att freden ska bli h\u00e5llbar, skriver Isak Gerson.<\/p>\n\n\n\n<p class=\"wp-block-paragraph\">Vapenvilan \u00e4r ett litet steg, men \u00e4nd\u00e5 en stor k\u00e4lla till hopp. Den israeliska invasionen d\u00f6dade \u00f6ver 46 000 palestinier, f\u00f6rdrev nio tiondelar av befolkningen fr\u00e5n sina hem och f\u00f6rst\u00f6rde bost\u00e4der, infrastruktur, sjukv\u00e5rd och kultur- och utbildningsinstitutioner som kommer att vara extremt sv\u00e5rt att bygga upp igen.<\/p>\n\n\n\n<p class=\"wp-block-paragraph\">En \u00f6verv\u00e4gande majoritet av de d\u00f6dade palestinierna ber\u00e4knas vara civila. Gaza har nu v\u00e4rldens h\u00f6gsta andel amputerade barn per capita. Varje dag utan vapenvila g\u00f6r det v\u00e4rre.<\/p>\n\n\n\n<p class=\"wp-block-paragraph\">Samtidigt meddelar Israel att de genom att dra ut p\u00e5 tidsplanen g\u00e4llande tillbakadragandet av trupper inte kommer att h\u00e5lla sin del av avtalet om vapenvila med Hizbollah. Vad v\u00e4rre \u00e4r, verkar de ha flyttat sitt milit\u00e4ra v\u00e5ld till V\u00e4stbanken i vad som kallas en \u201deftergift till de h\u00f6gerextrema\u201d.<\/p>\n\n\n\n<p class=\"wp-block-paragraph\">Cynismen i att anv\u00e4nda d\u00f6dligt milit\u00e4rt v\u00e5ld som en parlamentarisk spelpj\u00e4s \u00e4r obeskrivbar.<a href=\"https:\/\/www.arbetaren.se\/2025\/01\/15\/nya-uppgifter-om-gaza-betydligt-fler-dodsoffer-an-tidigare-rapporter\/\"><\/a><\/p>\n\n\n\n<p class=\"wp-block-paragraph\">En stor gl\u00e4dje med vapenvilan i Gaza \u00e4r sl\u00e4ppandet av gisslan och palestinska f\u00e5ngar fr\u00e5n israeliska f\u00e4ngelser. Livet som gisslan \u2013 under vad som nu \u00e4r femton m\u00e5nader \u2013 m\u00e5ste vara vederv\u00e4rdigt och skr\u00e4ckfyllt. Det finns goda sk\u00e4l att gisslantagande av civilbefolkning \u00e4r f\u00f6rbjudet enligt Gen\u00e8vekonventionen, och jag s\u00f6rjer att Hamas ledare inte har m\u00f6jlighet att pr\u00f6vas vid sidan av den israeliska regeringens ansvariga ministrar i ICC d\u00e5 Israel d\u00f6dat dem innan r\u00e4tteg\u00e5ng.<\/p>\n\n\n\n<h2 class=\"wp-block-heading\">R\u00f6relsen f\u00f6r gisslan en del av israeliskt regeringsmotst\u00e5nd<\/h2>\n\n\n\n<p class=\"wp-block-paragraph\">Livet f\u00f6r familjerna till gisslan har nog inte varit l\u00e4ttare. Det har funnits en udda diskrepans i att f\u00f6lja kriget genom b\u00e5de det svenska och det israeliska politiska samtalet. I Sverige diskuteras gisslan mestadels av de som f\u00f6rsvarar Israel och dess krigf\u00f6ring. Men i Israel \u00e4r r\u00f6relsen f\u00f6r gisslan, precis som m\u00e5nga av familjerna till de som h\u00e5lls gisslan, en viktig del i r\u00f6relsen mot regeringen. M\u00e5nga av dem ins\u00e5g tidigt hur ointresserade den israeliska regeringen har varit av att r\u00e4dda gisslan. De var upptagna med sin invasion.<\/p>\n\n\n\n<p class=\"wp-block-paragraph\">Det finns m\u00e5nga steg som beh\u00f6vs f\u00f6r en varaktig fred, och jag hoppas att den sm\u00e4rta gisslantagandet varit f\u00f6r det israeliska samh\u00e4llet kan p\u00e5minna om det. Ingen ska beh\u00f6va vara tillf\u00e5ngatagen och under st\u00e4ndigt hot under s\u00e5 h\u00e4r l\u00e5ng tid, helt utan vetskap om n\u00e4r man blir fri eller om man kommer att \u00f6verleva f\u00e5ngenskapen.<a href=\"https:\/\/www.arbetaren.se\/2025\/01\/16\/trump-effekt-bakom-vapenvilan\/\"><\/a><\/p>\n\n\n\n<p class=\"wp-block-paragraph\">Israel b\u00f6r d\u00e4rf\u00f6r avskaffa sitt system f\u00f6r administrativt frihetsber\u00f6vande.<\/p>\n\n\n\n<p class=\"wp-block-paragraph\">N\u00e4stan 7 000 palestinier \u00e4r just nu f\u00e5ngar. Ingen r\u00e4ttspr\u00f6vning g\u00f6rs och det finns ingen tidsbegr\u00e4nsning. Tv\u00e4rtom sker frihetsber\u00f6vandena ofta godtyckligt. De p\u00e5g\u00e5r i snitt ett \u00e5r, men m\u00e5nga har suttit mycket l\u00e4ngre \u00e4n s\u00e5. De f\u00f6rnyas var sj\u00e4tte m\u00e5nad, men inget sk\u00e4l beh\u00f6ver ges.<\/p>\n\n\n\n<h2 class=\"wp-block-heading\">Kvarleva fr\u00e5n brittiska kolonialstyret<\/h2>\n\n\n\n<p class=\"wp-block-paragraph\">Den israeliska f\u00f6rsvarsministern Israel Katz har helt r\u00e4tt n\u00e4r han s\u00e4ger att \u201dom det finns misstanke om brottsliga g\u00e4rningar kan g\u00e4rningsm\u00e4nnen \u00e5talas, och om inte, finns det andra f\u00f6rebyggande \u00e5tg\u00e4rder som kan anv\u00e4ndas \u00e4n administrativt frihetsber\u00f6vande\u201d. Tyv\u00e4rr pratade han specifikt om att f\u00f6rbjuda \u00e5tg\u00e4rden f\u00f6r israeliska bos\u00e4ttare p\u00e5 V\u00e4stbanken, men argumentet st\u00e4mmer.&nbsp;<\/p>\n\n\n\n<p class=\"wp-block-paragraph\">Ingen v\u00e4rdig demokratisk r\u00e4ttsstat till\u00e5ter inl\u00e5sning utan pr\u00f6vning p\u00e5 obegr\u00e4nsad tid. Sverige f\u00e5r regelbundet kritik fr\u00e5n FN:s tortyrkommitt\u00e9 f\u00f6r v\u00e5ra l\u00e5nga h\u00e4ktningstider, men i j\u00e4mf\u00f6relse med vad palestinier f\u00e5r utst\u00e5 \u00e4r det inte mycket.&nbsp;<\/p>\n\n\n\n<p class=\"wp-block-paragraph\">Systemet f\u00f6r administrativt frihetsber\u00f6vande i Israel, s\u00e5v\u00e4l som i m\u00e5nga andra asiatiska l\u00e4nder, \u00e4r en kvarleva fr\u00e5n det brittiska kolonialstyret. N\u00e4r det inf\u00f6rdes blev det h\u00f6ga protester bland judiska jurister i Palestinamandatet, det vill s\u00e4ga hela det omr\u00e5de som i dag \u00e4r Israel, V\u00e4stbanken, Gaza, Golanh\u00f6jderna och Jordanien. En av dem formulerade det s\u00e5h\u00e4r: \u201dLagarna strider mot de mest grundl\u00e4ggande principerna av r\u00e4tt, r\u00e4ttvisa och r\u00e4ttsvetenskap. De ger administrativa och milit\u00e4ra ledare makt att p\u00e5tvinga straff som, \u00e4ven om de hade godk\u00e4nts av en r\u00e4ttsinstans, bara kan ses som anarkistiska [tar s\u00e5klart avst\u00e5nd fr\u00e5n det] och avvikande.\u201d \u00c5terigen \u00e4r det helt korrekt, n\u00e4r det skrevs som i dag.<\/p>\n","protected":false},"excerpt":{"rendered":"<p>Israels system f\u00f6r administrativt frihetsber\u00f6vande \u00e4r en kvarleva fr\u00e5n det brittiska kolonialstyret, och det b\u00f6r avskaffas f\u00f6r att freden ska bli h\u00e5llbar, skriver Isak Gerson. Vapenvilan \u00e4r ett litet steg, men \u00e4nd\u00e5 en stor k\u00e4lla till hopp. Den israeliska invasionen d\u00f6dade \u00f6ver 46 000 palestinier, f\u00f6rdrev nio tiondelar av befolkningen fr\u00e5n sina hem och f\u00f6rst\u00f6rde [&hellip;]<\/p>\n","protected":false},"author":1,"featured_media":0,"comment_status":"open","ping_status":"open","sticky":false,"template":"","format":"standard","meta":{"footnotes":""},"categories":[2],"tags":[],"class_list":["post-204","post","type-post","status-publish","format-standard","hentry","category-arbetaren"],"_links":{"self":[{"href":"https:\/\/www.isakgerson.se\/blog\/wp-json\/wp\/v2\/posts\/204","targetHints":{"allow":["GET"]}}],"collection":[{"href":"https:\/\/www.isakgerson.se\/blog\/wp-json\/wp\/v2\/posts"}],"about":[{"href":"https:\/\/www.isakgerson.se\/blog\/wp-json\/wp\/v2\/types\/post"}],"author":[{"embeddable":true,"href":"https:\/\/www.isakgerson.se\/blog\/wp-json\/wp\/v2\/users\/1"}],"replies":[{"embeddable":true,"href":"https:\/\/www.isakgerson.se\/blog\/wp-json\/wp\/v2\/comments?post=204"}],"version-history":[{"count":1,"href":"https:\/\/www.isakgerson.se\/blog\/wp-json\/wp\/v2\/posts\/204\/revisions"}],"predecessor-version":[{"id":205,"href":"https:\/\/www.isakgerson.se\/blog\/wp-json\/wp\/v2\/posts\/204\/revisions\/205"}],"wp:attachment":[{"href":"https:\/\/www.isakgerson.se\/blog\/wp-json\/wp\/v2\/media?parent=204"}],"wp:term":[{"taxonomy":"category","embeddable":true,"href":"https:\/\/www.isakgerson.se\/blog\/wp-json\/wp\/v2\/categories?post=204"},{"taxonomy":"post_tag","embeddable":true,"href":"https:\/\/www.isakgerson.se\/blog\/wp-json\/wp\/v2\/tags?post=204"}],"curies":[{"name":"wp","href":"https:\/\/api.w.org\/{rel}","templated":true}]}}