{"id":202,"date":"2024-11-05T18:07:00","date_gmt":"2024-11-05T18:07:00","guid":{"rendered":"https:\/\/www.isakgerson.se\/blog\/?p=202"},"modified":"2026-01-11T18:08:29","modified_gmt":"2026-01-11T18:08:29","slug":"nar-den-tredje-statsmakten-bara-blir-statsmakt","status":"publish","type":"post","link":"https:\/\/www.isakgerson.se\/blog\/arbetaren\/nar-den-tredje-statsmakten-bara-blir-statsmakt\/","title":{"rendered":"N\u00e4r den tredje statsmakten bara blir statsmakt"},"content":{"rendered":"\n<p class=\"wp-block-paragraph\">Det beh\u00f6vs en kritisk diskussion om hur media v\u00e4rderar sina k\u00e4llor, skriver Isak Gerson i en signerat-text f\u00f6r Arbetaren. Med exempel fr\u00e5n Israel och svensk polisk\u00e5r visar han p\u00e5 tillf\u00e4llen d\u00e5 den tredje statsmakten misslyckas i sitt uppdrag och ist\u00e4llet blir megafon f\u00f6r just statsmakten.<\/p>\n\n\n\n<p class=\"wp-block-paragraph\">Den senaste tiden har kritik regelm\u00e4ssigt riktats mot svenska medier f\u00f6r dess rapportering kring kriget i Israel\/Palestina och de demonstrationer som konflikten givit upphov till h\u00e4r. Den kritiken \u00e4r viktig av m\u00e5nga sk\u00e4l, och den kr\u00e4ver att vi ser de bakomliggande faktorerna. Inte bara f\u00f6r att id\u00e9n om att IDF har en gr\u00e4ddfil i svenska medier kommer att f\u00f6rst\u00e4rka antisemitiska teorier, utan ocks\u00e5 f\u00f6r att m\u00f6nstret \u00e4r s\u00e5 mycket st\u00f6rre \u00e4n IDF.<\/p>\n\n\n\n<p class=\"wp-block-paragraph\">Vi kan kalla m\u00f6nstret \u201dSv\u00e4rdet \u00e4r m\u00e4ktigare \u00e4n pennan\u201d. Vad det handlar om \u00e4r att m\u00e5nga nyhetsmedier kommer alltid att v\u00e4rdera uppgifter fr\u00e5n polisen och milit\u00e4ren h\u00f6gst. IDF \u00e4r sedan Sveriges Natointr\u00e4de en allierad milit\u00e4rorganisation.<\/p>\n\n\n\n<h2 class=\"wp-block-heading\">Media sprider IDF:s l\u00f6gner<\/h2>\n\n\n\n<p class=\"wp-block-paragraph\">P\u00e5 s\u00e5 s\u00e4tt kan vi f\u00f6rst\u00e5 hur den overifierade och makabra uppgiften om att Hamas skulle ha halshuggit 40 sp\u00e4dbarn kunde f\u00e5 s\u00e5dan extrem spridning att&nbsp;<a href=\"https:\/\/www.reuters.com\/world\/nato-ministers-shown-horrific-video-hamas-attack-2023-10-12\/\">Joe Biden offentligt framf\u00f6rde<\/a>&nbsp;den under en presskonferens. Uppgifter som Israel senare bekr\u00e4ftat som falska till franska <a href=\"https:\/\/www.lemonde.fr\/en\/les-decodeurs\/article\/2024\/04\/03\/40-beheaded-babies-the-itinerary-of-a-rumor-at-the-heart-of-the-information-battle-between-israel-and-hamas_6667274_8.html\">Le Monde<\/a>. Det&nbsp;h\u00e4r var ett extremfall, men i \u00f6vrigt typiskt f\u00f6r hur media behandlar IDF:s uppgifter. M\u00f6nstret k\u00e4nns igen fr\u00e5n hur media behandlar amerikanska arm\u00e9ns uppgifter inf\u00f6r en stundande invasion eller f\u00f6r den delen polisi\u00e4rt \u00f6verv\u00e5ld.<br><br>Det verkar g\u00f6ra detsamma hur m\u00e5nga g\u00e5nger polisen konfronteras med att de haft ihj\u00e4l obev\u00e4pnade personer \u2013 Osmo Vallo, Sinthu Selvarajah, Eric Torell f\u00f6r att n\u00e4mna n\u00e5gra \u2013 eller hur m\u00e5nga g\u00e5nger IDF trots bildbevis bedyrar att de inte anv\u00e4nder vit fosfor. Om de s\u00e4ger det trycks uppgiften. Oavsett hur m\u00e5nga g\u00e5nger polisen ljuger om att fredliga demonstranter blockerat ambulanser eller saboterat polisinsatser kommer de stora nyhetsk\u00e4llorna forts\u00e4tta att lita p\u00e5 deras uppgifter.<\/p>\n\n\n\n<h2 class=\"wp-block-heading\">Saknas kritisk diskussion<\/h2>\n\n\n\n<p class=\"wp-block-paragraph\">Mediekritiken k\u00e4nns som mest hemma n\u00e4r jag h\u00f6r Mathias W\u00e5g och Victor Pressfeldt diskutera den i podcasten Apans Anatomi (avsnittet \u201dMotgranskarna\u201d). Man h\u00f6r att de b\u00e5da \u00e4r vana vid reglerna. De vet hur media hanterar polisuppgifter, och har b\u00e5da gjort mycket f\u00f6r att v\u00e4nda trenden. Men det \u00e4r alltid ett arbete i uppf\u00f6rsbacke.<\/p>\n\n\n\n<p class=\"wp-block-paragraph\">M\u00e5nga av oss i yttre v\u00e4nstern har personliga erfarenheter av det, b\u00e5de fr\u00e5n tillf\u00e4llen d\u00e4r polisen p\u00e5kommits med sina l\u00f6gner, som vid toppm\u00f6tesdemonstrationerna i G\u00f6teborg 2001 eller den k\u00e4nda antinazistiska demonstrationen i Limhamn 2014 som diskuteras i podden \u2013 och fr\u00e5n de g\u00e5nger de inte p\u00e5kommits. Skillnaden mellan dem \u00e4r n\u00e4r det funnits en bevakning fr\u00e5n den egna r\u00f6relsen som direkt kunnat m\u00f6ta och motbevisa polisens uppgifter.<\/p>\n\n\n\n<p class=\"wp-block-paragraph\">Varje g\u00e5ng de avsl\u00f6jas uppst\u00e5r i b\u00e4sta fall en isolerad diskussion om just det fallets felaktiga uppgifter. Det som beh\u00f6vs \u00e4r en kritisk diskussion om hur media v\u00e4rderar sina k\u00e4llor alla andra g\u00e5nger, n\u00e4r de snabbt publicerar uppgifter fr\u00e5n polis och milit\u00e4r.<br><br>Om svenska nyhetsk\u00e4llor inte klarar av att granska svensk kriminal- eller utrikespolitik upph\u00f6r de att vara en tredje statsmakt.<br><br>D\u00e5 \u00e4r de bara statsmakt.<\/p>\n","protected":false},"excerpt":{"rendered":"<p>Det beh\u00f6vs en kritisk diskussion om hur media v\u00e4rderar sina k\u00e4llor, skriver Isak Gerson i en signerat-text f\u00f6r Arbetaren. Med exempel fr\u00e5n Israel och svensk polisk\u00e5r visar han p\u00e5 tillf\u00e4llen d\u00e5 den tredje statsmakten misslyckas i sitt uppdrag och ist\u00e4llet blir megafon f\u00f6r just statsmakten. Den senaste tiden har kritik regelm\u00e4ssigt riktats mot svenska medier [&hellip;]<\/p>\n","protected":false},"author":1,"featured_media":0,"comment_status":"open","ping_status":"open","sticky":false,"template":"","format":"standard","meta":{"footnotes":""},"categories":[2],"tags":[],"class_list":["post-202","post","type-post","status-publish","format-standard","hentry","category-arbetaren"],"_links":{"self":[{"href":"https:\/\/www.isakgerson.se\/blog\/wp-json\/wp\/v2\/posts\/202","targetHints":{"allow":["GET"]}}],"collection":[{"href":"https:\/\/www.isakgerson.se\/blog\/wp-json\/wp\/v2\/posts"}],"about":[{"href":"https:\/\/www.isakgerson.se\/blog\/wp-json\/wp\/v2\/types\/post"}],"author":[{"embeddable":true,"href":"https:\/\/www.isakgerson.se\/blog\/wp-json\/wp\/v2\/users\/1"}],"replies":[{"embeddable":true,"href":"https:\/\/www.isakgerson.se\/blog\/wp-json\/wp\/v2\/comments?post=202"}],"version-history":[{"count":1,"href":"https:\/\/www.isakgerson.se\/blog\/wp-json\/wp\/v2\/posts\/202\/revisions"}],"predecessor-version":[{"id":203,"href":"https:\/\/www.isakgerson.se\/blog\/wp-json\/wp\/v2\/posts\/202\/revisions\/203"}],"wp:attachment":[{"href":"https:\/\/www.isakgerson.se\/blog\/wp-json\/wp\/v2\/media?parent=202"}],"wp:term":[{"taxonomy":"category","embeddable":true,"href":"https:\/\/www.isakgerson.se\/blog\/wp-json\/wp\/v2\/categories?post=202"},{"taxonomy":"post_tag","embeddable":true,"href":"https:\/\/www.isakgerson.se\/blog\/wp-json\/wp\/v2\/tags?post=202"}],"curies":[{"name":"wp","href":"https:\/\/api.w.org\/{rel}","templated":true}]}}