{"id":20,"date":"2016-05-22T11:16:41","date_gmt":"2016-05-22T11:16:41","guid":{"rendered":"https:\/\/copyisright.se\/?p=20"},"modified":"2026-01-11T18:54:19","modified_gmt":"2026-01-11T18:54:19","slug":"tjugoaring-fick-dodshjalp-pga-overgrepp-dagens-seglora","status":"publish","type":"post","link":"https:\/\/www.isakgerson.se\/blog\/dagens-seglora\/tjugoaring-fick-dodshjalp-pga-overgrepp-dagens-seglora\/","title":{"rendered":"Tjugo\u00e5ring fick d\u00f6dshj\u00e4lp pga \u00f6vergrepp (Dagens Seglora)"},"content":{"rendered":"<p>En kvinna i tjugo\u00e5rs\u00e5ldern fick d\u00f6dshj\u00e4lp p\u00e5 grund av skadorna hon drog p\u00e5 sig efter regelbundna sexuella \u00f6vergrepp genom i stort sett hela barndomen (<a href=\"http:\/\/%3Chttp\/\/www.independent.co.uk\/news\/world\/europe\/sex-abuse-victim-in-her-20s-allowed-by-dutch-doctors-to-undergo-euthanasia-due-to-severe-ptsd-a7023666.html%3E\">l\u00e4s mer h\u00e4r<\/a>), d\u00e5 hon bed\u00f6mdes \u201cobotbar\u201d. Artikeln i Vice uppm\u00e4rksammar \u00a0och redovisar de\u00a0<a href=\"http:\/\/%3Chttps\/\/broadly.vice.com\/en_us\/article\/sexual-abuse-victim-in-her-20s-allowed-suicide-by-doctors-in-netherlands%3E\">sv\u00e5righeter med d\u00f6dshj\u00e4lp<\/a>\u00a0som uppenbaras i en s\u00e5dan situation.<\/p>\n<div class=\"post-content\">\n<p>Men oavsett vad man tycker om d\u00f6dshj\u00e4lp som fenomen eller ens om d\u00f6dshj\u00e4lp som svar p\u00e5 sv\u00e5ra trauman, finns det en fr\u00e5ga som vore intressant att diskutera, och det \u00e4r skuldfr\u00e5gan. Om man accepterar den nederl\u00e4ndska v\u00e5rdens beslut, och d\u00e4rmed ser d\u00f6dshj\u00e4lpen som en administrerad medicinsk \u00e5tg\u00e4rd \u00e4r fr\u00e5gan hur skulden ser ut f\u00f6r den ursprungliga f\u00f6r\u00f6varen.<\/p>\n<p>Om jag blir skjuten i br\u00f6stet, ink\u00f6rd p\u00e5 akuten och v\u00e5rdas i ett par dagar innan l\u00e4karna inser att de inte kan r\u00e4dda livet p\u00e5 mig, kommer f\u00f6r\u00f6varen antagligen \u2013 om hen g\u00e5r att hitta \u2013 att straffas f\u00f6r i alla fall v\u00e5llande till annans d\u00f6d. Skulden f\u00f6r min d\u00f6d kommer att l\u00e4ggas p\u00e5 n\u00e5gon. B\u00f6r inte samma sak g\u00e4lla f\u00f6r\u00f6varen mot tjugo\u00e5ringen? De skador som uppstod under \u00f6vergreppen m\u00e5ste ju, om d\u00f6dshj\u00e4lp \u00e4r ett v\u00e5rdingrepp som bara anv\u00e4nds n\u00e4r det \u00e4r motiverat, vara det som d\u00f6dade kvinnan. Alternativet \u00e4r ju att l\u00e4gga skulden p\u00e5 de som administrerade d\u00f6dshj\u00e4lpen.<\/p>\n<p>Men hur \u00e4r det med sj\u00e4lvmord som beg\u00e5s utanf\u00f6r v\u00e5rden inv\u00e4nder n\u00e5gon. Jo, men de sj\u00e4lvmorden ses inte som rationella responser p\u00e5 trauman. De ses som olyckor som bek\u00e4mpas med akutv\u00e5rd n\u00e4r v\u00e5rden f\u00e5r reda p\u00e5 att ett sj\u00e4lvmord \u00e4r p\u00e5 v\u00e4g att ske. Men visst, enligt d\u00f6dshj\u00e4lpslogiken b\u00f6r \u00e4ven de h\u00e4ndelserna f\u00f6rst\u00e5s som att skulden f\u00f6r sj\u00e4lvmorden ligger p\u00e5 f\u00f6r\u00f6varna. Och det tycker jag inte l\u00e5ter s\u00e5 konstigt.<\/p>\n<p>Och fallet kompliceras \u00e4nnu mer av att kvinnan f\u00e5tt d\u00f6dshj\u00e4lp f\u00f6r n\u00e5gon som ing\u00e5r i ett strukturellt v\u00e5ld \u2013 m\u00e4ns sexuella v\u00e5ld mot kvinnor. Om vi b\u00f6rjar ge d\u00f6dshj\u00e4lp till de kvinnor som utsatts f\u00f6r m\u00e4ns v\u00e5ld, hur m\u00e5nga kvinnor kommer vi d\u00e5 att ge d\u00f6dshj\u00e4lp till i framtiden?<\/p>\n<\/div>\n","protected":false},"excerpt":{"rendered":"<p>En kvinna i tjugo\u00e5rs\u00e5ldern fick d\u00f6dshj\u00e4lp p\u00e5 grund av skadorna hon drog p\u00e5 sig efter regelbundna sexuella \u00f6vergrepp genom i stort sett hela barndomen (l\u00e4s mer h\u00e4r), d\u00e5 hon bed\u00f6mdes \u201cobotbar\u201d. Artikeln i Vice uppm\u00e4rksammar \u00a0och redovisar de\u00a0sv\u00e5righeter med d\u00f6dshj\u00e4lp\u00a0som uppenbaras i en s\u00e5dan situation. Men oavsett vad man tycker om d\u00f6dshj\u00e4lp som fenomen eller [&hellip;]<\/p>\n","protected":false},"author":1,"featured_media":0,"comment_status":"open","ping_status":"open","sticky":false,"template":"","format":"standard","meta":{"footnotes":""},"categories":[3],"tags":[],"class_list":["post-20","post","type-post","status-publish","format-standard","hentry","category-dagens-seglora"],"_links":{"self":[{"href":"https:\/\/www.isakgerson.se\/blog\/wp-json\/wp\/v2\/posts\/20","targetHints":{"allow":["GET"]}}],"collection":[{"href":"https:\/\/www.isakgerson.se\/blog\/wp-json\/wp\/v2\/posts"}],"about":[{"href":"https:\/\/www.isakgerson.se\/blog\/wp-json\/wp\/v2\/types\/post"}],"author":[{"embeddable":true,"href":"https:\/\/www.isakgerson.se\/blog\/wp-json\/wp\/v2\/users\/1"}],"replies":[{"embeddable":true,"href":"https:\/\/www.isakgerson.se\/blog\/wp-json\/wp\/v2\/comments?post=20"}],"version-history":[{"count":1,"href":"https:\/\/www.isakgerson.se\/blog\/wp-json\/wp\/v2\/posts\/20\/revisions"}],"predecessor-version":[{"id":254,"href":"https:\/\/www.isakgerson.se\/blog\/wp-json\/wp\/v2\/posts\/20\/revisions\/254"}],"wp:attachment":[{"href":"https:\/\/www.isakgerson.se\/blog\/wp-json\/wp\/v2\/media?parent=20"}],"wp:term":[{"taxonomy":"category","embeddable":true,"href":"https:\/\/www.isakgerson.se\/blog\/wp-json\/wp\/v2\/categories?post=20"},{"taxonomy":"post_tag","embeddable":true,"href":"https:\/\/www.isakgerson.se\/blog\/wp-json\/wp\/v2\/tags?post=20"}],"curies":[{"name":"wp","href":"https:\/\/api.w.org\/{rel}","templated":true}]}}