{"id":194,"date":"2024-05-07T17:59:00","date_gmt":"2024-05-07T17:59:00","guid":{"rendered":"https:\/\/www.isakgerson.se\/blog\/?p=194"},"modified":"2026-01-11T18:01:48","modified_gmt":"2026-01-11T18:01:48","slug":"partivanstern-glider-langre-och-langre-ifran-sina-grasrotter","status":"publish","type":"post","link":"https:\/\/www.isakgerson.se\/blog\/arbetaren\/partivanstern-glider-langre-och-langre-ifran-sina-grasrotter\/","title":{"rendered":"Partiv\u00e4nstern glider l\u00e4ngre och l\u00e4ngre ifr\u00e5n sina gr\u00e4sr\u00f6tter"},"content":{"rendered":"\n<p class=\"wp-block-paragraph\">Manifestationen efter d\u00e5det i Gubb\u00e4ngen blev mer ett partim\u00f6te f\u00f6r riksdagens v\u00e4nstersida \u00e4n en bred antifascistisk manifestation n\u00e4r gr\u00e4sr\u00f6tterna l\u00e4mnades utanf\u00f6r, skriver Isak Gerson och menar att om vi l\u00e5ter nazisterna best\u00e4mma vilka vi organiserar oss medkommer just s\u00e5dana m\u00f6ten som det som attackerades i Gubb\u00e4ngen f\u00f6rsvinna.<\/p>\n\n\n\n<p class=\"wp-block-paragraph\">Efter det nazistiska d\u00e5det mot V\u00e4nsterpartiets och Milj\u00f6partiets m\u00f6te om fascism i Gubb\u00e4ngen samlades Stockholms breda v\u00e4nster och andra demokratiskt sinnade i en manifestation mot rasismen i samma f\u00f6rort. P\u00e5 v\u00e4g in till manifestationen funderade jag p\u00e5 vilka konflikter som skulle kunna uppst\u00e5 med nazister under m\u00f6tet. N\u00e4r jag v\u00e4l kom dit upplystes jag n\u00e4stan direkt om att konflikten var riktad \u00e5t ett annat h\u00e5ll.<a href=\"https:\/\/www.arbetaren.se\/2024\/04\/25\/gubbangen-kraftsamlar-efter-nazisternas-attack-de-kommer-inte-tysta-oss\/\"><\/a><\/p>\n\n\n\n<p class=\"wp-block-paragraph\">Manifestationen hade ursprungligen arrangerats som ett brett samlande evenemang f\u00f6r det antirasistiska f\u00f6reningslivet. Men kort inf\u00f6r manifestationen best\u00e4mde man sig f\u00f6r att smalna ner det s\u00e5 att det i stort sett blev ett partim\u00f6te f\u00f6r riksdagens v\u00e4nstersida.<\/p>\n\n\n\n<p class=\"wp-block-paragraph\">Victoria Rixer fr\u00e5n Linje 17 mot rasism \u00e4r en av de talare som str\u00f6ks fr\u00e5n talarlistan under omvandlingen. \u201dMan hade kunnat str\u00e4cka ut en hand, och kroka arm med grupper som har haft ett l\u00e5ngvarigt antifascistiskt engagemang\u201d s\u00e4ger hon till Flamman.<\/p>\n\n\n\n<h2 class=\"wp-block-heading\">En utstr\u00e4ckt hand<\/h2>\n\n\n\n<p class=\"wp-block-paragraph\">Att dessa f\u00f6reningar, b\u00e5de de antirasistiska och de frist\u00e5ende v\u00e4nsterf\u00f6reningarna som Allt \u00e5t alla \u00e4nd\u00e5 d\u00f6k upp efter att f\u00f6rst ha blivit strukna fr\u00e5n arrangemanget f\u00e5r nog s\u00e4gas vara en s\u00e5dan utstr\u00e4ckt hand. Det \u00e4r just den typen av respektfull artighet som enigheten mot fascism kr\u00e4ver. Att den som utan tvekan drabbades v\u00e4rst av det nazistiska v\u00e5ldet var Mathias W\u00e5g p\u00e5pekades under m\u00f6tet med talk\u00f6ren fr\u00e5n denna v\u00e4nster \u201d<em>N\u00e4mn ett offer f\u00f6r detta d\u00e5d \/ det var v\u00e5r Mathias W\u00e5g<\/em>\u201d.&nbsp;<\/p>\n\n\n\n<p class=\"wp-block-paragraph\">Det hela blir extra sorgligt n\u00e4r man t\u00e4nker p\u00e5 hur partiv\u00e4nstern glider l\u00e4ngre och l\u00e4ngre ifr\u00e5n sina gr\u00e4sr\u00f6tter och folkr\u00f6relser. H\u00e4r fanns en ypperlig m\u00f6jlighet att bygga relationer med r\u00f6relser som driver ens politik i f\u00f6reningar p\u00e5 marken. Men man prioriterade att f\u00e5 en bra kickoff till valkampanjen.<a href=\"https:\/\/www.arbetaren.se\/2024\/04\/24\/efter-nazistshyattacken-fyll-slagorden-med-handling\/\"><\/a><\/p>\n\n\n\n<p class=\"wp-block-paragraph\">Kanske var man ocks\u00e5 r\u00e4dd f\u00f6r hur det skulle se ut att synas med det antirasistiska f\u00f6reningslivet i reaktion\u00e4ra tider. Bland talen uttrycktes stundvis en id\u00e9 om hur sjukt det var att ett s\u00e5 oextremt m\u00f6te blev utsatt f\u00f6r nazistiskt v\u00e5ld. Men vart slutar tanken om man l\u00e5ter den l\u00f6pa? Ska vi acceptera v\u00e5ldsd\u00e5d n\u00e4r de sker mot f\u00f6reningar till v\u00e4nster om partierna?<\/p>\n\n\n\n<h2 class=\"wp-block-heading\">Nazisterna driver demoniseringskampanjer<\/h2>\n\n\n\n<p class=\"wp-block-paragraph\">Det \u00e4r just i situationer n\u00e4r nazister attackerar som det \u00e4r som viktigast att sl\u00e4ppa den r\u00e4dslan och m\u00f6tas. Att det finns en politisk kostnad f\u00f6rknippad med antifascister som Mathias W\u00e5g \u00e4r f\u00f6r att nazisterna driver demoniseringskampanjer mot sina motst\u00e5ndare. Den kostnaden k\u00e4nner organisat\u00f6rerna av m\u00f6tet i Gubb\u00e4ngen till. Men om vi l\u00e5ter nazisterna best\u00e4mma vilka vi organiserar oss medkommer just s\u00e5dana m\u00f6ten f\u00f6rsvinna.<a href=\"https:\/\/www.arbetaren.se\/2024\/05\/02\/annu-ett-misstankt-hogerextremt-attentat-skakar-sodra-stockshyholm\/\"><\/a><\/p>\n\n\n\n<p class=\"wp-block-paragraph\">Och f\u00f6rsvinna kommer ocks\u00e5 den breda antirasistiska organiseringen att g\u00f6ra. Jag kan bara hoppas att den hand som str\u00e4cktes ut av f\u00f6reningarna och r\u00f6relserna som \u00e4nd\u00e5 kom p\u00e5 manifestationen besvaras. Vid m\u00f6tet i Gubb\u00e4ngen var partiv\u00e4nstern arrang\u00f6rer, s\u00e5 sj\u00e4lvklart st\u00e5r de upp mot den nazistiska attacken. Nu n\u00e4r Victoria Rixers kaf\u00e9 Torpet i Orhem br\u00e4nts ner en vecka efter attacken i Gubb\u00e4ngen (sannolikt, men inte s\u00e4kert av h\u00f6gerextrema) vore det fint att se en s\u00e5dan hand, till exempel.<\/p>\n","protected":false},"excerpt":{"rendered":"<p>Manifestationen efter d\u00e5det i Gubb\u00e4ngen blev mer ett partim\u00f6te f\u00f6r riksdagens v\u00e4nstersida \u00e4n en bred antifascistisk manifestation n\u00e4r gr\u00e4sr\u00f6tterna l\u00e4mnades utanf\u00f6r, skriver Isak Gerson och menar att om vi l\u00e5ter nazisterna best\u00e4mma vilka vi organiserar oss medkommer just s\u00e5dana m\u00f6ten som det som attackerades i Gubb\u00e4ngen f\u00f6rsvinna. Efter det nazistiska d\u00e5det mot V\u00e4nsterpartiets och Milj\u00f6partiets [&hellip;]<\/p>\n","protected":false},"author":1,"featured_media":0,"comment_status":"open","ping_status":"open","sticky":false,"template":"","format":"standard","meta":{"footnotes":""},"categories":[2],"tags":[],"class_list":["post-194","post","type-post","status-publish","format-standard","hentry","category-arbetaren"],"_links":{"self":[{"href":"https:\/\/www.isakgerson.se\/blog\/wp-json\/wp\/v2\/posts\/194","targetHints":{"allow":["GET"]}}],"collection":[{"href":"https:\/\/www.isakgerson.se\/blog\/wp-json\/wp\/v2\/posts"}],"about":[{"href":"https:\/\/www.isakgerson.se\/blog\/wp-json\/wp\/v2\/types\/post"}],"author":[{"embeddable":true,"href":"https:\/\/www.isakgerson.se\/blog\/wp-json\/wp\/v2\/users\/1"}],"replies":[{"embeddable":true,"href":"https:\/\/www.isakgerson.se\/blog\/wp-json\/wp\/v2\/comments?post=194"}],"version-history":[{"count":1,"href":"https:\/\/www.isakgerson.se\/blog\/wp-json\/wp\/v2\/posts\/194\/revisions"}],"predecessor-version":[{"id":195,"href":"https:\/\/www.isakgerson.se\/blog\/wp-json\/wp\/v2\/posts\/194\/revisions\/195"}],"wp:attachment":[{"href":"https:\/\/www.isakgerson.se\/blog\/wp-json\/wp\/v2\/media?parent=194"}],"wp:term":[{"taxonomy":"category","embeddable":true,"href":"https:\/\/www.isakgerson.se\/blog\/wp-json\/wp\/v2\/categories?post=194"},{"taxonomy":"post_tag","embeddable":true,"href":"https:\/\/www.isakgerson.se\/blog\/wp-json\/wp\/v2\/tags?post=194"}],"curies":[{"name":"wp","href":"https:\/\/api.w.org\/{rel}","templated":true}]}}