{"id":192,"date":"2024-04-11T17:58:00","date_gmt":"2024-04-11T17:58:00","guid":{"rendered":"https:\/\/www.isakgerson.se\/blog\/?p=192"},"modified":"2026-01-11T17:59:21","modified_gmt":"2026-01-11T17:59:21","slug":"nar-regeringen-vill-ta-din-rost-skrik-hogre","status":"publish","type":"post","link":"https:\/\/www.isakgerson.se\/blog\/arbetaren\/nar-regeringen-vill-ta-din-rost-skrik-hogre\/","title":{"rendered":"N\u00e4r regeringen vill ta din r\u00f6st, skrik h\u00f6gre"},"content":{"rendered":"\n<p class=\"wp-block-paragraph\">Regeringen g\u00f6r verkligen vad den kan f\u00f6r att f\u00f6rv\u00e4rra f\u00f6r de ideella f\u00f6reningarna, civilsamh\u00e4llet i stort och nischade nationella tidningar s\u00e5som Arbetaren. Men n\u00e4r regeringen vill ta din r\u00f6st, skrik h\u00f6gre, uppmanar Isak Gerson.<\/p>\n\n\n\n<p class=\"wp-block-paragraph\">Etniska organisationer, fredsorganisationer och organisationer som fr\u00e4mjar konsumenters intressen f\u00e5r sina organisationsst\u00f6d helt strypta. Studief\u00f6rbundens s\u00e4nks med en tredjedel. Allm\u00e4nna arvsfonden som f\u00f6rdelar projektbidrag som h\u00e5ller uppe ideella projekt i hela landet f\u00f6resl\u00e5s l\u00e4ggas ner. Sida f\u00e5r s\u00e4ga upp alla sina samarbetsavtal med civilsamh\u00e4llesorganisationer. S\u00e4ttet som presst\u00f6det g\u00f6rs om p\u00e5 \u00e4r ett dr\u00e5pslag f\u00f6r s\u00e4rskilt nischade nationella tidningar \u2013 precis s\u00e5dana som likt Arbetaren \u00e4gs och\/eller drivs av ideella f\u00f6reningar.<\/p>\n\n\n\n<p class=\"wp-block-paragraph\">Till det tillkommer den politik av misst\u00e4nkligg\u00f6rande som dominerat h\u00f6gerns civilsamh\u00e4llespolitik i flera \u00e5r. Kan man anklaga f\u00f6reningar f\u00f6r fusk g\u00f6r man det. \u00c4r f\u00f6reningen muslimsk anklagar man dem ocks\u00e5 f\u00f6r islamism. Bevis f\u00f6r problemen beh\u00f6vs inte, som jag skrivit om tidigare n\u00e4r det g\u00e4llde Ibn Rushd. Sedan drar man in bidrag. Man inf\u00f6r luddigare och str\u00e4ngare villkor f\u00f6r bidragen, som de nya demokrativillkoren f\u00f6r civilsamh\u00e4llet, d\u00e4r varenda lokal suppleant eller fotbollstr\u00e4nare kan riskera moderf\u00f6rbundets organisationsst\u00f6d genom att uttrycka sig ol\u00e4mpligt. De pengar som faktiskt finns kvar ska g\u00e5 till att finansiera den administration som kr\u00e4vs f\u00f6r de allt str\u00e4ngare kontrollrutinerna.<\/p>\n\n\n\n<h2 class=\"wp-block-heading\">\u201dF\u00f6r h\u00f6gern \u00e4r civilsamh\u00e4llet ett hot\u201d<\/h2>\n\n\n\n<p class=\"wp-block-paragraph\">Regeringen g\u00f6r verkligen vad den kan f\u00f6r att f\u00f6rv\u00e4rra f\u00f6r de ideella f\u00f6reningarna. N\u00e5gon besparingsfr\u00e5ga \u00e4r det inte. Kostnaden f\u00f6r civilsamh\u00e4llet \u2013 s\u00e4rskilt i proportion till vad det ger \u2013 \u00e4r f\u00f6rsumbar i statsbudgeten. Snarare \u00e4r det ett s\u00e4tt att \u00e5stadkomma politisk f\u00f6r\u00e4ndring. F\u00f6r h\u00f6gern \u00e4r civilsamh\u00e4llet ett hot.<\/p>\n\n\n\n<p class=\"wp-block-paragraph\">L\u00e5t intresseorganisationen f\u00f6r civilsamh\u00e4llet Forum beskriva det i sin kommentar till budgetpropositionen fr\u00e5n september 2023: \u201dDet \u00e4r tydligt att regeringspartierna med st\u00f6d av Sverigedemokraterna drar ner p\u00e5 budgetposter som s\u00e4kerst\u00e4ller civilsamh\u00e4llets r\u00f6stb\u00e4rande funktion, medan de satsningar som g\u00f6rs i huvudsak syftar till att st\u00e4rka civilsamh\u00e4llets roll som serviceutf\u00f6rare.\u201d<a href=\"https:\/\/www.arbetaren.se\/2024\/03\/28\/hogerns-historielosa-hat-mot-greta-ar-pinsamt\/\"><\/a><\/p>\n\n\n\n<p class=\"wp-block-paragraph\">Det \u00e4r just r\u00f6stb\u00e4randet som \u00e4r problemet. F\u00f6reningarna \u00e4r ett s\u00e4tt f\u00f6r oss att organisera oss och uttrycka oss tillsammans, och det \u00e4r i n\u00e4stan alla fall ett hot mot h\u00f6gern. De r\u00f6ster som b\u00e4rs mot v\u00e4nstern \u2013 lobbyorganisationers och arbetsk\u00f6parorganisationers r\u00f6ster \u2013 har l\u00e4ttare \u00e4n n\u00e5gonsin att verka, vilket Skiftets initiativ Kl\u00e4gget (klagget.nu) \u00e4r bra p\u00e5 att dokumentera.&nbsp;<\/p>\n\n\n\n<h2 class=\"wp-block-heading\">\u201dDen svenska demokratin bygger p\u00e5 f\u00f6reningsdemokratin\u201d<\/h2>\n\n\n\n<p class=\"wp-block-paragraph\">Civilsamh\u00e4llespolitiken \u00e4r en stor avsl\u00f6jare n\u00e4r det g\u00e4ller den sverigedemokratiska ideologin. Man kallar sig konservativa, men det moderna Sverige byggdes av f\u00f6reningslivet och folkr\u00f6relserna. Den svenska demokratin bygger p\u00e5 f\u00f6reningsdemokratin, etablerad och levande l\u00e5ngt innan r\u00f6str\u00e4tten. P\u00e5 kort tid vill man rasera det f\u00f6r att det strider mot partiets auktorit\u00e4ra ideal och f\u00f6rsv\u00e5rar etablerandet av en h\u00f6gerextrem stat.<\/p>\n\n\n\n<p class=\"wp-block-paragraph\">Man kan ha sina \u00e5sikter om b\u00e5de Socialdemokraterna och lotteriverksamhet, men att Sverigedemokraterna med god samarbetsvilja fr\u00e5n regeringen f\u00f6rs\u00f6ker f\u00f6rbjuda b\u00e5de Socialdemokraternas lotteriverksamhet och LO \u2013 en demokratisk organisation som ska ha frihet att finansiera det medlemmarna vill \u2013 fr\u00e5n att ge st\u00f6d till Socialdemokraterna \u00e4r h\u00e4pnadsv\u00e4ckande.&nbsp;<\/p>\n\n\n\n<p class=\"wp-block-paragraph\">Ni vet vad som g\u00e4ller, hoppas jag. N\u00e4r regeringen vill ta din r\u00f6st, skrik h\u00f6gre. Engagera dig i en f\u00f6rening \u2013 g\u00e4rna en som stoppar den h\u00e4r odemokratiska skiten.<\/p>\n","protected":false},"excerpt":{"rendered":"<p>Regeringen g\u00f6r verkligen vad den kan f\u00f6r att f\u00f6rv\u00e4rra f\u00f6r de ideella f\u00f6reningarna, civilsamh\u00e4llet i stort och nischade nationella tidningar s\u00e5som Arbetaren. Men n\u00e4r regeringen vill ta din r\u00f6st, skrik h\u00f6gre, uppmanar Isak Gerson. Etniska organisationer, fredsorganisationer och organisationer som fr\u00e4mjar konsumenters intressen f\u00e5r sina organisationsst\u00f6d helt strypta. Studief\u00f6rbundens s\u00e4nks med en tredjedel. Allm\u00e4nna arvsfonden [&hellip;]<\/p>\n","protected":false},"author":1,"featured_media":0,"comment_status":"open","ping_status":"open","sticky":false,"template":"","format":"standard","meta":{"footnotes":""},"categories":[2],"tags":[],"class_list":["post-192","post","type-post","status-publish","format-standard","hentry","category-arbetaren"],"_links":{"self":[{"href":"https:\/\/www.isakgerson.se\/blog\/wp-json\/wp\/v2\/posts\/192","targetHints":{"allow":["GET"]}}],"collection":[{"href":"https:\/\/www.isakgerson.se\/blog\/wp-json\/wp\/v2\/posts"}],"about":[{"href":"https:\/\/www.isakgerson.se\/blog\/wp-json\/wp\/v2\/types\/post"}],"author":[{"embeddable":true,"href":"https:\/\/www.isakgerson.se\/blog\/wp-json\/wp\/v2\/users\/1"}],"replies":[{"embeddable":true,"href":"https:\/\/www.isakgerson.se\/blog\/wp-json\/wp\/v2\/comments?post=192"}],"version-history":[{"count":1,"href":"https:\/\/www.isakgerson.se\/blog\/wp-json\/wp\/v2\/posts\/192\/revisions"}],"predecessor-version":[{"id":193,"href":"https:\/\/www.isakgerson.se\/blog\/wp-json\/wp\/v2\/posts\/192\/revisions\/193"}],"wp:attachment":[{"href":"https:\/\/www.isakgerson.se\/blog\/wp-json\/wp\/v2\/media?parent=192"}],"wp:term":[{"taxonomy":"category","embeddable":true,"href":"https:\/\/www.isakgerson.se\/blog\/wp-json\/wp\/v2\/categories?post=192"},{"taxonomy":"post_tag","embeddable":true,"href":"https:\/\/www.isakgerson.se\/blog\/wp-json\/wp\/v2\/tags?post=192"}],"curies":[{"name":"wp","href":"https:\/\/api.w.org\/{rel}","templated":true}]}}