{"id":188,"date":"2023-11-15T17:56:00","date_gmt":"2023-11-15T17:56:00","guid":{"rendered":"https:\/\/www.isakgerson.se\/blog\/?p=188"},"modified":"2026-01-11T17:57:13","modified_gmt":"2026-01-11T17:57:13","slug":"yttrandefrihet-som-inte-stor","status":"publish","type":"post","link":"https:\/\/www.isakgerson.se\/blog\/arbetaren\/yttrandefrihet-som-inte-stor\/","title":{"rendered":"Yttrandefrihet som inte st\u00f6r"},"content":{"rendered":"\n<p class=\"wp-block-paragraph\">Vill du vara politisk p\u00e5 h\u00f6gskolan \u00e4r det ett s\u00e4krare kort att g\u00f6ra content till h\u00f6gerextrema kanaler \u00e4n att organisera sig f\u00f6r fred och f\u00e5 vapenf\u00f6retag att k\u00e4nna sig ov\u00e4lkomna. Isak Gerson om Chalmers beslut att f\u00f6rbjuda politiska manifestationer.<\/p>\n\n\n\n<p class=\"wp-block-paragraph\">Som demokrat har jag sv\u00e5rt att t\u00e4nka mig n\u00e5got mer hotfullt \u00e4n en demonstration. Folk som ropar ut sina \u00e5sikter och f\u00f6rs\u00f6ker diskutera dem med andra. \u201dL\u00e5t mig vara!\u201d, vill jag ropa tillbaka.<\/p>\n\n\n\n<p class=\"wp-block-paragraph\">Jag vill inte syssla med politik. S\u00e4rskilt inte n\u00e4r jag \u00e4r p\u00e5 v\u00e4g till <a href=\"https:\/\/www.svenskafreds.se\/engagera-dig\/blixtaktion-chalmers-samarbete-vapenforetag\/\">arbetsmarknadsm\u00e4ssan DatE-IT<\/a> f\u00f6r att s\u00f6ka jobb hos det israeliska vapenf\u00f6retaget Elbit Systems eller Sveriges st\u00f6rsta vapenf\u00f6retag Saab, som med sina produkter hj\u00e4lper regimerna i till exempel Saudiarabien, Thailand och Pakistan att sprida demokrati. Och d\u00e5 f\u00e5r jag reda p\u00e5 att Svenska Fredsr\u00f6relsen organiserar n\u00e5got s\u00e5 st\u00f6rande som politik kring detta.<\/p>\n\n\n\n<p class=\"wp-block-paragraph\">\u00c4nnu v\u00e4rre blir det f\u00f6r stackars Elbit Systems att <a href=\"https:\/\/www.palestinagrupperna.se\/2023\/10\/27\/studenter-i-solidaritet-med-gaza-walkout\/\">Palestinagrupperna ordnar \u201dwalkouts\u201d<\/a> i solidaritet med Gaza. Hur ska de k\u00e4nna sig v\u00e4lkomna h\u00e4r? Det v\u00e4rsta \u00e4r hur folk utg\u00e5r ifr\u00e5n att det israeliska vapenf\u00f6retaget bara tillverkar vapen till Gazakriget. F\u00f6rdomsfullt, n\u00e4r Elbit ocks\u00e5 levererar utrustning till Azerbajdzjan i Nagorno-Karabakh.<a href=\"https:\/\/www.arbetaren.se\/2023\/11\/15\/stenhard-kritik-mot-chalmers-inspiration-fran-nordkorea\/\"><\/a><\/p>\n\n\n\n<p class=\"wp-block-paragraph\">Nej, h\u00e4r beh\u00f6vs det \u00e4ndring. D\u00e4rf\u00f6r v\u00e4lkomnar jag s\u00e5klart beslutet som Chalmers tagit, uppbackad av k\u00e5rordf\u00f6randen, att f\u00f6rbjuda alla demonstrationer och affischer p\u00e5 universitetsomr\u00e5det. En frisk demokrati \u00e4r en fredad demokrati.<\/p>\n\n\n\n<h2 class=\"wp-block-heading\">Tips f\u00f6r lyckad organisering<\/h2>\n\n\n\n<p class=\"wp-block-paragraph\">Och som den civiliserade demokrat med v\u00e4sterl\u00e4ndska v\u00e4rderingar jag \u00e4r t\u00e4nkte jag ge Svenska Freds och Palestinagrupperna tips p\u00e5 hur vi demokrater organiserar oss f\u00f6r att anv\u00e4nda v\u00e5r gudagivna yttrandefrihet utan att st\u00f6ra friden.<\/p>\n\n\n\n<p class=\"wp-block-paragraph\">Till att b\u00f6rja med \u00e4r det bra om du har en bakgrund inom till exempel det nazistiska f\u00f6reningslivet. G\u00e4rna med erfarenhet av trakasserier mot politiska meningsmotst\u00e5ndare.<\/p>\n\n\n\n<p class=\"wp-block-paragraph\">Se till att du har n\u00e5gon typ av hatblogg eller hathemsida d\u00e4r du kan publicera dig. Det allra b\u00e4sta \u00e4r om du har en tillh\u00f6rande videokanal.<a href=\"https:\/\/www.arbetaren.se\/2023\/05\/23\/domstolen-ska-avgora-om-en-spade-far-kallas-for-en-spade\/\"><\/a><\/p>\n\n\n\n<p class=\"wp-block-paragraph\">Skriv upp dig p\u00e5 en kurs som p\u00e5 n\u00e5got s\u00e4tt \u00e4r relaterat till n\u00e5got du ogillar.<\/p>\n\n\n\n<p class=\"wp-block-paragraph\">Sprid till l\u00e4sarna och allm\u00e4nheten att du skrivit upp dig p\u00e5 kursen i syfte att trakass\u2026 f\u00f6rl\u00e5t, jag menar \u201dkartl\u00e4gga\u201d.<\/p>\n\n\n\n<p class=\"wp-block-paragraph\">V\u00e4l p\u00e5 kursen, g\u00f6r vad du kan f\u00f6r att trakassera f\u00f6rel\u00e4sarna och g\u00e4rna \u00e4ven medstudenterna. Filma, spela in. Anteckna. Tydligg\u00f6r f\u00f6r dem att du h\u00e5ller p\u00e5 att samla content till dina medieprojekt.<\/p>\n\n\n\n<p class=\"wp-block-paragraph\">Snart kommer du se att samh\u00e4llet v\u00e4nder sig i din \u00f6nskade riktning. Det \u00e4r s\u00e5 demokrati fungerar. I alla fall p\u00e5 svenska h\u00f6gskolor.<\/p>\n","protected":false},"excerpt":{"rendered":"<p>Vill du vara politisk p\u00e5 h\u00f6gskolan \u00e4r det ett s\u00e4krare kort att g\u00f6ra content till h\u00f6gerextrema kanaler \u00e4n att organisera sig f\u00f6r fred och f\u00e5 vapenf\u00f6retag att k\u00e4nna sig ov\u00e4lkomna. Isak Gerson om Chalmers beslut att f\u00f6rbjuda politiska manifestationer. Som demokrat har jag sv\u00e5rt att t\u00e4nka mig n\u00e5got mer hotfullt \u00e4n en demonstration. Folk som [&hellip;]<\/p>\n","protected":false},"author":1,"featured_media":0,"comment_status":"open","ping_status":"open","sticky":false,"template":"","format":"standard","meta":{"footnotes":""},"categories":[2],"tags":[],"class_list":["post-188","post","type-post","status-publish","format-standard","hentry","category-arbetaren"],"_links":{"self":[{"href":"https:\/\/www.isakgerson.se\/blog\/wp-json\/wp\/v2\/posts\/188","targetHints":{"allow":["GET"]}}],"collection":[{"href":"https:\/\/www.isakgerson.se\/blog\/wp-json\/wp\/v2\/posts"}],"about":[{"href":"https:\/\/www.isakgerson.se\/blog\/wp-json\/wp\/v2\/types\/post"}],"author":[{"embeddable":true,"href":"https:\/\/www.isakgerson.se\/blog\/wp-json\/wp\/v2\/users\/1"}],"replies":[{"embeddable":true,"href":"https:\/\/www.isakgerson.se\/blog\/wp-json\/wp\/v2\/comments?post=188"}],"version-history":[{"count":1,"href":"https:\/\/www.isakgerson.se\/blog\/wp-json\/wp\/v2\/posts\/188\/revisions"}],"predecessor-version":[{"id":189,"href":"https:\/\/www.isakgerson.se\/blog\/wp-json\/wp\/v2\/posts\/188\/revisions\/189"}],"wp:attachment":[{"href":"https:\/\/www.isakgerson.se\/blog\/wp-json\/wp\/v2\/media?parent=188"}],"wp:term":[{"taxonomy":"category","embeddable":true,"href":"https:\/\/www.isakgerson.se\/blog\/wp-json\/wp\/v2\/categories?post=188"},{"taxonomy":"post_tag","embeddable":true,"href":"https:\/\/www.isakgerson.se\/blog\/wp-json\/wp\/v2\/tags?post=188"}],"curies":[{"name":"wp","href":"https:\/\/api.w.org\/{rel}","templated":true}]}}