{"id":182,"date":"2021-09-22T17:52:00","date_gmt":"2021-09-22T17:52:00","guid":{"rendered":"https:\/\/www.isakgerson.se\/blog\/?p=182"},"modified":"2026-01-11T17:53:43","modified_gmt":"2026-01-11T17:53:43","slug":"m-vill-skapa-permanent-utvisningsbara-manniskor","status":"publish","type":"post","link":"https:\/\/www.isakgerson.se\/blog\/arbetaren\/m-vill-skapa-permanent-utvisningsbara-manniskor\/","title":{"rendered":"M vill skapa permanent utvisningsbara m\u00e4nniskor"},"content":{"rendered":"\n<p class=\"wp-block-paragraph\">\u201dVarf\u00f6r ska d\u00e5 det h\u00e4r r\u00e4ttsos\u00e4kra projektet sj\u00f6s\u00e4ttas? F\u00f6r att Moderaterna \u00e4r besatta av att ytterligare n\u00e5gra tusen f\u00e4rre av de m\u00e4nniskor som har det v\u00e4rst p\u00e5 jorden ska f\u00e5 ens grundl\u00e4ggande skydd av det svenska samh\u00e4llet.\u201d Isak Gerson om Moderaternas f\u00f6rslag om att \u00e5terkalla permantenta uppeh\u00e5llstillst\u00e5nd.<\/p>\n\n\n\n<p class=\"wp-block-paragraph\">Vad \u00e4r det som \u00e4r s\u00e5 provocerande med flyktingar som reser hem till sina heml\u00e4nder? Min egen far tog med mig p\u00e5 m\u00e5nga s\u00e5dana resor n\u00e4r jag v\u00e4xte upp. I Ekots l\u00f6rdagsintervju (18 september) presenterar Moderaternas migrationspolitiske talesperson Maria Malmer Stenergard partiets nya linje.<\/p>\n\n\n\n<p class=\"wp-block-paragraph\">Enligt den kan just s\u00e5dana resor p\u00e5 n\u00e5got s\u00e4tt retroaktivt radera den antisemitiska kampanj den polska regeringen bedrev kring 1968, som fick familjen att fly. Jag \u00e4r glad att jag l\u00e4st tillr\u00e4ckligt mycket science fiction f\u00f6r att f\u00f6rst\u00e5 logiken de presenterar, men det g\u00e5r inte ihop.<\/p>\n\n\n\n<p class=\"wp-block-paragraph\">Det finns allts\u00e5 idag en regel som g\u00f6r att det efter fyra \u00e5r av permanent uppeh\u00e5llstillst\u00e5nd beh\u00f6vs \u201dsynnerliga sk\u00e4l\u201d f\u00f6r att upph\u00e4va uppeh\u00e5llstillst\u00e5ndet. Det vill Moderaterna riva upp f\u00f6r att de ser ett stort problem i att personer som flytt hit, bed\u00f6mts ha skyddsbehov nog att f\u00e5 uppeh\u00e5llstillst\u00e5nd, bott h\u00e4r i m\u00e5nga \u00e5r, men valt att bes\u00f6ka (eller \u201dsemestra i\u201d, som hon formulerar det) ursprungslandet, inte kan tvingas tillbaka igen.<\/p>\n\n\n\n<p class=\"wp-block-paragraph\"><strong>Vi kan b\u00f6rja med att konstatera<\/strong> att det finns gott om sk\u00e4l att bes\u00f6ka hemlandet igen. M\u00e5nga som flyr l\u00e4mnar sl\u00e4kt och familj bakom sig. Vi kan ocks\u00e5 konstatera att det f\u00f6r Sveriges majoritetsbefolkning inte \u00e4r n\u00e5gra problem att semestra i l\u00e4nder som befinner sig i krig eller uts\u00e4tter folk fr\u00e5n f\u00f6rf\u00f6ljelse. Det finns inget krav p\u00e5 flygbolagen att sluta s\u00e4lja resor till l\u00e4nder som f\u00f6r krig eller beg\u00e5r brott mot m\u00e4nskliga r\u00e4ttigheter. Och \u00e5terbes\u00f6k i hemlandet f\u00f6r\u00e4ndrar inte den situation beslutet om skyddsbehov grundats p\u00e5.<\/p>\n\n\n\n<p class=\"wp-block-paragraph\">Det \u00e4r inget Malmer Stenergard f\u00f6rs\u00f6ker f\u00f6ra i bevis i intervjun, och det \u00e4r inget hon skulle kunna f\u00f6ra i bevis heller. S\u00e5 varf\u00f6r sticker det i \u00f6gonen p\u00e5 Moderaterna och, f\u00e5r man anta, deras allierade, att flyktingar bes\u00f6ker sina heml\u00e4nder? Jag kan t\u00e4nka mig tv\u00e5 sk\u00e4l.<\/p>\n\n\n\n<p class=\"wp-block-paragraph\">Det ena \u00e4r att man helt enkelt tycker att flyktingar ska ta sitt pick och pack och dra s\u00e5 fort det ordnat upp sig i hemlandet. Koncentrationsl\u00e4gerflyktingarna borde ha \u00e5kt hem efter int\u00e5get i Berlin, bosnierna efter krigsslutet, chilenarna efter Pinochets fall och irakierna efter gulfkrigen (b\u00e5da g\u00e5ngerna, f\u00e5r man anta). De fr\u00e4mmande elementen ska bort, och i Sverige ska blott \u201dsvenskar\u201d bo.<\/p>\n\n\n\n<p class=\"wp-block-paragraph\"><strong>Det andra sk\u00e4let handlar om lojalitet.<\/strong> En vilja att bes\u00f6ka landet man \u00e4r f\u00f6dd och uppvuxen i, d\u00e4r ens modersm\u00e5l talas, d\u00e4r ens sl\u00e4kt bor, utg\u00f6r d\u00e5 ett tankebrott. Genom att vilja tillbaka visar man en bristande trohet mot det svenska. Det \u00e4r inte direkt ett sk\u00e4l som doftar mer av demokrati \u00e4n det tidigare.<\/p>\n\n\n\n<p class=\"wp-block-paragraph\">\u00c4nd\u00e5 \u00e4r det jag finner v\u00e4rst med f\u00f6rslaget den ytterligare os\u00e4kerhet som skapas f\u00f6r flyktingar, \u00e4ven de som levt i Sverige l\u00e4nge. Det \u00e4r nu m\u00e5nga \u00e5r sedan polisens Reva-projekt, d\u00e4r man b\u00f6rjade att systematiskt g\u00f6ra \u201dinre utl\u00e4nningskontroller\u201d p\u00e5 m\u00f6rkhyade.&nbsp;D\u00e4r etablerades att m\u00f6rkhyade har s\u00e4rskilda skyldigheter inf\u00f6r polisen. Sedan dess har attityden i offentligheten mot flyktingar konsekvent skruvats upp, s\u00e4rskilt av de tre st\u00f6rsta partierna i riksdagen.<\/p>\n\n\n\n<p class=\"wp-block-paragraph\"><strong>S\u00e5 nu vill Moderaterna skapa en r\u00e4ttslig prekaritet <\/strong>f\u00f6r en del av befolkningen, en grupp m\u00e4nniskor som alltid \u00e4r teoretiskt \u201dutvisningsbara\u201d. Inte bara utvisningsbara f\u00f6r brott utan ocks\u00e5 f\u00f6r ol\u00e4mpligt beteende. Det ska de vara tills de till slut uppn\u00e5r det medborgarskap som Moderaterna tycker g\u00e5r p\u00e5 tok f\u00f6r snabbt att f\u00e5 med dagens regler.<\/p>\n\n\n\n<p class=\"wp-block-paragraph\">F\u00f6r att det h\u00e4r ska g\u00e5 smidigt ska andra myndigheter som Socialtj\u00e4nsten vara skyldiga att tjalla till Migrationsverket n\u00e4r de misst\u00e4nker att en flykting betett sig fel. Och om en flykting \u00e4nd\u00e5 vill bes\u00f6ka sl\u00e4kten efter m\u00e5nga \u00e5rs saknad, d\u00e5 ska det till en \u201dpr\u00f6vning\u201d f\u00f6r att se om flyktingen \u00e4nd\u00e5 f\u00f6rtj\u00e4nar att stanna i landet.<\/p>\n\n\n\n<p class=\"wp-block-paragraph\">Varf\u00f6r ska d\u00e5 det h\u00e4r r\u00e4ttsos\u00e4kra projektet sj\u00f6s\u00e4ttas? F\u00f6r att Moderaterna \u00e4r besatta av att ytterligare n\u00e5gra tusen f\u00e4rre av de m\u00e4nniskor som har det v\u00e4rst p\u00e5 jorden ska f\u00e5 ens grundl\u00e4ggande skydd av det svenska samh\u00e4llet. Sm\u00e5aktigt.<\/p>\n","protected":false},"excerpt":{"rendered":"<p>\u201dVarf\u00f6r ska d\u00e5 det h\u00e4r r\u00e4ttsos\u00e4kra projektet sj\u00f6s\u00e4ttas? F\u00f6r att Moderaterna \u00e4r besatta av att ytterligare n\u00e5gra tusen f\u00e4rre av de m\u00e4nniskor som har det v\u00e4rst p\u00e5 jorden ska f\u00e5 ens grundl\u00e4ggande skydd av det svenska samh\u00e4llet.\u201d Isak Gerson om Moderaternas f\u00f6rslag om att \u00e5terkalla permantenta uppeh\u00e5llstillst\u00e5nd. Vad \u00e4r det som \u00e4r s\u00e5 provocerande med [&hellip;]<\/p>\n","protected":false},"author":1,"featured_media":0,"comment_status":"open","ping_status":"open","sticky":false,"template":"","format":"standard","meta":{"footnotes":""},"categories":[2],"tags":[],"class_list":["post-182","post","type-post","status-publish","format-standard","hentry","category-arbetaren"],"_links":{"self":[{"href":"https:\/\/www.isakgerson.se\/blog\/wp-json\/wp\/v2\/posts\/182","targetHints":{"allow":["GET"]}}],"collection":[{"href":"https:\/\/www.isakgerson.se\/blog\/wp-json\/wp\/v2\/posts"}],"about":[{"href":"https:\/\/www.isakgerson.se\/blog\/wp-json\/wp\/v2\/types\/post"}],"author":[{"embeddable":true,"href":"https:\/\/www.isakgerson.se\/blog\/wp-json\/wp\/v2\/users\/1"}],"replies":[{"embeddable":true,"href":"https:\/\/www.isakgerson.se\/blog\/wp-json\/wp\/v2\/comments?post=182"}],"version-history":[{"count":1,"href":"https:\/\/www.isakgerson.se\/blog\/wp-json\/wp\/v2\/posts\/182\/revisions"}],"predecessor-version":[{"id":183,"href":"https:\/\/www.isakgerson.se\/blog\/wp-json\/wp\/v2\/posts\/182\/revisions\/183"}],"wp:attachment":[{"href":"https:\/\/www.isakgerson.se\/blog\/wp-json\/wp\/v2\/media?parent=182"}],"wp:term":[{"taxonomy":"category","embeddable":true,"href":"https:\/\/www.isakgerson.se\/blog\/wp-json\/wp\/v2\/categories?post=182"},{"taxonomy":"post_tag","embeddable":true,"href":"https:\/\/www.isakgerson.se\/blog\/wp-json\/wp\/v2\/tags?post=182"}],"curies":[{"name":"wp","href":"https:\/\/api.w.org\/{rel}","templated":true}]}}