{"id":176,"date":"2021-07-14T17:49:00","date_gmt":"2021-07-14T17:49:00","guid":{"rendered":"https:\/\/www.isakgerson.se\/blog\/?p=176"},"modified":"2026-01-11T17:50:14","modified_gmt":"2026-01-11T17:50:14","slug":"liberalers-paranoida-reaktion-nar-vi-valjer-fel","status":"publish","type":"post","link":"https:\/\/www.isakgerson.se\/blog\/arbetaren\/liberalers-paranoida-reaktion-nar-vi-valjer-fel\/","title":{"rendered":"Liberalers paranoida reaktion n\u00e4r vi v\u00e4ljer fel"},"content":{"rendered":"\n<p class=\"wp-block-paragraph\">\u201d\u00c4r det liberala utopiska alternativet till \u201d\u00e4ta, sova, d\u00f6\u201d verkligen \u201d\u00e4ta, konsumera, supa, sova, d\u00f6\u201d? Vem kan med \u00e4rligt hj\u00e4rta s\u00e4ga att det \u00e4r en lockande samh\u00e4llsvision?\u201d Isak Gerson om liberalernas omv\u00e4nda moralpanik.<\/p>\n\n\n\n<p class=\"wp-block-paragraph\">Vad ska vi med liberalismen till egentligen? Vad tillf\u00f6r den v\u00e5ra liv idag? Det \u00e4r fr\u00e5gor jag verkligen st\u00e4llde mig n\u00e4r jag genom podcasten Stormens Utveckling (<a rel=\"noreferrer noopener\" href=\"https:\/\/play.acast.com\/s\/stormensutveckling\/https%3A%2F%2Funderproduktion.se%2F%3Fp%3D116593\" target=\"_blank\">avsnitt 95: H\u00e4rlig Tiktok-mamma<\/a>) tog del av en hur det samlade liberala kommentariatet tog emot nyheten om att dagens unga dricker mindre \u00e4n tidigare generationer.<\/p>\n\n\n\n<p class=\"wp-block-paragraph\">Ett liberalt svar p\u00e5 den nyheten hade kunnat vara \u201dvad bra att unga frivilligt v\u00e4ljer bort supande till f\u00f6rm\u00e5n f\u00f6r ett b\u00e4ttre liv, s\u00e5 slipper vi statliga begr\u00e4nsningar\u201d. Det var det dock inte. <a rel=\"noreferrer noopener\" href=\"https:\/\/www.dn.se\/ledare\/lisa-magnusson-bevittnar-vi-framvaxandet-av-en-trakig-generation-zzzzzz\/\" target=\"_blank\">DN:s Lisa Magnusson<\/a> varnar ist\u00e4llet f\u00f6r \u201dframv\u00e4xandet av en tr\u00e5kig Generation Zzzzzz\u201d. <a rel=\"noreferrer noopener\" href=\"https:\/\/www.expressen.se\/ledare\/arvid-ahlund\/vi-maste-tala-om-vara-torrbollar-till-tonaringar\/\" target=\"_blank\">Expressens Arvid \u00c5hlund<\/a> kallar \u201dnynykterismen\u201d f\u00f6r \u201dett slags tyst kulturrevolution\u201d och menar att ungdomars minskade festande \u00e4r en \u201dbj\u00f6rntj\u00e4nst\u201d.<\/p>\n\n\n\n<p class=\"wp-block-paragraph\">Vi kan tacka liberalismen f\u00f6r en hel del r\u00e4ttigheter, som tillk\u00e4mpades tillsammans med Sveriges folkr\u00f6relser under 1800- och 1900-talet. Det fanns en dr\u00f6m hos dem om ett samh\u00e4lle d\u00e4r man var fri att sj\u00e4lv v\u00e4lja hur man levde sitt liv, utan f\u00f6r mycket inblandning av stat eller kyrka. Gott s\u00e5. Men nu n\u00e4r vi har r\u00e4ttigheterna verkar det v\u00e4cka en paranoid reaktion hos liberaler n\u00e4r vi v\u00e4ljer fel.<\/p>\n\n\n\n<p class=\"wp-block-paragraph\"><strong>Och vad \u00e4r det att v\u00e4lja r\u00e4tt f\u00f6r en liberal?<\/strong> \u00c4r det liberala utopiska alternativet till \u201d\u00e4ta, sova, d\u00f6\u201d verkligen \u201d\u00e4ta, konsumera, supa, sova, d\u00f6\u201d? Vem kan med \u00e4rligt hj\u00e4rta s\u00e4ga att det \u00e4r en lockande samh\u00e4llsvision? \u00c4r det n\u00e5gon form av sj\u00e4lvterapi liberaler beh\u00f6ver f\u00f6r att komma \u00f6ver ensamheten hyperindividualismen givit dem? Vad ska vi g\u00f6ra med alla de m\u00e4nskliga behov och beg\u00e4r som inte f\u00e5r plats i en enkel utilitarism? Vad ska vi g\u00f6ra med v\u00e5rt behov att vara del av n\u00e5got st\u00f6rre?<\/p>\n\n\n\n<p class=\"wp-block-paragraph\">N\u00e4r Magnusson skriver \u201dUngdomen ska vara en tid av dumdristigheter och farligheter och misstag, av balanserande p\u00e5 ansvarsl\u00f6shetens rand och sedan tillbaka, in i ett vuxnare liv.\u201d t\u00e4nker jag bara: vakna upp, generationen du skriver om har startat en global strejkr\u00f6relse. Att organisera en internationell politisk r\u00f6relse \u00e4r v\u00e4l mycket mer sp\u00e4nnande och farligt \u00e4n att dricka langar\u00f6l.<\/p>\n\n\n\n<p class=\"wp-block-paragraph\"><strong>Jag hoppas verkligen att v\u00e5r generation Z <\/strong>f\u00e5r g\u00f6ra sina ungdomsmisstag. Jag hoppas att de alla f\u00e5r h\u00e5lla megafonen vid demonstrationer, att de f\u00e5r k\u00e4nna makten i att kunna stoppa deportationer med armkroksblockader, att de arrangerar gatufester f\u00f6r att blockera bensinmackar. Jag hoppas att de f\u00e5r testa en frasradikal period som de sedan \u00f6verger, att de har ett par m\u00e5nader i Unionen f\u00f6r att inse vilken d\u00e5lig urs\u00e4kt till fackf\u00f6rbund det \u00e4r innan de g\u00e5r med i ett riktigt, att de testar att bygga r\u00f6kgranater hemma och att de f\u00e5r ockupera en avverkningshotad skog i t\u00e4lt och sovs\u00e4ck.<\/p>\n\n\n\n<p class=\"wp-block-paragraph\">Om de dessutom f\u00e5r dricka billig, ljummen \u00f6l i en park? Vem bryr sig? Ja, f\u00f6rutom liberaler med pekpinnar d\u00e5.<\/p>\n","protected":false},"excerpt":{"rendered":"<p>\u201d\u00c4r det liberala utopiska alternativet till \u201d\u00e4ta, sova, d\u00f6\u201d verkligen \u201d\u00e4ta, konsumera, supa, sova, d\u00f6\u201d? Vem kan med \u00e4rligt hj\u00e4rta s\u00e4ga att det \u00e4r en lockande samh\u00e4llsvision?\u201d Isak Gerson om liberalernas omv\u00e4nda moralpanik. Vad ska vi med liberalismen till egentligen? Vad tillf\u00f6r den v\u00e5ra liv idag? Det \u00e4r fr\u00e5gor jag verkligen st\u00e4llde mig n\u00e4r jag [&hellip;]<\/p>\n","protected":false},"author":1,"featured_media":0,"comment_status":"open","ping_status":"open","sticky":false,"template":"","format":"standard","meta":{"footnotes":""},"categories":[2],"tags":[],"class_list":["post-176","post","type-post","status-publish","format-standard","hentry","category-arbetaren"],"_links":{"self":[{"href":"https:\/\/www.isakgerson.se\/blog\/wp-json\/wp\/v2\/posts\/176","targetHints":{"allow":["GET"]}}],"collection":[{"href":"https:\/\/www.isakgerson.se\/blog\/wp-json\/wp\/v2\/posts"}],"about":[{"href":"https:\/\/www.isakgerson.se\/blog\/wp-json\/wp\/v2\/types\/post"}],"author":[{"embeddable":true,"href":"https:\/\/www.isakgerson.se\/blog\/wp-json\/wp\/v2\/users\/1"}],"replies":[{"embeddable":true,"href":"https:\/\/www.isakgerson.se\/blog\/wp-json\/wp\/v2\/comments?post=176"}],"version-history":[{"count":1,"href":"https:\/\/www.isakgerson.se\/blog\/wp-json\/wp\/v2\/posts\/176\/revisions"}],"predecessor-version":[{"id":177,"href":"https:\/\/www.isakgerson.se\/blog\/wp-json\/wp\/v2\/posts\/176\/revisions\/177"}],"wp:attachment":[{"href":"https:\/\/www.isakgerson.se\/blog\/wp-json\/wp\/v2\/media?parent=176"}],"wp:term":[{"taxonomy":"category","embeddable":true,"href":"https:\/\/www.isakgerson.se\/blog\/wp-json\/wp\/v2\/categories?post=176"},{"taxonomy":"post_tag","embeddable":true,"href":"https:\/\/www.isakgerson.se\/blog\/wp-json\/wp\/v2\/tags?post=176"}],"curies":[{"name":"wp","href":"https:\/\/api.w.org\/{rel}","templated":true}]}}