{"id":172,"date":"2021-05-19T17:47:00","date_gmt":"2021-05-19T17:47:00","guid":{"rendered":"https:\/\/www.isakgerson.se\/blog\/?p=172"},"modified":"2026-01-11T17:48:34","modified_gmt":"2026-01-11T17:48:34","slug":"forsvarar-vi-inte-varandra-nu","status":"publish","type":"post","link":"https:\/\/www.isakgerson.se\/blog\/arbetaren\/forsvarar-vi-inte-varandra-nu\/","title":{"rendered":"F\u00f6rsvarar vi inte varandra nu\u2026"},"content":{"rendered":"\n<p class=\"wp-block-paragraph\">\u201dDen h\u00e4r fr\u00e5gan \u00e4r inte bara en fr\u00e5ga om rasism, den handlar ocks\u00e5 om f\u00f6reningslivet i stort. Om man l\u00e5ter G\u00f6teborgs stad komma undan med att dra tillbaka finansiering s\u00e5 l\u00e4ttvindligt riskerar vi att det blir l\u00e4tt att dra undan bidragen f\u00f6r m\u00e5nga f\u00f6reningar.\u201d Isak Gerson om hoten mot det svenska f\u00f6reningslivet och beslutet att dra in studief\u00f6rbundet Ibn Rushds bidrag.<\/p>\n\n\n\n<p class=\"wp-block-paragraph\">Ibn Rushd \u00e4r ett av tio studief\u00f6rbund som f\u00e5r statligt st\u00f6d genom Folkbildningsr\u00e5det. De organiserar folkbildning med en vision om att st\u00e4rka den svensk-muslimska identiteten. De \u00e4r ocks\u00e5 en av m\u00e5nga ideella r\u00f6relser som regelbundet s\u00f6ker st\u00f6d av G\u00f6teborgs stad. Men nu har politiker i G\u00f6teborgs stad best\u00e4mt sig f\u00f6r att <a href=\"https:\/\/demokratisktgoteborg.nu\/\">klippa finansieringen av studief\u00f6rbundet Ibn Rushds bidrag<\/a>. Grunderna \u00e4r oerh\u00f6rt vaga.<\/p>\n\n\n\n<p class=\"wp-block-paragraph\">Om man l\u00e5ter G\u00f6teborgs stad komma undan med att dra tillbaka finansiering s\u00e5 l\u00e4ttvindligt riskerar vi att det blir l\u00e4tt att dra undan bidragen f\u00f6r m\u00e5nga f\u00f6reningar.<\/p>\n\n\n\n<p class=\"wp-block-paragraph\">Staden best\u00e4llde och genomf\u00f6rde granskningar d\u00e4r missf\u00f6rst\u00e5nd och feltolkningar bl\u00e5stes upp f\u00f6r att se ut som ekonomiska oegentligheter. De l\u00e4t inte heller Ibn Rushd kommentera, f\u00f6rklara eller bem\u00f6ta det man tror \u00e4r felaktigheter, trots att m\u00e5nga punkter nog hade kunnat redas ut \u00f6ver en kort mailv\u00e4xling.<\/p>\n\n\n\n<p class=\"wp-block-paragraph\">Dessutom \u00e4r f\u00f6rbundet redan granskat. Auktoriserade revisorer fr\u00e5n PwC, en revisionsbyr\u00e5 med kompetens f\u00f6r just ideella f\u00f6reningar, granskar Ibn Rushds r\u00e4kenskaper \u00e5rligen. Och professor emeritus i statsvetenskap Erik Amn\u00e5 har skrivit en tv\u00e5hundra sidors uppdragsutredning (\u201dN\u00e4r tilliten pr\u00f6vas\u201d) d\u00e4r han unders\u00f6ker de anklagelser som riktats mot studief\u00f6rbundet.&nbsp;<\/p>\n\n\n\n<p class=\"wp-block-paragraph\"><strong>De mer politiska delarna av granskningen <\/strong>bygger p\u00e5 anklagelser om att Ibn Rushd skulle ha kopplingar till Muslimska Br\u00f6draskapet och att de skulle sprida antisemitism och homofobi. Det \u00e4r de delarna Erik Amn\u00e5 redan tittat p\u00e5, och konstaterat att inga organisatoriska kopplingar finns. Man tar upp att n\u00e5gra av f\u00f6rbundets nuvarande och tidigare samarbetspartners uttryckt problematiska \u00e5sikter.<\/p>\n\n\n\n<p class=\"wp-block-paragraph\">En anklagelse g\u00e4ller en f\u00f6rening Ibn Rushd br\u00f6t samarbetet med 2016. En annan r\u00f6r en f\u00f6rening som bj\u00f6d in problematiska f\u00f6rel\u00e4sare innan f\u00f6reningen ens inledde sitt samarbete med Ibn Rushd. En tredje r\u00f6r en f\u00f6rening vars f\u00f6retr\u00e4dare har samr\u00f6re med en person som yttrade problematiska \u00e5sikter 2011.<\/p>\n\n\n\n<p class=\"wp-block-paragraph\">Ibn Rushd och deras samarbetsorganisationer \u00e4r l\u00e5ngt ifr\u00e5n perfekta f\u00f6reningar. De kan s\u00e5klart arbeta h\u00e5rdare mot de medlemmar som yttrar antisemitism och homofobi. De kan vara h\u00e5rdare mot de samarbetsorganisationer som har demokratiska problem.<\/p>\n\n\n\n<p class=\"wp-block-paragraph\">Men de ser som en del av sitt uppdrag att arbeta demokratiutvecklande med de f\u00f6reningar som har potential. Det i sig \u00e4r ett viktigt integrationsarbete, och i st\u00e4llet f\u00f6r att leta brister i samarbetsorganisationerna skulle man kunna studera vilka kvalitetsf\u00f6rb\u00e4ttringar samarbete med Ibn Rushd faktiskt ger sina samarbetsorganisationer. Som de sj\u00e4lva skriver i sin kommentar till granskningen:<\/p>\n\n\n\n<p class=\"wp-block-paragraph\"><em>\u201cVi vill bidra till demokratiutveckling och f\u00f6reningars demokratiutvecklingsresor. Det menar vi \u00e4r positivt f\u00f6r f\u00f6reningen, s\u00e5v\u00e4l som f\u00f6r resten av samh\u00e4llet. Om f\u00f6reningar som p\u00e5 det stora hela \u00e4r positiva krafter i sina lokalomr\u00e5den f\u00f6rklaras antidemokratiska, f\u00f6rsvinner goda krafter som arbetar f\u00f6rebyggande, skyddande och demokratist\u00e4rkande. Dessutom skickar det signaler om utest\u00e4ngning till m\u00e4nniskor i f\u00f6reningarnas n\u00e4rhet. Det riskerar att g\u00f6da antidemokraters budskap: att demokratin inte \u00e4r svaret p\u00e5 hur samh\u00e4llsproblem ska l\u00f6sas.\u201d<\/em><\/p>\n\n\n\n<p class=\"wp-block-paragraph\"><strong>Granskningarna ledde trots<\/strong> dessa problem till att Ibn Rushd f\u00f6rlorade hela verksamhetsbidraget fr\u00e5n G\u00f6teborgs stad. Kanske inte s\u00e5 f\u00f6rv\u00e5nande, eftersom Sverigedemokraterna redan i augusti 2020 la en motion om att klippa alla bidrag till Ibn Rushd. Fr\u00e5gan \u00e4r varf\u00f6r man inte r\u00f6stade igenom det redan d\u00e5. Det \u00e4r sv\u00e5rt att s\u00e4ga att granskningen \u00e4r ett kvalitetsm\u00e4ssigt b\u00e4ttre underlag \u00e4n J\u00f6rgen Fogelklous motion.&nbsp;<\/p>\n\n\n\n<p class=\"wp-block-paragraph\">Kanske var det o\u00f6nskat att SD:s kommunalr\u00e5d J\u00f6rgen Fogelklou, som sj\u00e4lv, likt m\u00e5nga av sina partikamrater, <a href=\"https:\/\/www.folkbladet.nu\/2018-08-28\/sa-fungerar-det-i-ett-rasistiskt-parti\">yttrat sig antisemitiskt<\/a> och <a href=\"https:\/\/www.dn.se\/nyheter\/sverige\/sd-vill-pa-nytt-stoppa-stodet-till-pridefestivalen-i-goteborg\/\">stridit mot stadens Pridefestival<\/a> fick vara galjonsfigur f\u00f6r beslutet? Kanske v\u00e4gde det in att hans parti regelbundet avsl\u00f6jas med kopplingar till nazister? Hade det varit b\u00e4ttre om initiativet kom fr\u00e5n ett parti som Moderaterna, som fram till nyligen samarbetade med det antisemitiska och auktorit\u00e4ra regeringspartiet i Ungern? Av n\u00e5gon anledning ifr\u00e5gas\u00e4tts inte de bidrag och partist\u00f6d som g\u00e5r till de partierna eller deras ungdomsf\u00f6rbund.&nbsp;<\/p>\n\n\n\n<p class=\"wp-block-paragraph\">De m\u00e5nga underligheterna i granskningen borde leda till att lokala journalister st\u00e4ller fr\u00e5gor till kommunen om f\u00f6rfarandet. Varf\u00f6r skedde inte granskningen i dialog med Ibn Rushd? Varf\u00f6r utgick man inte fr\u00e5n Erik Amn\u00e5s granskning? Var granskningen och beslutet om att klippa bidragen proportionerliga? Har de andra studief\u00f6rbunden som tar emot bidrag utsatts f\u00f6r samma rigor\u00f6sa granskning?&nbsp;<\/p>\n\n\n\n<p class=\"wp-block-paragraph\"><strong>Problemet \u00e4r att det inte passar<\/strong> i medienarrativet. Antimuslimsk rasism \u00e4r hett, och d\u00e5 s\u00e4ljer det inte l\u00f6snummer att st\u00e4lla de fr\u00e5gorna. Tv\u00e4rtom riskerar det bara att \u00f6ka m\u00e4ngden trakasserier och hot man f\u00e5r ta emot. Beslutet som togs passar b\u00e5de den h\u00f6ger som hatar muslimer, och den h\u00f6ger som i sin nedsk\u00e4rningsiver anv\u00e4nder antimuslimsk rasism f\u00f6r att klippa kommunala bidrag.<\/p>\n\n\n\n<p class=\"wp-block-paragraph\">Den h\u00e4r fr\u00e5gan \u00e4r inte bara en fr\u00e5ga om rasism, den handlar ocks\u00e5 om f\u00f6reningslivet i stort. Organisationen Forum sl\u00e4ppte f\u00f6rra \u00e5ret en rapport som hette \u201d<a href=\"https:\/\/www.socialforum.se\/wp-content\/uploads\/2020\/11\/civilsamhallet-och-demokratin-20201125.pdf\">Civilsamh\u00e4llet och demokratin<\/a>\u201d d\u00e4r de bland annat tar upp riskerna i Demokrativillkorsutredningens f\u00f6reslagna bidragskriterierna fr\u00e5n 2019, d\u00e4r det bland annat f\u00f6resl\u00e5s att inga bidrag som l\u00e4mnas till organisationer d\u00e4r \u201df\u00f6retr\u00e4dare\u201d utf\u00f6r, r\u00e4ttf\u00e4rdigar, fr\u00e4mjar eller uppmanar till v\u00e5ld, hot eller diskriminering.&nbsp;<\/p>\n\n\n\n<p class=\"wp-block-paragraph\">\u201dF\u00f6retr\u00e4dare\u201d beh\u00f6ver inte vara valda, utan det r\u00e4cker med att organisationen vid n\u00e5got tillf\u00e4lle \u201dgivit utrymme\u201d till personen. Om ett antal av organisationens medlemmar agerar i strid med villkoret utanf\u00f6r f\u00f6reningens verksamhet ska det ocks\u00e5 vara nog f\u00f6r att klippa bidragen.<\/p>\n\n\n\n<p class=\"wp-block-paragraph\"><strong>Det \u00e4r mycket luddiga villkor <\/strong>med sv\u00e5ra gr\u00e4nsdragningar, och det g\u00f6r att vi kan r\u00e4kna med att det f\u00f6rutom att anv\u00e4ndas mot muslimer, som i Ibn Rushd-fallet, ocks\u00e5 kommer att anv\u00e4ndas mot andra obekv\u00e4ma grupper. Framf\u00f6r allt mot v\u00e4nstern. Har din f\u00f6rening en kass\u00f6r som brutit sig in p\u00e5 ett slakteri f\u00f6r att dokumentera? D\u00e5 kanske bidragen ryker. Har er medlemstidning tagit in en ins\u00e4ndare av en person som f\u00f6rsvarat AFA p\u00e5 twitter? Inga bidrag n\u00e4sta \u00e5r.<\/p>\n\n\n\n<p class=\"wp-block-paragraph\">Nu n\u00e4r villkoren pr\u00f6vas mot det muslimska civilsamh\u00e4llet skapas det prejudikat som med l\u00e4tthet kan anv\u00e4ndas mot andra. F\u00f6rsvarar vi inte varandra nu \u00f6ppnar vi inte bara f\u00f6r rasism, utan ocks\u00e5 f\u00f6r slag mot hela det svenska f\u00f6reningslivet.<\/p>\n\n\n\n<p class=\"wp-block-paragraph\"><\/p>\n","protected":false},"excerpt":{"rendered":"<p>\u201dDen h\u00e4r fr\u00e5gan \u00e4r inte bara en fr\u00e5ga om rasism, den handlar ocks\u00e5 om f\u00f6reningslivet i stort. Om man l\u00e5ter G\u00f6teborgs stad komma undan med att dra tillbaka finansiering s\u00e5 l\u00e4ttvindligt riskerar vi att det blir l\u00e4tt att dra undan bidragen f\u00f6r m\u00e5nga f\u00f6reningar.\u201d Isak Gerson om hoten mot det svenska f\u00f6reningslivet och beslutet att [&hellip;]<\/p>\n","protected":false},"author":1,"featured_media":0,"comment_status":"open","ping_status":"open","sticky":false,"template":"","format":"standard","meta":{"footnotes":""},"categories":[2],"tags":[],"class_list":["post-172","post","type-post","status-publish","format-standard","hentry","category-arbetaren"],"_links":{"self":[{"href":"https:\/\/www.isakgerson.se\/blog\/wp-json\/wp\/v2\/posts\/172","targetHints":{"allow":["GET"]}}],"collection":[{"href":"https:\/\/www.isakgerson.se\/blog\/wp-json\/wp\/v2\/posts"}],"about":[{"href":"https:\/\/www.isakgerson.se\/blog\/wp-json\/wp\/v2\/types\/post"}],"author":[{"embeddable":true,"href":"https:\/\/www.isakgerson.se\/blog\/wp-json\/wp\/v2\/users\/1"}],"replies":[{"embeddable":true,"href":"https:\/\/www.isakgerson.se\/blog\/wp-json\/wp\/v2\/comments?post=172"}],"version-history":[{"count":1,"href":"https:\/\/www.isakgerson.se\/blog\/wp-json\/wp\/v2\/posts\/172\/revisions"}],"predecessor-version":[{"id":173,"href":"https:\/\/www.isakgerson.se\/blog\/wp-json\/wp\/v2\/posts\/172\/revisions\/173"}],"wp:attachment":[{"href":"https:\/\/www.isakgerson.se\/blog\/wp-json\/wp\/v2\/media?parent=172"}],"wp:term":[{"taxonomy":"category","embeddable":true,"href":"https:\/\/www.isakgerson.se\/blog\/wp-json\/wp\/v2\/categories?post=172"},{"taxonomy":"post_tag","embeddable":true,"href":"https:\/\/www.isakgerson.se\/blog\/wp-json\/wp\/v2\/tags?post=172"}],"curies":[{"name":"wp","href":"https:\/\/api.w.org\/{rel}","templated":true}]}}