{"id":166,"date":"2020-11-20T17:45:00","date_gmt":"2020-11-20T17:45:00","guid":{"rendered":"https:\/\/www.isakgerson.se\/blog\/?p=166"},"modified":"2026-01-11T17:45:45","modified_gmt":"2026-01-11T17:45:45","slug":"lojligt-var-det-tills-det-blev-sant","status":"publish","type":"post","link":"https:\/\/www.isakgerson.se\/blog\/arbetaren\/lojligt-var-det-tills-det-blev-sant\/","title":{"rendered":"L\u00f6jligt var det, tills det blev sant"},"content":{"rendered":"\n<p class=\"wp-block-paragraph\">\u201dKan vi prata om integritet och varf\u00f6r det \u00e4r viktigt?\u201d fr\u00e5gar Annie Hellquist i sin text <a rel=\"noreferrer noopener\" href=\"https:\/\/www.arbetaren.se\/2020\/10\/16\/vi-behover-en-ny-fra-debatt\/\" target=\"_blank\">Vi beh\u00f6ver en ny FRA-debatt<\/a> h\u00e4r i Arbetaren f\u00f6r en m\u00e5nad sedan, efter att regeringen f\u00f6reslagit att ut\u00f6ka FRA-lagen som idag till\u00e5ter generell signalspaning, allts\u00e5 \u00f6vervakning helt utan misstanke, av kommunikation som korsar landets gr\u00e4nser \u2013 till att \u00e4ven till\u00e5ta kommunikation inom landets gr\u00e4nser.<\/p>\n\n\n\n<p class=\"wp-block-paragraph\">Om man minns tillbaka tolv \u00e5r minns man kanske att det var det r\u00f6relsen ofta varnade f\u00f6r. L\u00f6jligt mycket av diskussionerna fr\u00e5n den r\u00f6relse (som jag sj\u00e4lv tillh\u00f6rde) som k\u00e4mpade mot \u00f6vervakning och f\u00f6r st\u00f6rre frihet f\u00f6r individen p\u00e5 internet byggde p\u00e5 slippery slope-argument. Allts\u00e5 argument om att \u00e4ven om det inte var s\u00e5 himla illa nu, kommer det att bli det i framtiden. Man varnade t.ex. f\u00f6r att \u00e4ven om FRA-lagen bara till\u00e4t vissa typer av \u00f6vervakning nu, skulle det vara l\u00e4tt f\u00f6r politiker att ut\u00f6ka vad som \u00f6vervakades och vilka som hade tillg\u00e5ng till informationen.<\/p>\n\n\n\n<p class=\"wp-block-paragraph\"><strong>L\u00f6jligt var det, tills det blev sant.<\/strong> Och FRA-lagen \u00e4r inte den enda fr\u00e5ga d\u00e4r slippery slope-argumenten var l\u00f6jliga tills de blev sanna. Regeringen har n\u00e4r jag skriver den h\u00e4r texten bara f\u00f6r n\u00e5gra dagar sedan beslutat att <a rel=\"noreferrer noopener\" href=\"https:\/\/www.aftonbladet.se\/nyheter\/a\/BllE5e\/granskontroller-forlangs\/\" target=\"_blank\">\u00e4n en g\u00e5ng med ett halv\u00e5r f\u00f6rl\u00e4nga gr\u00e4nskontrollerna mot andra Schengenl\u00e4nder<\/a> som ursprungligen inf\u00f6rdes f\u00f6r att stoppa flyktingar i n\u00f6d. Partierna i riksdagen har sedan flera \u00e5r tillbaka en kappl\u00f6pning om vem som kan l\u00e4gga gr\u00f6vst f\u00f6rslag f\u00f6r att \u00f6ka straffen och kontroll\u00e5tg\u00e4rdena mot kriminella (eller potentiellt kriminella).<\/p>\n\n\n\n<p class=\"wp-block-paragraph\">Och talet om hur illa det vore att inf\u00f6ra mass\u00f6vervakning ifall ett fascistiskt parti kom till makten \u00e4r inte s\u00e5 himla kul att se tillbaka p\u00e5 n\u00e4r man t\u00e4nker p\u00e5 hur stort st\u00f6d SD har, och hur popul\u00e4rt det \u00e4r bland andra partier att ta \u00f6ver deras politiska f\u00f6rslag.<\/p>\n\n\n\n<p class=\"wp-block-paragraph\">Det har l\u00e4nge k\u00e4nts till att USA har f\u00f6rm\u00e5gan att spionera i Sverige, likt i m\u00e5nga andra l\u00e4nder, bland annat genom inbyggda bakd\u00f6rrar i mjukvara. D\u00e4rf\u00f6r var det inte direkt f\u00f6rv\u00e5nande n\u00e4r vi <a rel=\"noreferrer noopener\" href=\"https:\/\/www.svt.se\/nyheter\/inrikes\/kallor-till-dr-usa-bedrev-spionage-mot-saab-med-hjalp-av-danska-underattelsetjansten\" target=\"_blank\">nyligen fick reda<\/a> p\u00e5 att USA ocks\u00e5 bedrivit spaning mot svensk f\u00f6rsvarsindustri.<\/p>\n\n\n\n<p class=\"wp-block-paragraph\">USA har sedan 2001 i rask takt minskat sin respekt f\u00f6r internationell r\u00e4tt och r\u00e4ttsprinciper i sin behandling av utl\u00e4ndska medborgare i det eviga \u201dkriget mot terrorn\u201d, och med sina internationella f\u00e4ngelsecenter med tortyr och utan vederb\u00f6rlig r\u00e4ttslig process \u00e4r de ett konkret hot \u00e4ven mot oss svenskar.<\/p>\n\n\n\n<p class=\"wp-block-paragraph\"><strong>\u00d6vervakningen \u00e4r inte heller det enda<\/strong> omr\u00e5det d\u00e4r slippery slope-argumenten verkar besannas. I takt med att internet centraliserats till ett f\u00e5tal mediebolag ser vi ocks\u00e5 en tilltagande censur. F\u00f6r n\u00e5gra \u00e5r sedan diskuterade vi problemet att amning censurerades bort fr\u00e5n Facebook. Nu har vi ist\u00e4llet att sl\u00e5ss mot att Facebook b\u00f6rjat att systematiskt hindra v\u00e4nstergrupper \u2013 inklusive v\u00e4nstermedia \u2013 fr\u00e5n att annonsera, vilket bland annat <a rel=\"noreferrer noopener\" href=\"http:\/\/flamman.se\/a\/facebook-medger-strop-visningar-for-vanstermedia\/\" target=\"_blank\">Flamman rapporterat om<\/a>.<\/p>\n\n\n\n<p class=\"wp-block-paragraph\">De stora protester vi sett mot trakasserier och sexuellt v\u00e5ld mot kvinnor i arbetslivet har bem\u00f6tts av b\u00e5de stat och kapital. Av staten i form av f\u00f6rtalsdomar mot vissa av de som v\u00e5gat tala om sina f\u00f6r\u00f6vare. Och kapitalet svarar genom att begr\u00e4nsa arbetsr\u00e4tten, s\u00e5 att det blir <a href=\"https:\/\/www.arbetaren.se\/2020\/10\/23\/vi-haller-pa-att-infora-cancel-kulturen-i-hela-arbetslivet\/\" target=\"_blank\" rel=\"noreferrer noopener\">enkelt att s\u00e4ga upp de som v\u00e5gar protestera<\/a>. Fr\u00e5n mina \u00e5r som facklig f\u00f6rhandlare vet jag hur viktig LAS kan vara f\u00f6r att skydda folk som v\u00e5gar protestera, inte bara mot sexuellt v\u00e5ld utan ocks\u00e5 mot s\u00e4kerhetsbrister och brottslighet.<\/p>\n\n\n\n<p class=\"wp-block-paragraph\">Om det \u00e4r n\u00e5got omr\u00e5de d\u00e4r v\u00e5ra farh\u00e5gor inte besannats \u00e4r det nog de drakoniska \u00e5tg\u00e4rderna mot fildelare, antagligen f\u00f6r att centraliserade str\u00f6mningstj\u00e4nster ersatt mycket av fildelningen. Tyv\u00e4rr, om man ska tro Snickars och Fleischers bok om Spotify <em><a rel=\"noreferrer noopener\" href=\"https:\/\/mondial.se\/bok\/den-svenska-enhorningen\/\" target=\"_blank\">Den svenska enh\u00f6rningen<\/a><\/em>, eller de m\u00e5nga artister som h\u00f6jt r\u00f6sten, verkar det knappast ha varit till artisternas f\u00f6rdel.<\/p>\n\n\n\n<p class=\"wp-block-paragraph\"><strong>Vad vi vet nu n\u00e4r vi levt med Spotify<\/strong> som stor akt\u00f6r i m\u00e5nga \u00e5r \u00e4r att artisterna knappt f\u00e5r en liten br\u00e5kdel av kakan. Avgifterna anv\u00e4ndarna betalar g\u00e5r till \u00e4gare och skivbolag. S\u00e5 jag hoppas ocks\u00e5 att vi kan f\u00e5 en ny FRA-debatt, nu n\u00e4r v\u00e5r slippery slope \u00e4nd\u00e5 \u00e4r h\u00e4r. Och jag hoppas att den kommer i god tid innan ett parti fr\u00e5n extremh\u00f6gern hamnar i regeringen. Om de skulle hamna d\u00e4r idag skulle det inneb\u00e4ra en mycket stor grad av kontroll av oss i det st\u00f6rre folket, men framf\u00f6r allt mot minoriteter \u2013 etniska, politiska, sexuella.<\/p>\n\n\n\n<p class=\"wp-block-paragraph\">Och jag hoppas ocks\u00e5 att vi kan diskutera reglering eller expropriering av den infrastruktur som bygger upp internet och d\u00e4rmed n\u00e4stan all v\u00e5r kommunikation innan de f\u00e5 som styr \u00f6ver det b\u00f6rjar anv\u00e4nda den makten f\u00f6r att f\u00f6rf\u00f6lja oss. Det \u00e4r p\u00e5 ett s\u00e4tt naivt av oss att tro att de inte g\u00f6r det just nu, med tanke p\u00e5 totala brist p\u00e5 insyn i hur de stora IT-bolagen styrs. L\u00e5ter jag paranoid? \u00c4h, s\u00e4tt dig ner. Jag har inte ens b\u00f6rjat prata om den trendiga gentestindustrin.<\/p>\n","protected":false},"excerpt":{"rendered":"<p>\u201dKan vi prata om integritet och varf\u00f6r det \u00e4r viktigt?\u201d fr\u00e5gar Annie Hellquist i sin text Vi beh\u00f6ver en ny FRA-debatt h\u00e4r i Arbetaren f\u00f6r en m\u00e5nad sedan, efter att regeringen f\u00f6reslagit att ut\u00f6ka FRA-lagen som idag till\u00e5ter generell signalspaning, allts\u00e5 \u00f6vervakning helt utan misstanke, av kommunikation som korsar landets gr\u00e4nser \u2013 till att \u00e4ven [&hellip;]<\/p>\n","protected":false},"author":1,"featured_media":0,"comment_status":"open","ping_status":"open","sticky":false,"template":"","format":"standard","meta":{"footnotes":""},"categories":[2],"tags":[],"class_list":["post-166","post","type-post","status-publish","format-standard","hentry","category-arbetaren"],"_links":{"self":[{"href":"https:\/\/www.isakgerson.se\/blog\/wp-json\/wp\/v2\/posts\/166","targetHints":{"allow":["GET"]}}],"collection":[{"href":"https:\/\/www.isakgerson.se\/blog\/wp-json\/wp\/v2\/posts"}],"about":[{"href":"https:\/\/www.isakgerson.se\/blog\/wp-json\/wp\/v2\/types\/post"}],"author":[{"embeddable":true,"href":"https:\/\/www.isakgerson.se\/blog\/wp-json\/wp\/v2\/users\/1"}],"replies":[{"embeddable":true,"href":"https:\/\/www.isakgerson.se\/blog\/wp-json\/wp\/v2\/comments?post=166"}],"version-history":[{"count":1,"href":"https:\/\/www.isakgerson.se\/blog\/wp-json\/wp\/v2\/posts\/166\/revisions"}],"predecessor-version":[{"id":167,"href":"https:\/\/www.isakgerson.se\/blog\/wp-json\/wp\/v2\/posts\/166\/revisions\/167"}],"wp:attachment":[{"href":"https:\/\/www.isakgerson.se\/blog\/wp-json\/wp\/v2\/media?parent=166"}],"wp:term":[{"taxonomy":"category","embeddable":true,"href":"https:\/\/www.isakgerson.se\/blog\/wp-json\/wp\/v2\/categories?post=166"},{"taxonomy":"post_tag","embeddable":true,"href":"https:\/\/www.isakgerson.se\/blog\/wp-json\/wp\/v2\/tags?post=166"}],"curies":[{"name":"wp","href":"https:\/\/api.w.org\/{rel}","templated":true}]}}