{"id":160,"date":"2020-07-10T17:41:00","date_gmt":"2020-07-10T17:41:00","guid":{"rendered":"https:\/\/www.isakgerson.se\/blog\/?p=160"},"modified":"2026-01-11T17:42:00","modified_gmt":"2026-01-11T17:42:00","slug":"den-urlakade-demokratin","status":"publish","type":"post","link":"https:\/\/www.isakgerson.se\/blog\/arbetaren\/den-urlakade-demokratin\/","title":{"rendered":"Den urlakade demokratin"},"content":{"rendered":"\n<p class=\"wp-block-paragraph\">En v\u00e5g av demonstrationer som t\u00e4cker i stort sett alla st\u00f6rre och m\u00e5nga mindre stater sveper genom USA. Vissa av demonstrationerna uppr\u00e4ttar autonoma zoner. Demonstranterna blir mer och b\u00e4ttre organiserade mot den amerikanska polis som tack vare LESO-programmet d\u00e4r m\u00e4ngder av milit\u00e4rt materiel s\u00e4ljs vidare till polisk\u00e5rerna \u00e4r tungt bev\u00e4pnad.<\/p>\n\n\n\n<p class=\"wp-block-paragraph\">Fr\u00e5n statens h\u00e5ll talar man om att s\u00e4tta in nationalgardet. Presidenten har l\u00e4nge talat om att utn\u00e4mna v\u00e4nstern (genom sp\u00f6knamnet \u201dantifa\u201d) till nationell fiende, vilket g\u00f6r att vi kan f\u00f6rv\u00e4nta oss en framtid d\u00e4r antirasister och v\u00e4nstern blir godtyckligt massf\u00e4ngslade liknande de svarta pantrarna samt muslimer efter 9\/11.<\/p>\n\n\n\n<p class=\"wp-block-paragraph\">Jag har <a href=\"https:\/\/www.arbetaren.se\/2019\/02\/20\/vem-ska-fa-rosta\/\" target=\"_blank\" rel=\"noreferrer noopener\">tidigare redogjort<\/a> f\u00f6r hur sv\u00e5rt det \u00e4r att tala om staters demokratiskhet som en bin\u00e4r fr\u00e5ga, som om det fanns rent demokratiska och rent odemokratiska stater. Men det \u00e4r v\u00e4rt att i stunden vi befinner oss i faktiskt titta p\u00e5 n\u00e5gra av de utmaningar USA har att l\u00f6sa innan det riktigt k\u00e4nns r\u00e4tt att kalla staten f\u00f6r en demokrati, s\u00e4rskilt i termer om svarta amerikaners r\u00f6str\u00e4tt. Jag kommer att h\u00e4nvisa till villkoren f\u00f6r b\u00e5de svarta och fattiga i texten, f\u00f6r grupperna har haft ett stort \u00f6verlapp p\u00e5 grund av strukturell rasism sedan slaveritiden till idag.<\/p>\n\n\n\n<p class=\"wp-block-paragraph\"><strong>Till att b\u00f6rja med<\/strong> \u00e4r svarta amerikaner med mycket r\u00e5ge \u00f6verrepresenterade i statistiken f\u00f6r b\u00e5de <a rel=\"noreferrer noopener\" href=\"https:\/\/www.aclu.org\/other\/race-and-death-penalty\" target=\"_blank\">d\u00f6dsstraff<\/a> och <a rel=\"noreferrer noopener\" href=\"https:\/\/www.prisonpolicy.org\/reports\/rates.html\" target=\"_blank\">f\u00e4ngelsestraff<\/a>. Ungef\u00e4r en halv promille av vita amerikaner \u00e4r i f\u00e4ngelse, medan siffran \u00e4r 2,3% f\u00f6r svarta amerikaner. Avr\u00e4ttade m\u00e4nniskor kan s\u00e5klart inte r\u00f6sta, och i USA kan inte s\u00e4rskilt m\u00e5nga f\u00e5ngar r\u00f6sta heller.<\/p>\n\n\n\n<p class=\"wp-block-paragraph\">Exakt vilken niv\u00e5 av brott som kr\u00e4vs f\u00f6r att du ska ber\u00f6vas r\u00f6str\u00e4tten beror p\u00e5 delstat, men i de flesta delstater f\u00f6rlorar du din r\u00f6str\u00e4tt \u00e4ven f\u00f6r relativt vanliga brott. USA har 2,3 miljoner medborgare i f\u00e4ngelse just nu och totalt <a rel=\"noreferrer noopener\" href=\"https:\/\/www.aclu.org\/issues\/voting-rights\/voter-restoration\/felony-disenfranchisement-laws-map\" target=\"_blank\">5,8 miljoner som ber\u00f6vats r\u00f6str\u00e4tten<\/a> p\u00e5 grund av nuvarande eller tidigare f\u00e4ngelsestraff, totalt 2,5% av r\u00f6stskaran.<\/p>\n\n\n\n<p class=\"wp-block-paragraph\">Ett argument som framf\u00f6rts mot att ge f\u00e4ngelsed\u00f6mda r\u00f6str\u00e4tt \u00e4r att de som d\u00f6mts skulle kunna utg\u00f6ra en v\u00e5gm\u00e4starkraft i valet. Man kan tycka att ett land d\u00e4r gruppen f\u00e4ngelsed\u00f6mda \u00e4r s\u00e5 stor att den utg\u00f6r en v\u00e5gm\u00e4starroll kanske har st\u00f6rre problem. USA har ocks\u00e5 fortfarande politiska f\u00e5ngar fr\u00e5n de svarta pantrarna i <a rel=\"noreferrer noopener\" href=\"https:\/\/www.peoplesworld.org\/article\/romaine-chip-fitzgerald-californias-longest-serving-black-panther-still-incarcerated\/\" target=\"_blank\">f\u00e4ngelse<\/a>. Det \u00e4r inte en stor grupp idag, men det har defintivt spelat roll f\u00f6r svartas m\u00f6jlighet att organisera sig politiskt historiskt.<\/p>\n\n\n\n<p class=\"wp-block-paragraph\"><strong>Varf\u00f6r \u00e4r svarta<\/strong> s\u00e5 \u00f6verrepresenterade d\u00e5? Vi kan se p\u00e5 n\u00e5gra sk\u00e4l. Rasistiska f\u00f6rdomar g\u00f6r att svarta i h\u00f6gre grad misst\u00e4nks f\u00f6r brott och d\u00f6ms p\u00e5 svag bevisning. Strukturellt rasistiska sk\u00e4l g\u00f6r att svarta amerikaner statistiskt sett \u00e4r socioekonomiskt svagare (medianinkomsten i svarta amerikanska hush\u00e5ll \u00e4r <a rel=\"noreferrer noopener\" href=\"https:\/\/www.pewresearch.org\/fact-tank\/2020\/02\/07\/6-facts-about-economic-inequality-in-the-u-s\/\" target=\"_blank\">60% av vitas<\/a>), och m\u00e5nga f\u00e4ngelsebrott \u00e4r vanligare bland fattiga.<\/p>\n\n\n\n<p class=\"wp-block-paragraph\">Och de amerikanska polisk\u00e5rerna har en starkt rasistisk tradition som bland annat kommer fr\u00e5n de amerikanka polisk\u00e5rernas <a rel=\"noreferrer noopener\" href=\"https:\/\/theconversation.com\/the-racist-roots-of-american-policing-from-slave-patrols-to-traffic-stops-112816\" target=\"_blank\">r\u00f6tter i slav\u00e4garpatrullerna<\/a>. M\u00e5nga av dem har inte riktigt reformerats i grunden sedan varken slav\u00e4gartiden, Jim Crow eller Klu Klux Klans storhetstid.<\/p>\n\n\n\n<p class=\"wp-block-paragraph\">\u00c4ven de som tekniskt sett f\u00e5r r\u00f6sta f\u00f6rhindras dock ofta att r\u00f6sta. Varje val kommer vittnesm\u00e5l om vallokaler d\u00e4r man f\u00e5tt <a rel=\"noreferrer noopener\" href=\"https:\/\/www.independent.co.uk\/news\/world\/americas\/us-politics\/kentucky-cuts-polling-locations-angry-mob-long-lines-georgia-election-day-disaster-confusion-a9577501.html\" target=\"_blank\">v\u00e4nta i m\u00e5nga timmar f\u00f6r att r\u00f6sta<\/a> eller d\u00e4r <a rel=\"noreferrer noopener\" href=\"https:\/\/www.theguardian.com\/us-news\/2020\/mar\/02\/texas-polling-sites-closures-voting\" target=\"_blank\">vallokaler st\u00e4ngts ner<\/a>. M\u00e5nga har <a rel=\"noreferrer noopener\" href=\"https:\/\/www.workplacefairness.org\/voting-rights-time-off-work\" target=\"_blank\">sv\u00e5rt att f\u00e5 ledigt<\/a> f\u00f6r att f\u00e5 r\u00f6sta. Att r\u00f6sta har f\u00f6r m\u00e5nga amerikaner ett pris i b\u00e5de tid och pengar, och huruvida man har r\u00e5d med det beror mycket p\u00e5 hur mycket pengar man har.<\/p>\n\n\n\n<p class=\"wp-block-paragraph\">Och om du som boende i ett svart och\/eller fattigt omr\u00e5de f\u00f6rsvagas din r\u00f6st \u00e4nd\u00e5 ofta av vad som kallas <a rel=\"noreferrer noopener\" href=\"https:\/\/www.washingtonpost.com\/business\/2019\/06\/27\/what-is-gerrymandering-why-is-it-problematic\/\" target=\"_blank\">gerrymandering<\/a>, som f\u00e5tt namn efter en amerikansk politiker. Gerrymandering \u00e4r att rita om valdistrikten p\u00e5 ett s\u00e4tt som gynnar det egna partiet. N\u00e5got makten gjort s\u00e4rskilt f\u00f6r att minska effekten av svarta amerikaners r\u00f6stande.<\/p>\n\n\n\n<p class=\"wp-block-paragraph\">Har fattiga amerikanska medborgare f\u00f6ruts\u00e4ttningar att fatta informerade val n\u00e4r de r\u00f6star? Svarta amerikaner \u00e4r fortfarande <a rel=\"noreferrer noopener\" href=\"https:\/\/www.americanprogress.org\/issues\/education-postsecondary\/reports\/2018\/05\/23\/451186\/neglected-college-race-gap-racial-disparities-among-college-completers\/\" target=\"_blank\">tydligt underrepresenterade i h\u00f6gre utbildning<\/a>, troligtvis delvis orsakat av den l\u00e5ga finansiering skolor som ligger i svarta omr\u00e5den har. Inte heller kan de lita s\u00e4rskilt mycket p\u00e5 massmedia, med tanke p\u00e5 den starka <a rel=\"noreferrer noopener\" href=\"https:\/\/en.wikipedia.org\/wiki\/Media_cross-ownership_in_the_United_States\" target=\"_blank\">\u00e4garkoncentrationen<\/a> \u00f6ver amerikansk media.<\/p>\n\n\n\n<p class=\"wp-block-paragraph\">V\u00e4rt att n\u00e4mna \u00e4r den politiskt konservativa massmedie\u00e4garen Sinclair Broadcast Group som \u00e4ger stora delar av de amerikanska lokala TV-stationerna. F\u00f6retaget \u00e4r k\u00e4nt f\u00f6r sina <a rel=\"noreferrer noopener\" href=\"https:\/\/www.latimes.com\/business\/hollywood\/la-fi-ct-sinclair-promo-20180405-story.html\" target=\"_blank\">\u201dmust-runs\u201d<\/a>, f\u00e4rdiggjorda inslag som man tvingar alla lokala nyhetsprogram att s\u00e4nda med f\u00e4rdigskrivna manus, som f\u00f6r fram en konservativ agenda.<\/p>\n\n\n\n<p class=\"wp-block-paragraph\"><strong>Och vad h\u00e4nder<\/strong> om man \u00e4nd\u00e5 lyckas r\u00f6sta p\u00e5 det amerikanska tv\u00e5partisystemets v\u00e4nsterparti? Socialistpolitikern Kshama Sawant sammanfattade det bra i sin kolumn i Seattletidningen The Stranger (under Obamas regeringstid): \u201dThese differences are nothing but delusions. In contemporary America, the \u201ddifferences\u201d between Republicans and Democrats are obliterated by both parties\u2019 identical enslavement to war-mongering corporate masters whose power is derived from the blood of exploited workers.\u201d<\/p>\n\n\n\n<p class=\"wp-block-paragraph\">Eller f\u00f6r att citera partiets presidentkandidat Joe Biden i ett tal till rika donatorer n\u00e4r han v\u00e4l hade besegrat Bernie Sanders, <a rel=\"noreferrer noopener\" href=\"https:\/\/www.salon.com\/2019\/06\/19\/joe-biden-to-rich-donors-nothing-would-fundamentally-change-if-hes-elected\/\" target=\"_blank\">\u201dNo one\u2019s standard of living will change, nothing would fundamentally change.\u201d<\/a><\/p>\n\n\n\n<p class=\"wp-block-paragraph\">Jag har bara fokuserat p\u00e5 de rena r\u00f6str\u00e4ttsfr\u00e5gorna h\u00e4r. I demokratibegreppet ing\u00e5r ofta ocks\u00e5 saker som r\u00e4ttss\u00e4kerhet och minoritetsskydd, som vi sett \u00e4r extremt d\u00e5ligt f\u00f6r svarta amerikaner generellt.<\/p>\n\n\n\n<p class=\"wp-block-paragraph\">P\u00e5 baser som Guantanamo blandas dessutom godtyckliga och ej tidsbest\u00e4mda h\u00e4ktningar med tortyr \u2013 s\u00e4rskilt mot politiska motst\u00e5ndare och minoriteter, och landet anv\u00e4nder d\u00f6dsstraff.<\/p>\n\n\n\n<p class=\"wp-block-paragraph\"><strong>Vi kan \u00e4ven<\/strong> med en rej\u00e4l nypa god tro i det amerikanska demokratiska systemet \u00e4nd\u00e5 ta Biden p\u00e5 orden \u2013 \u00e4ven om partiet till v\u00e4nster vinner kommer inget fundamentalt f\u00f6r\u00e4ndras av det.<\/p>\n\n\n\n<p class=\"wp-block-paragraph\">Jag hoppas att den r\u00f6relse som nu \u00e4r ute p\u00e5 amerikanska gator kan hitta ett s\u00e4tt att g\u00f6ra att saker faktiskt f\u00f6r\u00e4ndras. Jag har en k\u00e4nsla av att Leonard Cohen \u00e4ntligen, postumt, f\u00e5r r\u00e4tt. <a rel=\"noreferrer noopener\" href=\"https:\/\/www.leonardcohensite.com\/songs\/democracy.htm\" target=\"_blank\">Democracy is coming to the USA<\/a>.<\/p>\n","protected":false},"excerpt":{"rendered":"<p>En v\u00e5g av demonstrationer som t\u00e4cker i stort sett alla st\u00f6rre och m\u00e5nga mindre stater sveper genom USA. Vissa av demonstrationerna uppr\u00e4ttar autonoma zoner. Demonstranterna blir mer och b\u00e4ttre organiserade mot den amerikanska polis som tack vare LESO-programmet d\u00e4r m\u00e4ngder av milit\u00e4rt materiel s\u00e4ljs vidare till polisk\u00e5rerna \u00e4r tungt bev\u00e4pnad. Fr\u00e5n statens h\u00e5ll talar man [&hellip;]<\/p>\n","protected":false},"author":1,"featured_media":0,"comment_status":"open","ping_status":"open","sticky":false,"template":"","format":"standard","meta":{"footnotes":""},"categories":[2],"tags":[],"class_list":["post-160","post","type-post","status-publish","format-standard","hentry","category-arbetaren"],"_links":{"self":[{"href":"https:\/\/www.isakgerson.se\/blog\/wp-json\/wp\/v2\/posts\/160","targetHints":{"allow":["GET"]}}],"collection":[{"href":"https:\/\/www.isakgerson.se\/blog\/wp-json\/wp\/v2\/posts"}],"about":[{"href":"https:\/\/www.isakgerson.se\/blog\/wp-json\/wp\/v2\/types\/post"}],"author":[{"embeddable":true,"href":"https:\/\/www.isakgerson.se\/blog\/wp-json\/wp\/v2\/users\/1"}],"replies":[{"embeddable":true,"href":"https:\/\/www.isakgerson.se\/blog\/wp-json\/wp\/v2\/comments?post=160"}],"version-history":[{"count":1,"href":"https:\/\/www.isakgerson.se\/blog\/wp-json\/wp\/v2\/posts\/160\/revisions"}],"predecessor-version":[{"id":161,"href":"https:\/\/www.isakgerson.se\/blog\/wp-json\/wp\/v2\/posts\/160\/revisions\/161"}],"wp:attachment":[{"href":"https:\/\/www.isakgerson.se\/blog\/wp-json\/wp\/v2\/media?parent=160"}],"wp:term":[{"taxonomy":"category","embeddable":true,"href":"https:\/\/www.isakgerson.se\/blog\/wp-json\/wp\/v2\/categories?post=160"},{"taxonomy":"post_tag","embeddable":true,"href":"https:\/\/www.isakgerson.se\/blog\/wp-json\/wp\/v2\/tags?post=160"}],"curies":[{"name":"wp","href":"https:\/\/api.w.org\/{rel}","templated":true}]}}