{"id":152,"date":"2020-01-03T17:34:00","date_gmt":"2020-01-03T17:34:00","guid":{"rendered":"https:\/\/www.isakgerson.se\/blog\/?p=152"},"modified":"2026-01-11T17:35:59","modified_gmt":"2026-01-11T17:35:59","slug":"solidariteten-ar-vad-de-vill-forstora","status":"publish","type":"post","link":"https:\/\/www.isakgerson.se\/blog\/arbetaren\/solidariteten-ar-vad-de-vill-forstora\/","title":{"rendered":"Solidariteten \u00e4r vad de vill f\u00f6rst\u00f6ra"},"content":{"rendered":"\n<p class=\"wp-block-paragraph\">Efter terrord\u00e5det i slutet av Chanuka, d\u00e4r en antisemitisk m\u00f6rdare br\u00f6t sig in i hemmet hos en rabbin i Monsey norr om New York och h\u00f6gg ner fem chassidiska judar med en machete, skrev Shimon Rolnitzky, sj\u00e4lv chassidisk jude fr\u00e5n Monsey&nbsp;<a href=\"https:\/\/www.jta.org\/2019\/12\/31\/opinion\/we-hasidic-jews-of-monsey-must-ignore-the-outsiders-who-want-us-to-take-up-arms-and-politicize-our-tragedy\" target=\"_blank\" rel=\"noreferrer noopener\">en artikel<\/a>&nbsp;som i stort fokuserade p\u00e5 tv\u00e5 saker.<\/p>\n\n\n\n<p class=\"wp-block-paragraph\">Det f\u00f6rsta var att minoriteterna som lever sida vid sida med den chassidiska minoriteten \u00e4r deras n\u00e4rmsta allierade, och att angripa andra minoriteter med rasism kommer bara att skada chassidiska judar. Det andra var att uppmaningar att judar nu m\u00e5ste bev\u00e4pna sig inte p\u00e5 n\u00e5got s\u00e4tt kommer att hj\u00e4lpa chassidiska judar, som ofta v\u00e4grar bev\u00e4pna sig. Hans l\u00f6sning \u00e4r ist\u00e4llet starkare relationsbyggande mellan chassidiska judar och andra minoriteter och starkare trohet till den judiska traditionen.<\/p>\n\n\n\n<p class=\"wp-block-paragraph\"><strong>Spontant l\u00e5ter<\/strong> det kanske inte som en s\u00e4rskilt kontroversiell text. Chassidiska judar \u00e4r en av de absolut fattigaste grupperna i USA. Kiryas Joel, en stad i samma delstat som i princip bara bebos av chassidiska judar har USA:s h\u00f6gsta andel fattiga, och h\u00f6gsta andel av befolkningen som lever p\u00e5 statliga matkuponger. H\u00e4lften av befolkningen har grundl\u00e4ggande kunskaper i engelska. Det \u00e4r inte representativt f\u00f6r amerikanska chassidiska judar i stort, men det s\u00e4ger n\u00e5got om vilken position m\u00e5nga av dem har. De har god grund att bygga solidariska samarbeten med andra f\u00f6rtryckta minoriteter. Och \u00e4ven om man s\u00e4tter teologin \u00e5t sidan \u00e4r det sv\u00e5rt att tro att de skulle ha r\u00e5d med s\u00e4rskilt m\u00e5nga vapen.<\/p>\n\n\n\n<p class=\"wp-block-paragraph\"><strong>\u00c4nd\u00e5 har<\/strong> m\u00e5nga av de r\u00f6ster som h\u00f6rts kring terrord\u00e5den g\u00e5tt i motsatt riktning. Ett sk\u00e4l \u00e4r det utbredda problemet med att judars r\u00f6ster ibland f\u00f6rfalskas. Ett par dagar efter artikeln skrev administrat\u00f6rerna f\u00f6r det stora judendomsforumet p\u00e5 hemsidan Reddit&nbsp;<a href=\"https:\/\/www.reddit.com\/r\/Judaism\/comments\/einymp\/rjudaism_and_outside_manipulation\/\" target=\"_blank\" rel=\"noreferrer noopener\">en text<\/a>&nbsp;om \u201doutside manipulation\u201d som alltid dyker upp med j\u00e4mna mellanrum men som m\u00e5ngdubblats i samband med terrorattacken.<\/p>\n\n\n\n<p class=\"wp-block-paragraph\">Fejkanv\u00e4ndarna som ansluter organiseras ofta enligt administrat\u00f6ren av ett h\u00f6gerextremt forum och mycket av agendan bygger p\u00e5 att skriva rasistiska kommentarer. H\u00f6gerextrema grupper p\u00e5 bland annat&nbsp;<a href=\"https:\/\/boards.4chan.org\/pol\/thread\/237871419\" target=\"_blank\" rel=\"noreferrer noopener\">4chan<\/a>&nbsp;och&nbsp;<a href=\"https:\/\/twitter.com\/findoctrine\/status\/1212464294228398080\" target=\"_blank\" rel=\"noreferrer noopener\">Telegram<\/a>&nbsp;har poserat som judar f\u00f6r att sprida propagandabilder om att \u201dBlacks must respect Jews\u201d och \u201dJewish lives matter\u201d riktat mot svarta. Att h\u00f6gerextrema&nbsp;<a href=\"https:\/\/twitter.com\/maxsparber\/status\/1212418443007463424\" target=\"_blank\" rel=\"noreferrer noopener\">startar twitterkonton<\/a>&nbsp;som framst\u00e4ller sig som judar f\u00f6r att sprida rasism bland judar \u00e4r inget nytt, men det ser ut att ha accelererat efter d\u00e5det.<\/p>\n\n\n\n<p class=\"wp-block-paragraph\"><strong>Kombinationen<\/strong> att judiska r\u00f6ster f\u00f6rfalskas och id\u00e9n att god politik bygger p\u00e5 att lyssna p\u00e5 den drabbade individen g\u00f6r det sv\u00e5rt f\u00f6r politiker att agera mot antisemitism. Om man som politiker eller opinionsjournalist blir kontaktad av flertalet personer som utger sig f\u00f6r att vara judar och s\u00e4ger att det enda s\u00e4ttet att hj\u00e4lpa judar \u00e4r att sl\u00e4nga ut svarta ur landet och ytterligare avreglera vapenlagarna kan det vara sv\u00e5rt att veta vad man ska g\u00f6ra. Och f\u00f6r de politiker som hela tiden velat driva s\u00e5dan politik finns det nu ett utm\u00e4rkt svepsk\u00e4l.<\/p>\n\n\n\n<p class=\"wp-block-paragraph\">S\u00e5 det h\u00e4r blir \u00e4nnu en del av den levda judiska identiteten, att vi beh\u00f6ver bevaka vilka som deltar i v\u00e5ra forum f\u00f6r att inte bli m\u00e5ltavla f\u00f6r h\u00f6gerextrema infiltrat\u00f6rer. Det \u00e4r f\u00f6rj\u00e4vligt, men alternativet \u00e4r v\u00e4rre. Alternativet \u00e4r att vi l\u00e5ter oss malas ner av den rasistiska propagandan de sprider tills stora delar av den judiska gruppen h\u00e5ller med. Den propaganda som Victor Klemperer beskrev som ett gift som sv\u00e4ljs regelbundet i sm\u00e5 doser tills man blivit f\u00f6rgiftad. N\u00e4r man redan \u00e4r r\u00e4dd \u00e4r det sv\u00e5rt att v\u00e4rja sig mot skepsis och misst\u00e4nkligg\u00f6rande.<\/p>\n\n\n\n<p class=\"wp-block-paragraph\"><strong>Om den processen<\/strong> skriver\u00a0<a href=\"https:\/\/www.theguardian.com\/commentisfree\/2019\/dec\/30\/antisemitism-attacks-monsey-new-york-joshua-leifer\" target=\"_blank\" rel=\"noreferrer noopener\">Joshua Leifer i The Guardian,<\/a>\u00a0om hur \u201ds\u00f6ndringens logik\u201d lever p\u00e5 v\u00e5r r\u00e4dsla och sm\u00e4rta. Den bryter ner den empati och solidaritet som annars skulle kunna h\u00e5lla ihop oss. Vi kan inte st\u00e5 emot s\u00f6ndringens logik, skriver han, genom militariserad polis, v\u00e5ldsglorifiering, upprustning med skjutvapen eller att anstifta mer hat eller misst\u00e4nksamhet i pressen. Det \u00e4r inte alltid l\u00e4tt att trotsa ryggm\u00e4rgsr\u00e4dslan, men f\u00f6r att vi ska kunna blomstra m\u00e5ste vi hitta till solidariteten. Om Shimon Rolnitzkys beskrivning av hur de lyckats bygga djupa solidariska band med andra minoriteter i Monsey st\u00e4mmer har den f\u00f6rsamlingen l\u00e5ngt b\u00e4ttre chanser att blomstra \u00e4n m\u00e5nga andra judiska gemenskaper.<\/p>\n","protected":false},"excerpt":{"rendered":"<p>Efter terrord\u00e5det i slutet av Chanuka, d\u00e4r en antisemitisk m\u00f6rdare br\u00f6t sig in i hemmet hos en rabbin i Monsey norr om New York och h\u00f6gg ner fem chassidiska judar med en machete, skrev Shimon Rolnitzky, sj\u00e4lv chassidisk jude fr\u00e5n Monsey&nbsp;en artikel&nbsp;som i stort fokuserade p\u00e5 tv\u00e5 saker. Det f\u00f6rsta var att minoriteterna som lever [&hellip;]<\/p>\n","protected":false},"author":1,"featured_media":0,"comment_status":"open","ping_status":"open","sticky":false,"template":"","format":"standard","meta":{"footnotes":""},"categories":[2],"tags":[],"class_list":["post-152","post","type-post","status-publish","format-standard","hentry","category-arbetaren"],"_links":{"self":[{"href":"https:\/\/www.isakgerson.se\/blog\/wp-json\/wp\/v2\/posts\/152","targetHints":{"allow":["GET"]}}],"collection":[{"href":"https:\/\/www.isakgerson.se\/blog\/wp-json\/wp\/v2\/posts"}],"about":[{"href":"https:\/\/www.isakgerson.se\/blog\/wp-json\/wp\/v2\/types\/post"}],"author":[{"embeddable":true,"href":"https:\/\/www.isakgerson.se\/blog\/wp-json\/wp\/v2\/users\/1"}],"replies":[{"embeddable":true,"href":"https:\/\/www.isakgerson.se\/blog\/wp-json\/wp\/v2\/comments?post=152"}],"version-history":[{"count":1,"href":"https:\/\/www.isakgerson.se\/blog\/wp-json\/wp\/v2\/posts\/152\/revisions"}],"predecessor-version":[{"id":153,"href":"https:\/\/www.isakgerson.se\/blog\/wp-json\/wp\/v2\/posts\/152\/revisions\/153"}],"wp:attachment":[{"href":"https:\/\/www.isakgerson.se\/blog\/wp-json\/wp\/v2\/media?parent=152"}],"wp:term":[{"taxonomy":"category","embeddable":true,"href":"https:\/\/www.isakgerson.se\/blog\/wp-json\/wp\/v2\/categories?post=152"},{"taxonomy":"post_tag","embeddable":true,"href":"https:\/\/www.isakgerson.se\/blog\/wp-json\/wp\/v2\/tags?post=152"}],"curies":[{"name":"wp","href":"https:\/\/api.w.org\/{rel}","templated":true}]}}