{"id":148,"date":"2019-11-15T17:32:00","date_gmt":"2019-11-15T17:32:00","guid":{"rendered":"https:\/\/www.isakgerson.se\/blog\/?p=148"},"modified":"2026-01-11T17:33:46","modified_gmt":"2026-01-11T17:33:46","slug":"den-forfoljde-juden-som-rekvisita","status":"publish","type":"post","link":"https:\/\/www.isakgerson.se\/blog\/arbetaren\/den-forfoljde-juden-som-rekvisita\/","title":{"rendered":"Den f\u00f6rf\u00f6ljde juden som rekvisita"},"content":{"rendered":"\n<p class=\"wp-block-paragraph\">Jag tr\u00e4ffar regelbundet amerikansk-judiska turister p\u00e5 bes\u00f6k. \u201dHur v\u00e5gar du bo i Sverige?\u201d \u00e4r kanske den fr\u00e5ga jag f\u00e5r oftast. Det \u00e4r ord som varit med mig n\u00e4r jag f\u00f6ljt b\u00e5de terrord\u00e5den mot amerikanska synagogor och v\u00e5ldsutvecklingen mot ortodoxa judar i New York.<\/p>\n\n\n\n<p class=\"wp-block-paragraph\"><strong>Enligt New Yorks<\/strong> polisk\u00e5r, NYPD, \u00e4r hatbrotten mot judar redan dubbelt s\u00e5 m\u00e5nga som f\u00f6rra \u00e5ret i b\u00f6rjan av september. Hittills har man r\u00e4knat med en 50-procentig \u00f6kning. Mer \u00e4n h\u00e4lften av hatbrotten hittills i \u00e5r \u00e4r antisemitiska, enligt NYPD sj\u00e4lva.<\/p>\n\n\n\n<p class=\"wp-block-paragraph\">Traditionellt ortodoxa blir oprovocerat nedslagna p\u00e5 gatan, en av dem en 63-\u00e5rig rabbin nedslagen med en gatsten p\u00e5 en joggingtur. Ortodoxa kvinnor f\u00e5r perukerna avslitna p\u00e5 gatan. Bilar k\u00f6r runt och hittar ensamma judar att hoppa ut och sl\u00e5 ned. Synagogor f\u00e5r f\u00f6nstren krossade under p\u00e5g\u00e5ende h\u00f6gtidsfirande.<\/p>\n\n\n\n<p class=\"wp-block-paragraph\"><strong>Att det \u00e4r f\u00f6retr\u00e4delsevis<\/strong> ortodoxa judar \u00e4r ingen slump. Det \u00e4r den grupp av judar som \u00e4r l\u00e4ttast att identifiera p\u00e5 kl\u00e4dsel. Det \u00e4r ocks\u00e5 en grupp som i vissa aspekter lever avskilt fr\u00e5n samh\u00e4llet, avskilt \u00e4ven fr\u00e5n andra judar, och ofta talar ett annat spr\u00e5k, vilket troligtvis g\u00f6r att det omgivande samh\u00e4llet inte \u00e4r lika m\u00e5na om att v\u00e4rna om och f\u00f6rsvara dem.<\/p>\n\n\n\n<p class=\"wp-block-paragraph\">\u00c4nd\u00e5 \u00e4r den h\u00e4r hatbrotts\u00f6kningen ganska ouppm\u00e4rksammad i amerikansk media, trots att antisemitism annars har varit ett ganska \u00e5terkommande samtals\u00e4mne senaste tiden. Sj\u00e4lv har jag bara l\u00e4st om det h\u00e4r f\u00f6r att jag h\u00e4nger p\u00e5 jiddish-twitter, och d\u00e4rf\u00f6r av naturliga sk\u00e4l f\u00f6ljer flera judar fr\u00e5n omr\u00e5den som Brooklyn.<\/p>\n\n\n\n<p class=\"wp-block-paragraph\"><strong>S\u00e5, varf\u00f6r f\u00e5r<\/strong> jag fr\u00e5gan av de amerikanska turisterna? Antagligen f\u00f6r att de har i sin tur f\u00e5tt sin Sverigebild fr\u00e5n amerikansk och internationell media som ofta och g\u00e4rna framst\u00e4ller Sverige som s\u00e5 judehatiskt, ofta underst\u00f6tt av att Sveriges utrikespolitik har varit mer kritisk mot israelisk politik eller att Sverige har tagit emot invandrare fr\u00e5n Mellan\u00f6stern. Det \u00e4r en typ av journalistik som har ett ideologisk ramverk f\u00e4rdigt, och tar varje tillf\u00e4lle till akt d\u00e4r en jude skadas att publicera n\u00e4r det passar ramverket.<\/p>\n\n\n\n<p class=\"wp-block-paragraph\">Det \u00e4r sv\u00e5rt f\u00f6r mig att tro att syftet verkligen \u00e4r att v\u00e4rna judar. Snarare verkar det handla om att f\u00e5 fram en egen agenda eller en agenda l\u00e4sarna gillar, som ofta r\u00f6r just flyktingfr\u00e5gor. Man st\u00e4ller flyktingars r\u00e4tt att fly fr\u00e5n d\u00f6den i Mellan\u00f6stern mot judars r\u00e4tt till s\u00e4kerhet. Och med det blir man del av vad som f\u00f6r mig verkar som ett internationellt m\u00f6nster av att man publicerar eller uttalar sig om antisemitism f\u00f6retr\u00e4desvis n\u00e4r man kan paketera den korrekt.<\/p>\n\n\n\n<p class=\"wp-block-paragraph\"><strong>Men n\u00e4r antisemitismen<\/strong> inte l\u00e4ngre g\u00e5r att koppla till Labourpartiet, nyanl\u00e4nda, Trump, Palestinar\u00f6relsen, israeliska staten eller n\u00e5got annat man vill skriva om \u00e4r den inte intressant l\u00e4ngre.<\/p>\n\n\n\n<p class=\"wp-block-paragraph\">Det \u00e4r bra och viktigt att den typen av antisemitism inv\u00e4vd i ideologi skildras och kritiseras. Men vi kan inte gl\u00f6mma att antisemitism ocks\u00e5 tar formen av en gatsten, en knytn\u00e4ve eller ett b\u00e4lte. Det \u00e4r en ondska som m\u00f6ter vissa p\u00e5 gatan i formen av slag, hot och trakasserier. Som tur \u00e4r det relativt ovanligt i Sverige, s\u00e5 klart delvis av det enkla sk\u00e4let att det bor otroligt f\u00e5 i Sverige som \u00e4r synligt judiska p\u00e5 det s\u00e4ttet som vissa grupper av amerikanska ortodoxa judar \u00e4r. Som Sydsvenskan rapporterat om f\u00e5r Malm\u00f6s Chabadrabbin Shneur Kesselman, en av de f\u00e5, mycket antisemitiska trakasserier riktade mot sig.<\/p>\n\n\n\n<p class=\"wp-block-paragraph\"><strong>Det \u00e4r som<\/strong> rekvisita den trakasserade juden oftast \u00e4r intressant f\u00f6r media och f\u00f6r politiker. Vill man vara cynisk kan konstatera att det bristande intresset f\u00f6r hatbrott mot judar antagligen f\u00f6ljer m\u00f6nstret f\u00f6r hur media skildrar hatbrott mot minoriteter generellt. Det \u00e4r oftast ointressant, d\u00e5 det antas att man som del av minoritet f\u00e5r st\u00e5 ut med s\u00e5dant. Och vi har ett ord f\u00f6r att bara tycka att judar \u00e4r intressanta n\u00e4r de kan anv\u00e4ndas som rekvisita \u2013 antisemitism.<\/p>\n","protected":false},"excerpt":{"rendered":"<p>Jag tr\u00e4ffar regelbundet amerikansk-judiska turister p\u00e5 bes\u00f6k. \u201dHur v\u00e5gar du bo i Sverige?\u201d \u00e4r kanske den fr\u00e5ga jag f\u00e5r oftast. Det \u00e4r ord som varit med mig n\u00e4r jag f\u00f6ljt b\u00e5de terrord\u00e5den mot amerikanska synagogor och v\u00e5ldsutvecklingen mot ortodoxa judar i New York. Enligt New Yorks polisk\u00e5r, NYPD, \u00e4r hatbrotten mot judar redan dubbelt s\u00e5 [&hellip;]<\/p>\n","protected":false},"author":1,"featured_media":0,"comment_status":"open","ping_status":"open","sticky":false,"template":"","format":"standard","meta":{"footnotes":""},"categories":[2],"tags":[],"class_list":["post-148","post","type-post","status-publish","format-standard","hentry","category-arbetaren"],"_links":{"self":[{"href":"https:\/\/www.isakgerson.se\/blog\/wp-json\/wp\/v2\/posts\/148","targetHints":{"allow":["GET"]}}],"collection":[{"href":"https:\/\/www.isakgerson.se\/blog\/wp-json\/wp\/v2\/posts"}],"about":[{"href":"https:\/\/www.isakgerson.se\/blog\/wp-json\/wp\/v2\/types\/post"}],"author":[{"embeddable":true,"href":"https:\/\/www.isakgerson.se\/blog\/wp-json\/wp\/v2\/users\/1"}],"replies":[{"embeddable":true,"href":"https:\/\/www.isakgerson.se\/blog\/wp-json\/wp\/v2\/comments?post=148"}],"version-history":[{"count":1,"href":"https:\/\/www.isakgerson.se\/blog\/wp-json\/wp\/v2\/posts\/148\/revisions"}],"predecessor-version":[{"id":149,"href":"https:\/\/www.isakgerson.se\/blog\/wp-json\/wp\/v2\/posts\/148\/revisions\/149"}],"wp:attachment":[{"href":"https:\/\/www.isakgerson.se\/blog\/wp-json\/wp\/v2\/media?parent=148"}],"wp:term":[{"taxonomy":"category","embeddable":true,"href":"https:\/\/www.isakgerson.se\/blog\/wp-json\/wp\/v2\/categories?post=148"},{"taxonomy":"post_tag","embeddable":true,"href":"https:\/\/www.isakgerson.se\/blog\/wp-json\/wp\/v2\/tags?post=148"}],"curies":[{"name":"wp","href":"https:\/\/api.w.org\/{rel}","templated":true}]}}