{"id":14,"date":"2016-10-14T11:13:36","date_gmt":"2016-10-14T11:13:36","guid":{"rendered":"https:\/\/copyisright.se\/?p=14"},"modified":"2026-01-11T18:53:02","modified_gmt":"2026-01-11T18:53:02","slug":"bli-en-foraldramotesaktivist-dagens-seglora","status":"publish","type":"post","link":"https:\/\/www.isakgerson.se\/blog\/dagens-seglora\/bli-en-foraldramotesaktivist-dagens-seglora\/","title":{"rendered":"Bli en f\u00f6r\u00e4ldram\u00f6tesaktivist (Dagens Seglora)"},"content":{"rendered":"<h2><\/h2>\n<div class=\"post-content\">\n<p class=\"p1\"><span class=\"s1\">De br\u00e4nner kors utanf\u00f6r flyktingf\u00f6rl\u00e4ggningar, de bjuds in till Bokm\u00e4ssan, de attackerar sina meningsmotst\u00e5ndare p\u00e5 gatan, de r\u00f6star om propositioner i riksdagen. Den spretiga fascistiska r\u00f6relsen \u00e4r bred och kan d\u00e4rf\u00f6r anv\u00e4nda en m\u00e5ngfald av taktiker och ta plats i olika rum. \u00c4nd\u00e5 utg\u00e5r den offentliga diskussionen om relationen till dem ofta fr\u00e5n att det finns en l\u00f6sning som g\u00e5r att till\u00e4mpa och b\u00f6r till\u00e4mpas mot alla fascister i alla situationer. Den dumme kan luras att tro att vissa ledarskribenter inte kan h\u00e5lla tv\u00e5 tankar i huvudet samtidigt. Beh\u00f6ver vi \u00f6vertyga fascisternas v\u00e4ljare om v\u00e5r sak? Utan tvekan. Men den fr\u00e5gan besvarar v\u00e4ldigt lite om hur, var och vem.<\/span><\/p>\n<p class=\"p1\"><span class=\"s1\">Det kan exempelvis vara dumt att anv\u00e4nda id\u00e9n om att \u201cta debatten\u201d f\u00f6r att r\u00e4ttf\u00e4rdiga att ge fascister legitimerande plattformar. De beh\u00f6ver inte bjudas in till alla politiska sammanhang. Ganska f\u00e5 offentliga debatter \u00e4r till f\u00f6r att \u00f6vertyga varandra. Debatter handlar i regel om att \u00f6vertyga publiken, och vad vi kunnat se av s\u00e5v\u00e4l SD:s som Trumps sympatis\u00f6rer anv\u00e4nder de en sj\u00e4lvutn\u00e4mnd underdogposition gentemot media f\u00f6r att utm\u00e5la sig sj\u00e4lva som den egentliga debattvinnaren. SD lyckas i regel med b\u00e5de att anv\u00e4nda debatter f\u00f6r att bekr\u00e4fta sin v\u00e4rldsbild om att de behandlas d\u00e5ligt och att bekr\u00e4fta sin politiks \u00f6verl\u00e4gsenhet.<\/span><\/p>\n<p class=\"p1\"><span class=\"s1\">Ett alternativ till att bek\u00e4mpa fascismen TV-soffev\u00e4gen \u00e4r den modell som b\u00e5de en del organiserade antirasister och anarkister f\u00f6respr\u00e5kat: att f\u00f6ra diskussioner i j\u00e4mlika forum i ens n\u00e4rhet d\u00e4r deras sympatis\u00f6rer finns. I sm\u00e5pratet i hyresg\u00e4stf\u00f6reningar, f\u00f6r\u00e4ldram\u00f6ten, fackklubbar och kulturcirklar g\u00e5r det att f\u00f6ra politiska diskussioner d\u00e4r man kan m\u00f6tas p\u00e5 ett j\u00e4mlikt s\u00e4tt. D\u00e4r har man i regel ocks\u00e5 en viss tillit till varandra som inte finns i SVT Opinion eller i l\u00e5nga facebookkommentarstr\u00e5dar. D\u00e4r har man \u00e4ven m\u00f6jligheten att diskutera politik utan att l\u00e5ta \u201cinvandringsfr\u00e5gan\u201d vara diskussionens grundpremiss.<\/span><\/p>\n<p class=\"p1\"><span class=\"s1\">Som storstadsbo med bygdeg\u00e5rdsr\u00f6relsen som starkast koppling till landsbygden \u00e4r jag personligen v\u00e4ldigt fr\u00e4mmande inf\u00f6r id\u00e9n om landsbygden som reaktion\u00e4r, och det \u00e4r ingen slump. D\u00e4r folk tr\u00e4ffas och lever med varandra \u00e4r det l\u00e4ttare att f\u00f6r\u00e4ndra reaktion\u00e4ra.<\/span><\/p>\n<p class=\"p1\"><span class=\"s1\">Att vi beh\u00f6ver vinna \u00f6ver fascister s\u00e4ger inte heller s\u00e5 mycket om med vilka vi ska debattera. H\u00e4r finns en klassisk maoistisk princip som \u00e4r l\u00e4tt att applicera p\u00e5 antirasistiskt arbete: organisera de progressiva, vinna \u00f6ver de vacklande och isolera de reaktion\u00e4ra. Att vi b\u00f6r ta diskussioner med v\u00e5ra vacklande grannar inneb\u00e4r inte att vi b\u00f6r ta diskussioner med Kent Ekeroth en sen kv\u00e4ll utanf\u00f6r McDonalds eller med Stefan Jacobsson p\u00e5 ett torgm\u00f6te. Att vi har interna studier av fascismens funktion eller separatistiska rum f\u00f6r vissa av v\u00e5ra aktiva \u00e4r fyller inte samma rekryterande funktion som det vanliga antifascistiska arbetet utan handlar om att st\u00e4rka oss internt f\u00f6r att kunna k\u00e4mpa effektivare n\u00e4sta dag.<\/span><\/p>\n<p class=\"p1\"><span class=\"s1\">Att vi beh\u00f6ver ta diskussioner med sympatis\u00f6rer s\u00e4ger inte heller vem som b\u00f6r g\u00f6ra det. Att ledarsideskribenter ist\u00e4llet f\u00f6r att ta debatten med fascister tar debatten med de som inte alltid vill ta debatten med fascister tillf\u00f6r verkligen ingenting till den antifascistiska kampen. Genom att m\u00e5la ut v\u00e4nstern som odemokratiska som inte alltid vill bem\u00f6ta fascister bekr\u00e4ftar man deras v\u00e4rldsbild.<\/span><\/p>\n<p class=\"p1\"><span class=\"s1\">Att det \u00e4r bra att ta diskussioner med de vacklande sympatis\u00f6rerna inneb\u00e4r ingalunda att enskilda aktivister eller grupper som inte g\u00f6r det \u00e4r d\u00e5liga. Vi har alla v\u00e5r plats i kampen och att vi anv\u00e4nder en m\u00e5ngfald av taktiker \u2013 fr\u00e5n f\u00f6r\u00e4ldram\u00f6tesaktivisterna till direktaktionsblockaderna \u2013 \u00e4r inte bara effektivt utan ocks\u00e5 n\u00f6dv\u00e4ndigt n\u00e4r vi m\u00f6ter en fascistisk r\u00f6relse som i sina taktiker spretar hela v\u00e4gen fr\u00e5n parlmentarism och kommentarsf\u00e4ltskrigande till v\u00e5ldsbrott mot politiska motst\u00e5ndare.<\/span><\/p>\n<p class=\"p1\"><span class=\"s1\">Men en s\u00e5dan m\u00e5ngfald av taktiker kr\u00e4ver ocks\u00e5 att vi lyckas h\u00e5lla flera tankar i huvudet.<\/span><\/p>\n<\/div>\n","protected":false},"excerpt":{"rendered":"<p>De br\u00e4nner kors utanf\u00f6r flyktingf\u00f6rl\u00e4ggningar, de bjuds in till Bokm\u00e4ssan, de attackerar sina meningsmotst\u00e5ndare p\u00e5 gatan, de r\u00f6star om propositioner i riksdagen. Den spretiga fascistiska r\u00f6relsen \u00e4r bred och kan d\u00e4rf\u00f6r anv\u00e4nda en m\u00e5ngfald av taktiker och ta plats i olika rum. \u00c4nd\u00e5 utg\u00e5r den offentliga diskussionen om relationen till dem ofta fr\u00e5n att det [&hellip;]<\/p>\n","protected":false},"author":1,"featured_media":0,"comment_status":"open","ping_status":"open","sticky":false,"template":"","format":"standard","meta":{"footnotes":""},"categories":[3],"tags":[],"class_list":["post-14","post","type-post","status-publish","format-standard","hentry","category-dagens-seglora"],"_links":{"self":[{"href":"https:\/\/www.isakgerson.se\/blog\/wp-json\/wp\/v2\/posts\/14","targetHints":{"allow":["GET"]}}],"collection":[{"href":"https:\/\/www.isakgerson.se\/blog\/wp-json\/wp\/v2\/posts"}],"about":[{"href":"https:\/\/www.isakgerson.se\/blog\/wp-json\/wp\/v2\/types\/post"}],"author":[{"embeddable":true,"href":"https:\/\/www.isakgerson.se\/blog\/wp-json\/wp\/v2\/users\/1"}],"replies":[{"embeddable":true,"href":"https:\/\/www.isakgerson.se\/blog\/wp-json\/wp\/v2\/comments?post=14"}],"version-history":[{"count":1,"href":"https:\/\/www.isakgerson.se\/blog\/wp-json\/wp\/v2\/posts\/14\/revisions"}],"predecessor-version":[{"id":239,"href":"https:\/\/www.isakgerson.se\/blog\/wp-json\/wp\/v2\/posts\/14\/revisions\/239"}],"wp:attachment":[{"href":"https:\/\/www.isakgerson.se\/blog\/wp-json\/wp\/v2\/media?parent=14"}],"wp:term":[{"taxonomy":"category","embeddable":true,"href":"https:\/\/www.isakgerson.se\/blog\/wp-json\/wp\/v2\/categories?post=14"},{"taxonomy":"post_tag","embeddable":true,"href":"https:\/\/www.isakgerson.se\/blog\/wp-json\/wp\/v2\/tags?post=14"}],"curies":[{"name":"wp","href":"https:\/\/api.w.org\/{rel}","templated":true}]}}