{"id":134,"date":"2020-09-24T17:16:00","date_gmt":"2020-09-24T17:16:00","guid":{"rendered":"https:\/\/www.isakgerson.se\/blog\/?p=134"},"modified":"2026-01-11T17:17:31","modified_gmt":"2026-01-11T17:17:31","slug":"vem-ska-leva-i-harmoni-och-vem-i-fortryck-vem-i-lugn-och-vem-i-lidande","status":"publish","type":"post","link":"https:\/\/www.isakgerson.se\/blog\/brand\/vem-ska-leva-i-harmoni-och-vem-i-fortryck-vem-i-lugn-och-vem-i-lidande\/","title":{"rendered":"Vem ska leva i harmoni och vem i f\u00f6rtryck? Vem i lugn och vem i lidande?"},"content":{"rendered":"\n<p class=\"wp-block-paragraph\">Hur m\u00e5nga ska l\u00e4mna jorden och hur m\u00e5nga ska skapas? Vem ska leva och vem ska d\u00f6?<\/p>\n\n\n\n<p class=\"wp-block-paragraph\">Minst 43 personer har omkommit i ett jordskred p\u00e5 en teplantage i s\u00f6dra Kerala, Indien. En anst\u00e4lld inom hemtj\u00e4nsten i Skellefte\u00e5 har avlidit i corona. Personen, som var i 50-\u00e5rs\u00e5ldern, har enligt arbetat med brukare som varit bekr\u00e4ftat smittade av covid-19. Minst tv\u00e5 busschauff\u00f6rer i Stockholm har de senaste dagarna avlidit i sviterna av corona.<\/p>\n\n\n\n<p class=\"wp-block-paragraph\">Vem ska d\u00f6 efter ett l\u00e5ngt liv och vem innan sin tid? Vem av vatten och vem av eld?<\/p>\n\n\n\n<p class=\"wp-block-paragraph\">En snickare d\u00f6r n\u00e4r han faller fr\u00e5n ett pl\u00e5ttak. En lastbilschauff\u00f6r kl\u00e4ms till d\u00f6ds n\u00e4r han lossar virke. En industrimekaniker avlider efter att hon faller fr\u00e5n en gallerbrygga som sl\u00e4pper. Antalet d\u00f6dsolyckor p\u00e5 jobbet har \u00f6kat dramatiskt i sommar j\u00e4mf\u00f6rt med v\u00e5rens f\u00f6rsta fyra m\u00e5nader.<\/p>\n\n\n\n<p class=\"wp-block-paragraph\">Vem av sv\u00e4rd och vem av best? Vem av sv\u00e4lt och vem av t\u00f6rst? Vem av skalv och vem av sjukdom?<\/p>\n\n\n\n<p class=\"wp-block-paragraph\">Barn, ibland s\u00e5 unga som 10 \u00e5r, utnyttjas p\u00e5 de olika bordellerna runt om i Bangladesh. M\u00e5nga har \u00e4ven tvingats till bordellerna. Varje sektion drivs av en chef som tar hand om pengarna. Bordellen som har funnits i \u00f6ver hundra \u00e5r, startade d\u00e5 Bangladesh var en brittisk koloni.<\/p>\n\n\n\n<p class=\"wp-block-paragraph\">Vem av kv\u00e4vning och vem av stening? Vem ska vila och vem ska str\u00f6va?<\/p>\n\n\n\n<p class=\"wp-block-paragraph\">Under ingripandet ska mannen sedan ha slutat att andas och avled senare p\u00e5 sjukhus. Den 35-\u00e5rige mannen visade sig sedan inte ha stulit n\u00e5gon moped. Det brittiska parlamentet har gett gr\u00f6nt ljus f\u00f6r f\u00f6rs\u00e4ljning av t\u00e5rgas och annan kravallutrustning till USA. 25 demokratiaktivister i Hongkong \u00e5talas f\u00f6r att ha deltagit i en \u201dotill\u00e5ten sammankomst\u201d n\u00e4r de i juni h\u00f6gtidligh\u00f6ll offren f\u00f6r massakern p\u00e5 Himmelska fridens torg. Tusentals demonstranter har gripits under de senaste veckornas protester i Belarus, och m\u00e5nga vittnar om misshandel och tortyr.<\/p>\n\n\n\n<p class=\"wp-block-paragraph\">Vem ska leva i harmoni och vem i f\u00f6rtryck? Vem i lugn och vem i lidande?<\/p>\n\n\n\n<p class=\"wp-block-paragraph\">Filmerna fr\u00e5n Minneapolis som snabbt spridits p\u00e5 n\u00e4tet \u00e4r fruktansv\u00e4rda. De visar hur den obev\u00e4pnade George Floyd h\u00e5lls fast p\u00e5 marken av fyra poliser och f\u00e5r ett kn\u00e4 tryckt mot halsen. Trots att han f\u00f6rklarar att han inte kan andas forts\u00e4tter polisen att h\u00e5lla honom nere tills han tuppar av. Efter en stund beordrar polisen \u00e4nd\u00e5 George Floyd att resa sig men han ligger or\u00f6rlig kvar p\u00e5 asfalten.<\/p>\n\n\n\n<p class=\"wp-block-paragraph\">Vem ska utarmas och vem ska berikas? Vem ska degraderas och vem ska upph\u00f6jas?<\/p>\n\n\n\n<p class=\"wp-block-paragraph\">Polisen svarade p\u00e5 m\u00e5nga h\u00e5ll med t\u00e5rgas och gummikulor och i staden Louisville i Kentucky skadades sju demonstranter, varav minst en allvarligt, sedan skott avfyrats mot de protesterande. De federala styrkorna har anv\u00e4nt sig av t\u00e5rgas mot demonstranter men ocks\u00e5 k\u00f6rt runt i anonyma bilar, som de dragit in demonstranter i, f\u00f6r att sedan f\u00f6ra iv\u00e4g.<\/p>\n\n\n\n<p class=\"wp-block-paragraph\">Hur m\u00e5nga ska l\u00e4mna jorden och hur m\u00e5nga ska skapas? Vem ska leva och vem ska d\u00f6?<\/p>\n\n\n\n<p class=\"wp-block-paragraph\">Fler \u00e4n 1000 flyktingar, varav m\u00e5nga barn, har tv\u00e5ngsbogserats ut och \u00f6vergetts p\u00e5 Medelhavet i \u00f6verfyllda gummib\u00e5tar av grekiska kustbevakningen. Fler \u00e4n 210 000 ensamkommande barn och ungdomar har de senaste fem \u00e5ren flytt till Europa. De barn och ungdomar som lyckas ta sig in i Europa efter den ofta livsfarliga resan \u00f6ver Medelhavet hamnar inte s\u00e4llan p\u00e5 gatan utan n\u00e5got som helst skydd fr\u00e5n v\u00e5ld, droger och kriminalitet. Andra st\u00e4ngs in i \u00f6verfyllda l\u00e4ger i exempelvis Grekland. Minst 64 migranter hittades under tisdagsmorgonen d\u00f6da i en container i Mo\u00e7ambique.<\/p>\n\n\n\n<p class=\"wp-block-paragraph\">Vem ska d\u00f6 efter ett l\u00e5ngt liv och vem innan sin tid? Vem av vatten och vem av eld?<\/p>\n\n\n\n<p class=\"wp-block-paragraph\">Fem personer knivskadades efter att en g\u00e4rningsman gick till attack mot en judisk f\u00f6rsamling i delstaten New York, under firandet av h\u00f6gtiden Chanukka. Minst tio personer d\u00f6dades och m\u00e5nga v\u00e5rdas fortfarande med livshotande skador efter onsdagskv\u00e4llens h\u00f6gerextrema terrord\u00e5d i Tyskland. Mellan \u00e5r 2016 och 2017 f\u00f6rdubblades antalet h\u00f6gerextrema terrorattacker i USA. I Europa \u00f6kade de under samma tid med hela 43 procent.<\/p>\n\n\n\n<p class=\"wp-block-paragraph\">Vem av sv\u00e4rd och vem av best? Vem av sv\u00e4lt och vem av t\u00f6rst? Vem av skalv och vem av sjukdom?<\/p>\n\n\n\n<p class=\"wp-block-paragraph\">Socialdemokraterna och Moderaterna har bl\u00e5st dagens unga arbetare p\u00e5 en tredjedel av pensionen. Statliga v\u00e4garbeten fulla av s\u00e4kerhetsbrister som skulle ge b\u00f6ter, men n\u00e4rmare tv\u00e5 tredjedelar av f\u00f6retagen slipper betala. Trafikverket struntar i att b\u00f6tf\u00e4lla f\u00f6r att ha \u201dgod relation\u201d med f\u00f6retagen. \u00c4r du 30 \u00e5r eller yngre kan du inte r\u00e4kna med mer \u00e4n 40 procent av l\u00f6nen i pension.<\/p>\n\n\n\n<p class=\"wp-block-paragraph\">Vem av kv\u00e4vning och vem av stening? Vem ska vila och vem ska str\u00f6va?<\/p>\n\n\n\n<p class=\"wp-block-paragraph\">En republikansk studentgrupp vid Arizona State University i USA har samlat in pengar till den 17-\u00e5ring som f\u00f6rra veckan sk\u00f6t ihj\u00e4l tv\u00e5 personer vid en demonstration mot rasistiskt polisv\u00e5ld i delstaten Wisconsin. Polens justitieminister gjorde f\u00f6rra veckan ett utspel och sade att landet planerar att l\u00e4mna Istanbulkonventionen mot kvinnov\u00e5ld.<\/p>\n\n\n\n<p class=\"wp-block-paragraph\">Vem ska leva i harmoni och vem i f\u00f6rtryck? Vem i lugn och vem i lidande?<\/p>\n\n\n\n<p class=\"wp-block-paragraph\">Efter att inte ha f\u00e5tt n\u00e5gon l\u00f6n tvingades Bismarck Velasquez tillsammans med sin fru och tre\u00e5rige son l\u00e4mna sitt hem, d\u00e5 de inte hade r\u00e5d att bo kvar. Han \u00e4r en av flera byggarbetare som inte f\u00e5tt l\u00f6n p\u00e5 flera m\u00e5nader efter att ha arbetat f\u00f6r f\u00f6retaget Mega Group AB. Minst ett 100-tal migrantarbetare som jobbar med att f\u00e4rdigst\u00e4lla fasaden p\u00e5 Al Bayt-arenan i Qatar har inte f\u00e5tt l\u00f6n p\u00e5 sju m\u00e5nader.<\/p>\n\n\n\n<p class=\"wp-block-paragraph\">Vem ska utarmas och vem ska berikas? Vem ska degraderas och vem ska upph\u00f6jas?<\/p>\n\n\n\n<p class=\"wp-block-paragraph\">Den planerade produktionen av fossila br\u00e4nslen fram till \u00e5r 2030 \u00e4r l\u00e5ngt \u00f6ver de niv\u00e5er som kr\u00e4vs f\u00f6r att klara parisavtalet. Den socialdemokratiska tankesmedjan Tidens rapportf\u00f6rfattare skriver att m\u00e4nniskor som flyr fr\u00e5n ett krig i huvudsak ska f\u00e5 sitt skyddsbehov tillgodosett i grannlandet fr\u00e5n landet de flyr ifr\u00e5n. R\u00e4tten till asyl omf\u00f6rhandlas till r\u00e4tten att sitta i flyktingl\u00e4ger. Det \u00e4r den praktiska f\u00f6ljden av att man tvingas s\u00f6ka skydd i n\u00e4romr\u00e5det, ofta i l\u00e4nder med l\u00e5gt f\u00f6rsvar f\u00f6r m\u00e4nskliga r\u00e4ttigheter och ofta med h\u00f6g korruption.<\/p>\n\n\n\n<p class=\"wp-block-paragraph\">F\u00f6r ditt namn som ditt lov: sv\u00e5rt att f\u00f6rarga och enkelt att blidka, f\u00f6r du \u00f6nskar inte d\u00f6den till den som f\u00f6rtj\u00e4nar den, utan att hen omv\u00e4nder sig och lever.<\/p>\n","protected":false},"excerpt":{"rendered":"<p>Hur m\u00e5nga ska l\u00e4mna jorden och hur m\u00e5nga ska skapas? Vem ska leva och vem ska d\u00f6? Minst 43 personer har omkommit i ett jordskred p\u00e5 en teplantage i s\u00f6dra Kerala, Indien. En anst\u00e4lld inom hemtj\u00e4nsten i Skellefte\u00e5 har avlidit i corona. Personen, som var i 50-\u00e5rs\u00e5ldern, har enligt arbetat med brukare som varit bekr\u00e4ftat [&hellip;]<\/p>\n","protected":false},"author":1,"featured_media":0,"comment_status":"open","ping_status":"open","sticky":false,"template":"","format":"standard","meta":{"footnotes":""},"categories":[11],"tags":[],"class_list":["post-134","post","type-post","status-publish","format-standard","hentry","category-brand"],"_links":{"self":[{"href":"https:\/\/www.isakgerson.se\/blog\/wp-json\/wp\/v2\/posts\/134","targetHints":{"allow":["GET"]}}],"collection":[{"href":"https:\/\/www.isakgerson.se\/blog\/wp-json\/wp\/v2\/posts"}],"about":[{"href":"https:\/\/www.isakgerson.se\/blog\/wp-json\/wp\/v2\/types\/post"}],"author":[{"embeddable":true,"href":"https:\/\/www.isakgerson.se\/blog\/wp-json\/wp\/v2\/users\/1"}],"replies":[{"embeddable":true,"href":"https:\/\/www.isakgerson.se\/blog\/wp-json\/wp\/v2\/comments?post=134"}],"version-history":[{"count":1,"href":"https:\/\/www.isakgerson.se\/blog\/wp-json\/wp\/v2\/posts\/134\/revisions"}],"predecessor-version":[{"id":135,"href":"https:\/\/www.isakgerson.se\/blog\/wp-json\/wp\/v2\/posts\/134\/revisions\/135"}],"wp:attachment":[{"href":"https:\/\/www.isakgerson.se\/blog\/wp-json\/wp\/v2\/media?parent=134"}],"wp:term":[{"taxonomy":"category","embeddable":true,"href":"https:\/\/www.isakgerson.se\/blog\/wp-json\/wp\/v2\/categories?post=134"},{"taxonomy":"post_tag","embeddable":true,"href":"https:\/\/www.isakgerson.se\/blog\/wp-json\/wp\/v2\/tags?post=134"}],"curies":[{"name":"wp","href":"https:\/\/api.w.org\/{rel}","templated":true}]}}