{"id":132,"date":"2024-01-01T17:14:00","date_gmt":"2024-01-01T17:14:00","guid":{"rendered":"https:\/\/www.isakgerson.se\/blog\/?p=132"},"modified":"2026-01-11T17:15:47","modified_gmt":"2026-01-11T17:15:47","slug":"apans-anatomi-judisk-vanster","status":"publish","type":"post","link":"https:\/\/www.isakgerson.se\/blog\/intervjuad\/apans-anatomi-judisk-vanster\/","title":{"rendered":"Apans anatomi &#8211; Judisk V\u00e4nster"},"content":{"rendered":"\n<p class=\"wp-block-paragraph\">V\u00e4nstern har alltid haft en viktig representation av judar bland sina intellektuella. Finns det en judisk v\u00e4nster i Sverige? Hur bem\u00f6ts kritik av Israel inom den svenska judiska gemenskapen? Isak Gerson, Hanna Rajs och David Buzaglo \u00e4r aktiva i judiskt f\u00f6rsamlingsliv och utifr\u00e5n deras debattartikel pratar vi om hur det \u00e4r att vara judisk v\u00e4nster idag. Vad finns det f\u00f6r inspiration att h\u00e4mta och vad g\u00e5r att g\u00f6ra idag? Samtalet knyter an till diskussionen om sorg, s\u00f6rjbarhet, minne, melankoli, trauma och \u00e5tertraumatisering f\u00f6r den judiska erfarenheten som f\u00f6rs inom tidskriften Jewish Curret, i Judith Butlers teorier, Masha Gessens artiklar och Naomi Kleins nya bok Doppelganger (Ordfront, 2023). Hur g\u00f6r man s\u00e5 att denna erfarenhet skapar broar snarare \u00e4n murar?<\/p>\n\n\n\n<p class=\"wp-block-paragraph\"><a href=\"https:\/\/tidningenbrand.se\/2024\/01\/01\/judisk-vanster\/\">Lyssna p\u00e5 avsnittet hos podcasten Apans Anatomi<\/a>.<\/p>\n","protected":false},"excerpt":{"rendered":"<p>V\u00e4nstern har alltid haft en viktig representation av judar bland sina intellektuella. Finns det en judisk v\u00e4nster i Sverige? Hur bem\u00f6ts kritik av Israel inom den svenska judiska gemenskapen? Isak Gerson, Hanna Rajs och David Buzaglo \u00e4r aktiva i judiskt f\u00f6rsamlingsliv och utifr\u00e5n deras debattartikel pratar vi om hur det \u00e4r att vara judisk v\u00e4nster [&hellip;]<\/p>\n","protected":false},"author":1,"featured_media":0,"comment_status":"open","ping_status":"open","sticky":false,"template":"","format":"standard","meta":{"footnotes":""},"categories":[5],"tags":[],"class_list":["post-132","post","type-post","status-publish","format-standard","hentry","category-intervjuad"],"_links":{"self":[{"href":"https:\/\/www.isakgerson.se\/blog\/wp-json\/wp\/v2\/posts\/132","targetHints":{"allow":["GET"]}}],"collection":[{"href":"https:\/\/www.isakgerson.se\/blog\/wp-json\/wp\/v2\/posts"}],"about":[{"href":"https:\/\/www.isakgerson.se\/blog\/wp-json\/wp\/v2\/types\/post"}],"author":[{"embeddable":true,"href":"https:\/\/www.isakgerson.se\/blog\/wp-json\/wp\/v2\/users\/1"}],"replies":[{"embeddable":true,"href":"https:\/\/www.isakgerson.se\/blog\/wp-json\/wp\/v2\/comments?post=132"}],"version-history":[{"count":1,"href":"https:\/\/www.isakgerson.se\/blog\/wp-json\/wp\/v2\/posts\/132\/revisions"}],"predecessor-version":[{"id":133,"href":"https:\/\/www.isakgerson.se\/blog\/wp-json\/wp\/v2\/posts\/132\/revisions\/133"}],"wp:attachment":[{"href":"https:\/\/www.isakgerson.se\/blog\/wp-json\/wp\/v2\/media?parent=132"}],"wp:term":[{"taxonomy":"category","embeddable":true,"href":"https:\/\/www.isakgerson.se\/blog\/wp-json\/wp\/v2\/categories?post=132"},{"taxonomy":"post_tag","embeddable":true,"href":"https:\/\/www.isakgerson.se\/blog\/wp-json\/wp\/v2\/tags?post=132"}],"curies":[{"name":"wp","href":"https:\/\/api.w.org\/{rel}","templated":true}]}}