{"id":126,"date":"2023-10-29T17:11:00","date_gmt":"2023-10-29T17:11:00","guid":{"rendered":"https:\/\/www.isakgerson.se\/blog\/?p=126"},"modified":"2026-01-11T17:12:17","modified_gmt":"2026-01-11T17:12:17","slug":"vagen-mot-fred-finns-i-sorjandet-av-den-andra-sidans-offer","status":"publish","type":"post","link":"https:\/\/www.isakgerson.se\/blog\/flamman\/vagen-mot-fred-finns-i-sorjandet-av-den-andra-sidans-offer\/","title":{"rendered":"V\u00e4gen mot fred finns i s\u00f6rjandet av den andra sidans offer"},"content":{"rendered":"\n<p class=\"wp-block-paragraph\"><strong>Hamas och den israeliska regeringen har en gemensam fiende i den kollektiva sorgen och dr\u00f6mmen om ett pluralistiskt samh\u00e4lle.<\/strong><\/p>\n\n\n\n<p class=\"wp-block-paragraph\">Det finns s\u00e5 oerh\u00f6rt m\u00e5nga att s\u00f6rja efter det fruktansv\u00e4rda terrord\u00e5d Hamas utf\u00f6rde i b\u00f6rjan av oktober, som ledde till \u00f6ver tusen d\u00f6da och att hundratals tog som gisslan. Jag har sj\u00e4lv ingen sl\u00e4kt i Israel, men m\u00e5nga av mina v\u00e4nner har. De g\u00f6r vad de kan f\u00f6r att hj\u00e4lpa sina sl\u00e4ktingar till s\u00e4kerhet. Jag hoppas att de h\u00e4r h\u00e4ndelserna hj\u00e4lper de sista naiva att se vad Hamas \u00e4r f\u00f6r typ av r\u00f6relse.<\/p>\n\n\n\n<p class=\"wp-block-paragraph\">Samtidigt f\u00f6rstod jag, i samma stund jag h\u00f6rde om attackerna, vad de skulle leda till. Platsen f\u00f6r sorgearbetet fylldes med fruktan f\u00f6r alla de ytterligare liv som kommer att tas ifr\u00e5n oss. N\u00e4r nyheterna om vederg\u00e4llningen b\u00f6rjade s\u00e4ndas p\u00e5mindes jag om en k\u00e4nsla som jag senast upplevde f\u00f6r ett och ett halvt \u00e5r sedan, i samband med Butjamassakern. Jag l\u00e4ste tidningen och vid sidan av avsmaken k\u00e4nde jag hopp inf\u00f6r att omv\u00e4rlden nu \u00e4ntligen m\u00e5ste agera. Att inf\u00f6r s\u00e5 h\u00e4r allvarliga krigsbrott kan v\u00e4rlden inte blunda. K\u00e4nslan blir mer och mer s\u00e4llsynt, f\u00f6r att den i princip aldrig f\u00e5r r\u00e4tt.<\/p>\n\n\n\n<p class=\"wp-block-paragraph\"><strong>Ingen konflikt fyller mig<\/strong> med s\u00e5 mycket sm\u00e4rtsam apati som ockupationen av Palestina. Vi har sett alla krigsbrott f\u00f6rr, och vi ser dem igen i repris. N\u00e4r <a href=\"https:\/\/www.flamman.se\/bade-israel-och-hamas-bryter-mot-folkratten\/\">Torbj\u00f6rn T\u00e4nnsj\u00f6 i Flamman #41<\/a> beskriver folkr\u00e4ttsbrotten \u00e4r nog inte mycket nytt f\u00f6r m\u00e5nga av oss. Vi ser d\u00f6dandet av civila och barn. Vi ser bombningar av skolor och sjukhus. Vi ser anv\u00e4ndandet av vit fosfor. Vi ser journalister bli skjutna i huvudet p\u00e5 jobbet. Vi ser bel\u00e4gringen, hur man tvingar folk till sv\u00e4lt, st\u00e4nger av deras vatten, hur man ber\u00f6var patienter v\u00e5rd genom att st\u00e4nga av elen till sjukhus.<\/p>\n\n\n\n<p class=\"wp-block-paragraph\">Och vi vet, varje g\u00e5ng, vad reaktionerna kommer att vara. Intyganden om att Israel har \u201dr\u00e4tt att f\u00f6rsvara sig\u201d. Mot barn? Mot journalister? Mot l\u00e4kare?<\/p>\n\n\n\n<p class=\"wp-block-paragraph\"><strong>N\u00e4r Israels f\u00f6rsvarsminister <\/strong>motiverade att sk\u00e4rpa den nu 16-\u00e5riga bel\u00e4gringen av Gaza och inte sl\u00e4ppa in n\u00e5gon el, vatten eller br\u00e4nsle i omr\u00e5det sade han att \u201dVi bek\u00e4mpar m\u00e4nskliga djur, och vi kommer att agera i enlighet med det.\u201d Det \u00e4r folkmordsretorik. Men f\u00f6r oss som f\u00f6ljer israelisk politik \u00e4r den sm\u00e4rtsamt bekant.<\/p>\n\n\n\n<blockquote class=\"wp-block-quote is-layout-flow wp-block-quote-is-layout-flow\">\n<p class=\"wp-block-paragraph\">Den h\u00e4r konflikten kan inte l\u00f6sas av att vi v\u00e4ljer sida mellan tv\u00e5 h\u00f6gerextrema r\u00f6relser som h\u00e5ller sitt folk i ett skr\u00e4ckgrepp.<\/p>\n<\/blockquote>\n\n\n\n<p class=\"wp-block-paragraph\">Israeliska politiker \u00e4r inte r\u00e4dda f\u00f6r att tala offentligt om sina ambitioner, och v\u00e4stpolitiker \u00e4r ofta snabba med att ge sitt st\u00f6d. Ofta handlar det om samma v\u00e4stpolitiker som \u00e4r ointresserade av situationen s\u00e5v\u00e4l f\u00f6r judar som f\u00f6r andra minoriteter i sina egna l\u00e4nder. Och medan Israel samtidigt som de sl\u00e4pper bomber rustar f\u00f6r en markinvasion stryper svenska politiker bist\u00e5ndet till den palestinska befolkningen.<\/p>\n\n\n\n<p class=\"wp-block-paragraph\">I <a href=\"https:\/\/www.flamman.se\/israel-palestina-malet-ar-att-minnas-gemensamt-for-att-kunna-glomma\/\">Flamman #32 recenserade jag<\/a> Omri Boehms bok <em>Haifarepubliken<\/em>, om hur kollektivt minne kan fungera som ett verktyg f\u00f6r fred och enighet i Israel och Palestina. Nu \u00e4r det dags att pr\u00f6va hypotesen. Enligt FN har fler \u00e4n 5\u2009000 m\u00f6rdats p\u00e5 b\u00e5da sidor i fruktansv\u00e4rda krigsbrott bara under oktober m\u00e5nad. Den h\u00e4r konflikten kan inte l\u00f6sas av att vi v\u00e4ljer sida mellan tv\u00e5 h\u00f6gerextrema r\u00f6relser som h\u00e5ller sitt folk i ett skr\u00e4ckgrepp. Tv\u00e5statsl\u00f6sningen har inte givit mer \u00e4n v\u00e4xlingar mellan tempor\u00e4ra, skr\u00e4ckfyllda vapenvilor och \u00f6ppet v\u00e5ld. De folkr\u00e4ttsbrott som beg\u00e5s av Hamas och Israels h\u00f6gerregering visar hur grundade samh\u00e4llena under l\u00f6sningen \u00e4r i militarism och visioner om etnisk renhet.<\/p>\n\n\n\n<p class=\"wp-block-paragraph\"><strong>Men kanske kan vi komma <\/strong>n\u00e5gonstans om vi l\u00e4r oss att kollektivt s\u00f6rja de offer som sk\u00f6rdas p\u00e5 b\u00e5de den israeliska och den palestinska sidan, och hitta styrkan i det motst\u00e5nd p\u00e5 b\u00e5da sidor som uts\u00e4tts f\u00f6r repression av ledarna. N\u00e4r kriget \u00e4r som sv\u00e5rast m\u00e5ste dr\u00f6mmen om framtiden hittas i motsatsen till deras politik: ett slut f\u00f6r r\u00e4dslan, ett nytt demokratiskt och pluralistiskt samh\u00e4lle, byggt p\u00e5 valurnan och diskussionen i st\u00e4llet f\u00f6r p\u00e5 terror och milit\u00e4ra \u00f6vergrepp.<\/p>\n\n\n\n<p class=\"wp-block-paragraph\">Hamas och den israeliska regeringen m\u00e5 vara r\u00e4dda f\u00f6r varandra, men det \u00e4r ingenting mot hur r\u00e4dda de \u00e4r f\u00f6r den dr\u00f6mmen.<\/p>\n","protected":false},"excerpt":{"rendered":"<p>Hamas och den israeliska regeringen har en gemensam fiende i den kollektiva sorgen och dr\u00f6mmen om ett pluralistiskt samh\u00e4lle. Det finns s\u00e5 oerh\u00f6rt m\u00e5nga att s\u00f6rja efter det fruktansv\u00e4rda terrord\u00e5d Hamas utf\u00f6rde i b\u00f6rjan av oktober, som ledde till \u00f6ver tusen d\u00f6da och att hundratals tog som gisslan. Jag har sj\u00e4lv ingen sl\u00e4kt i Israel, [&hellip;]<\/p>\n","protected":false},"author":1,"featured_media":0,"comment_status":"open","ping_status":"open","sticky":false,"template":"","format":"standard","meta":{"footnotes":""},"categories":[10],"tags":[],"class_list":["post-126","post","type-post","status-publish","format-standard","hentry","category-flamman"],"_links":{"self":[{"href":"https:\/\/www.isakgerson.se\/blog\/wp-json\/wp\/v2\/posts\/126","targetHints":{"allow":["GET"]}}],"collection":[{"href":"https:\/\/www.isakgerson.se\/blog\/wp-json\/wp\/v2\/posts"}],"about":[{"href":"https:\/\/www.isakgerson.se\/blog\/wp-json\/wp\/v2\/types\/post"}],"author":[{"embeddable":true,"href":"https:\/\/www.isakgerson.se\/blog\/wp-json\/wp\/v2\/users\/1"}],"replies":[{"embeddable":true,"href":"https:\/\/www.isakgerson.se\/blog\/wp-json\/wp\/v2\/comments?post=126"}],"version-history":[{"count":1,"href":"https:\/\/www.isakgerson.se\/blog\/wp-json\/wp\/v2\/posts\/126\/revisions"}],"predecessor-version":[{"id":127,"href":"https:\/\/www.isakgerson.se\/blog\/wp-json\/wp\/v2\/posts\/126\/revisions\/127"}],"wp:attachment":[{"href":"https:\/\/www.isakgerson.se\/blog\/wp-json\/wp\/v2\/media?parent=126"}],"wp:term":[{"taxonomy":"category","embeddable":true,"href":"https:\/\/www.isakgerson.se\/blog\/wp-json\/wp\/v2\/categories?post=126"},{"taxonomy":"post_tag","embeddable":true,"href":"https:\/\/www.isakgerson.se\/blog\/wp-json\/wp\/v2\/tags?post=126"}],"curies":[{"name":"wp","href":"https:\/\/api.w.org\/{rel}","templated":true}]}}