{"id":119,"date":"2023-01-23T17:00:00","date_gmt":"2023-01-23T17:00:00","guid":{"rendered":"https:\/\/www.isakgerson.se\/blog\/?p=119"},"modified":"2026-01-11T17:03:22","modified_gmt":"2026-01-11T17:03:22","slug":"israels-regering-styr-bort-fran-demokratin","status":"publish","type":"post","link":"https:\/\/www.isakgerson.se\/blog\/aftonbladet\/israels-regering-styr-bort-fran-demokratin\/","title":{"rendered":"Israels regering styr bort fr\u00e5n demokratin"},"content":{"rendered":"\n<h2 class=\"wp-block-heading\">Demografifr\u00e5gan hotar att undergr\u00e4va r\u00e4ttsstaten<\/h2>\n\n\n\n<p class=\"wp-block-paragraph\"><strong>Israel har h\u00e5llit<\/strong> fem val p\u00e5 fyra \u00e5r och efter en kort fr\u00e5nvaro sitter nu \u00e5ter <strong>Benjamin Netanyahu<\/strong> vid makten. Den h\u00e4r g\u00e5ngen har han tagit in det h\u00f6gerextrema partiet Otzma Yehudit med deras partiledare <strong>Itamar Ben-Gvir <\/strong>i regeringen. Otzma Yehudit \u00e4r arvtagare till Kach-partiet, som f\u00f6rbj\u00f6ds i enlighet med landets antiterrorlagar efter att en av deras aktivister (som Ben-Gvir fortfarande visar st\u00f6d f\u00f6r) m\u00f6rdat 29 palestinier i ett terrord\u00e5d 1994.<\/p>\n\n\n\n<p class=\"wp-block-paragraph\">Partiet Noam, med \u00f6ppet hbtq-hat som k\u00e4rnfr\u00e5ga, ing\u00e5r ocks\u00e5 i regeringen, liksom det religi\u00f6st konservativa partiet Shas. I onsdags kr\u00e4vde Israels h\u00f6gsta domstol att Shas-ledaren <strong>Aryeh Deri<\/strong>, som utsetts till inrikesminister av Netanyahu, avg\u00e5r p\u00e5 grund av tidigare domar emot honom.<\/p>\n\n\n\n<p class=\"wp-block-paragraph\">F\u00f6rra helgen demonstrerade runt 80 000 personer i Tel Aviv mot den nya regeringens attack mot r\u00e4ttsstaten. Regeringen f\u00f6resl\u00e5r en tydlig nedmontering av h\u00f6gsta domstolens makt, s\u00e4rskilt den att blockera nya lagar p\u00e5 grund av konstitutionsstridighet. Netanyahu sj\u00e4lv \u00e4r ocks\u00e5 under pr\u00f6vning f\u00f6r diverse korruptionsrelaterade brott \u2013&nbsp;han har mycket att vinna p\u00e5 en f\u00f6rsvagad h\u00f6gsta r\u00e4ttsinstans.<\/p>\n\n\n\n<p class=\"wp-block-paragraph\"><strong>\u00d6ver hela v\u00e4rlden<\/strong> g\u00e5r det sp\u00f6ke som sedan l\u00e4nge hems\u00f6kt Israel: demografifr\u00e5gan. Till exempel i Turkiet, d\u00e4r politiker har \u00e5terkommit till fr\u00e5gan sen folkmordet p\u00e5 armenier 1915 till dagens drakoniska f\u00f6rf\u00f6ljelse av landets st\u00f6rsta minoritet, kurderna. Bland hindunationalister i Indien, i <strong>Putins<\/strong> p\u00e5st\u00e5dda oro \u00f6ver ryssar och rysktalande p\u00e5 ukrainsk mark, inom amerikansk alt-right, hos moderata twittrare, konservativa ledarskribenter och yxh\u00f6gerpoddare lever upptagenheten vid demografifr\u00e5gan \u2013 en oro \u00f6ver hur den etniska sammans\u00e4ttningen av landets befolkning ser ut och f\u00f6r\u00e4ndras p\u00e5 sikt. Oron f\u00f6r \u201dSomalitown\u201d skr\u00e4mmer politiker \u00f6ver hela spektret.<\/p>\n\n\n\n<p class=\"wp-block-paragraph\">Demografifr\u00e5gan \u2013 id\u00e9n att staten b\u00f6r f\u00f6rs\u00f6ka kontrollera den etniska sammans\u00e4ttningen landet har \u2013 \u00e4r knappast ny, utan har tv\u00e4rtom varit st\u00e4ndigt \u00e5terkommande i modern historia. Inte heller kommer den ideologiskt ensam, utan i regel i s\u00e4llskap med v\u00e5ld, statlig repression, l\u00e5ngvariga konflikter och auktorit\u00e4ra tendenser. Ett land besatt av vilken etnicitet inv\u00e5narna har \u00e4r p\u00e5 glid bort fr\u00e5n demokratin d\u00e5 fr\u00e5gest\u00e4llningen i sig bygger p\u00e5 att olika medborgare tillm\u00e4ts olika v\u00e4rde beroende p\u00e5 etnicitet.<\/p>\n\n\n\n<p class=\"wp-block-paragraph\"><strong>En svagare h\u00f6gsta <\/strong>domstol i Israel skulle underl\u00e4tta f\u00f6r den nya regeringen att driva sina demografifr\u00e5gor. Bland partierna i regeringen finns det intresse f\u00f6r friare tyglar f\u00f6r IDF (landets f\u00f6rsvarsmakt), st\u00e4rkt st\u00f6d f\u00f6r illegala bos\u00e4ttare och utvidgad ockupation. Senast h\u00f6gsta domstolen blockerade en s\u00e5dan lag var 2020, n\u00e4r de stoppade en som skulle lagligf\u00f6rklara illegala bos\u00e4ttningar.<\/p>\n\n\n\n<p class=\"wp-block-paragraph\">Id\u00e9n om en stat som tillh\u00f6r en enskild etnicitet \u00e4r inskriven i Israels motsvarighet till grundlag sedan 2018. Det \u00e4r inte en partiskiljande fr\u00e5ga, utan en f\u00f6ruts\u00e4ttning inom b\u00e5de regeringskoalitionen och mesta av oppositionen. Den politiska skiljelinjen g\u00e5r vid graden av ytterlighet. Vem \u00e4r israel? Vem \u00e4r jude? Vem ska f\u00e5 r\u00f6sta? Hur blir man av med de svarta flyktingar som s\u00f6kt skydd i landet? Hur mycket folkf\u00f6rdrivning ska man ta till f\u00f6r att n\u00e5 en \u00f6nskv\u00e4rd stat? Hur bevarar man statens \u201djudiska karakt\u00e4r\u201d n\u00e4r s\u00e5 m\u00e5nga som bor i landet \u2013 p\u00e5 olika sidor av Osloavtalsgr\u00e4nserna \u2013 inte b\u00e4r \u00f6nskv\u00e4rd etnicitet? Kan man, som i V\u00e4stbanksomr\u00e5det Masafer Yatta, f\u00f6rdriva palestinier och beduiner i tusental fr\u00e5n sina hem f\u00f6r att g\u00f6ra plats f\u00f6r milit\u00e4r\u00f6vningar?<\/p>\n\n\n\n<p class=\"wp-block-paragraph\"><strong>Vill man f\u00f6rsvara <\/strong>demokratin r\u00e4cker det inte med att st\u00f6tta den liberala sidan av Knesset, eller att markera mot extrema provokat\u00f6rer som Ben-Gvir. I st\u00e4llet m\u00e5ste man f\u00f6rkasta demografifr\u00e5gan som s\u00e5dan. En demokratisk stat kan inte tillh\u00f6ra bara en etnicitet, oavsett om den etniciteten \u00e4r israelisk eller palestinsk, oavsett om den \u00e4r judisk, muslimsk eller kristen. En m\u00e5ngkulturell enstatsl\u00f6sning saknar i dag majoritetsst\u00f6d, b\u00e5de p\u00e5 den palestinska sidan (36 procent f\u00f6r) och p\u00e5 den israeliska (19 procent f\u00f6r bland judar, och 56 procent bland araber).<\/p>\n\n\n\n<p class=\"wp-block-paragraph\">D\u00e4remot har en betydligt m\u00f6rkare enstatsl\u00f6sning enbart f\u00f6r israeler st\u00f6d i Netanyahus nya regering.&nbsp;P\u00e5 l\u00e5ng sikt \u00e4r det d\u00e4r valet st\u00e5r: mellan en demokratisk, r\u00e4ttss\u00e4ker stat och en etnostat. Netanyahu har i och med sin regeringsbildning lagt sin r\u00f6st.<\/p>\n\n\n\n<p class=\"wp-block-paragraph\">Jag hoppas i st\u00e4llet p\u00e5 den r\u00f6relse som k\u00e4mpar f\u00f6r ett m\u00e5ngkulturellt, j\u00e4mlikt och demokratiskt land som omfamnar den otroliga kulturella och etniska bredd omr\u00e5det har, och som f\u00f6rs\u00f6ker l\u00e4ka de s\u00e5r som decennier av ockupation skapat. Det l\u00e5ter banalt men m\u00e5ste s\u00e4gas: som demokrater m\u00e5ste vi st\u00e5 fast vid dr\u00f6mmen om en stat d\u00e4r m\u00e4nniskov\u00e4rde aldrig m\u00e4ts efter etnicitet.<\/p>\n","protected":false},"excerpt":{"rendered":"<p>Demografifr\u00e5gan hotar att undergr\u00e4va r\u00e4ttsstaten Israel har h\u00e5llit fem val p\u00e5 fyra \u00e5r och efter en kort fr\u00e5nvaro sitter nu \u00e5ter Benjamin Netanyahu vid makten. Den h\u00e4r g\u00e5ngen har han tagit in det h\u00f6gerextrema partiet Otzma Yehudit med deras partiledare Itamar Ben-Gvir i regeringen. Otzma Yehudit \u00e4r arvtagare till Kach-partiet, som f\u00f6rbj\u00f6ds i enlighet med [&hellip;]<\/p>\n","protected":false},"author":1,"featured_media":0,"comment_status":"open","ping_status":"open","sticky":false,"template":"","format":"standard","meta":{"footnotes":""},"categories":[9],"tags":[],"class_list":["post-119","post","type-post","status-publish","format-standard","hentry","category-aftonbladet"],"_links":{"self":[{"href":"https:\/\/www.isakgerson.se\/blog\/wp-json\/wp\/v2\/posts\/119","targetHints":{"allow":["GET"]}}],"collection":[{"href":"https:\/\/www.isakgerson.se\/blog\/wp-json\/wp\/v2\/posts"}],"about":[{"href":"https:\/\/www.isakgerson.se\/blog\/wp-json\/wp\/v2\/types\/post"}],"author":[{"embeddable":true,"href":"https:\/\/www.isakgerson.se\/blog\/wp-json\/wp\/v2\/users\/1"}],"replies":[{"embeddable":true,"href":"https:\/\/www.isakgerson.se\/blog\/wp-json\/wp\/v2\/comments?post=119"}],"version-history":[{"count":1,"href":"https:\/\/www.isakgerson.se\/blog\/wp-json\/wp\/v2\/posts\/119\/revisions"}],"predecessor-version":[{"id":120,"href":"https:\/\/www.isakgerson.se\/blog\/wp-json\/wp\/v2\/posts\/119\/revisions\/120"}],"wp:attachment":[{"href":"https:\/\/www.isakgerson.se\/blog\/wp-json\/wp\/v2\/media?parent=119"}],"wp:term":[{"taxonomy":"category","embeddable":true,"href":"https:\/\/www.isakgerson.se\/blog\/wp-json\/wp\/v2\/categories?post=119"},{"taxonomy":"post_tag","embeddable":true,"href":"https:\/\/www.isakgerson.se\/blog\/wp-json\/wp\/v2\/tags?post=119"}],"curies":[{"name":"wp","href":"https:\/\/api.w.org\/{rel}","templated":true}]}}