{"id":116,"date":"2021-10-12T16:55:00","date_gmt":"2021-10-12T16:55:00","guid":{"rendered":"https:\/\/www.isakgerson.se\/blog\/?p=116"},"modified":"2026-01-11T16:59:55","modified_gmt":"2026-01-11T16:59:55","slug":"jag-och-andra-judar-klassas-som-antisemiter","status":"publish","type":"post","link":"https:\/\/www.isakgerson.se\/blog\/aftonbladet\/jag-och-andra-judar-klassas-som-antisemiter\/","title":{"rendered":"Jag och andra judar klassas som antisemiter"},"content":{"rendered":"\n<h2 class=\"wp-block-heading\">Toppm\u00f6tet b\u00f6r fokusera p\u00e5 hindren f\u00f6r judiskt liv hellre \u00e4n en felaktig definition av antisemitism<\/h2>\n\n\n\n<p class=\"wp-block-paragraph\"><strong>N\u00e4r den internationella<\/strong> konferensen i Malm\u00f6 om F\u00f6rintelsens minne och bek\u00e4mpandet av antisemitism nu inleds finns mycket att ta tag i.<\/p>\n\n\n\n<p class=\"wp-block-paragraph\">Ett exempel \u00e4r den lag Polens styrande nationalkonservativa parti inf\u00f6rde 2018, d\u00e4r man gjorde det olagligt att tala om F\u00f6rintelsen p\u00e5 s\u00e4tt som skuldbel\u00e4gger polacker eller polska nationen. I flera andra \u00f6steuropeiska l\u00e4nder har man en officiell historieskrivning som bygger p\u00e5 \u201ddouble genocide\u201d-id\u00e9n (som beskrivits av bland annat f\u00f6rintelseforskaren <strong>Dovid Katz<\/strong>). Den g\u00e5r ut p\u00e5 att F\u00f6rintelsen visserligen skedde, men att nazisterna \u00e4nd\u00e5 var \u201dlika goda k\u00e5lsupare\u201d som R\u00f6da arm\u00e9n.<\/p>\n\n\n\n<p class=\"wp-block-paragraph\">Journalisten <strong>Bernt Hermele<\/strong> har i sin bok <em>Kommer de, s\u00e5 skjuter jag oss<\/em> fr\u00e5n 2019 visat p\u00e5 den utbredda antisemitismen i Sverige under 1900-talet och hur svenska staten och Svenska kyrkan samarbetade med den nazityska regimen i fr\u00e5gor om \u00e4gande av svenska bolag och \u201drasrenhet\u201d n\u00e4r hinderpr\u00f6vningar skulle g\u00f6ras f\u00f6r svensktyska par.<\/p>\n\n\n\n<p class=\"wp-block-paragraph\"><strong>Bakgrunden till konferensen<\/strong> \u00e4r att det g\u00e5tt 20 \u00e5r sedan Stockholms stora konferens om F\u00f6rintelsens minne, d\u00e4r Stockholmsdeklarationen antogs och IHRA, International Holocaust Remembrance Alliance, startade sitt arbete.<\/p>\n\n\n\n<p class=\"wp-block-paragraph\">Stockholmsdeklarationens sjunde klausul handlade om att \u201dsprida ljus \u00f6ver de m\u00f6rka outforskade fl\u00e4ckar som \u00e4nnu finns i F\u00f6rintelsens historia\u201d. Jag \u00e4r tyv\u00e4rr orolig f\u00f6r att detta inte kommer att ske. Det bl\u00e5ser andra, nationalistiska och h\u00f6gerextrema vindar i Europa.&nbsp;<\/p>\n\n\n\n<p class=\"wp-block-paragraph\"><strong>N\u00e4r antisemitism diskuteras<\/strong> p\u00e5 politisk niv\u00e5 framst\u00e4lls det oftast som en polisi\u00e4r fr\u00e5ga. Det handlar om vilka polisresurser, vilka s\u00e4kerhetsanslag och vilka h\u00e5rdhandskar (och mot vilka grupper) man kan ta till f\u00f6r att s\u00e4kra judisk \u00f6verlevnad. Mycket s\u00e4llan diskuterar man hur man ska st\u00e4rka judiskt liv.<\/p>\n\n\n\n<p class=\"wp-block-paragraph\">En av de viktigare faktorerna f\u00f6r en levande judisk kultur \u00e4r bibeh\u00e5llandet av en obruten spr\u00e5kkedja. Det inneb\u00e4r att det finns barn som v\u00e4xer upp med f\u00f6r\u00e4ldrar som talar modersm\u00e5let med dem. Sverige \u00e5tog sig f\u00f6r \u00f6ver 20 \u00e5r sedan att bevara jiddisch som spr\u00e5k. \u00c4nd\u00e5 finns mycket lite av den infrastruktur som kr\u00e4vs.&nbsp;<\/p>\n\n\n\n<p class=\"wp-block-paragraph\"><strong>Ska man erk\u00e4nna<\/strong> att judiskt liv \u00e4r skyddsv\u00e4rt beh\u00f6ver man ocks\u00e5 erk\u00e4nna att det tillf\u00f6r n\u00e5got till den svenska kulturen. Man m\u00e5ste erk\u00e4nna att vi, och andra folk, varit del av svensk historia i \u00f6ver tv\u00e5 hundra \u00e5r. Under hela den tiden har man, precis som med samer, romer och andra minoriteter antingen f\u00f6rs\u00f6kt tvinga oss till assimilation eller st\u00f6tt ut oss.<\/p>\n\n\n\n<p class=\"wp-block-paragraph\">Varf\u00f6r diskuteras inte hindren mot att kunna leva ett judiskt liv som en typ av strukturell eller politisk antisemitism? Kanske \u00e4r det tidsandan, kanske handlar det om svensk kultur.&nbsp;<\/p>\n\n\n\n<p class=\"wp-block-paragraph\">IHRA hj\u00e4lper oss inte heller att f\u00f6ra upp fr\u00e5gan p\u00e5 agendan. 2016 antog organisationen en arbetsdefinition av antisemitism, d\u00e4r de listar elva typexempel. Fem av dem handlar om s\u00e4tt att kritisera <a href=\"https:\/\/www.aftonbladet.se\/tagg\/israel\">Israel<\/a>. Ingen av dem handlar om att kritisera f\u00f6rsv\u00e5randet av judars m\u00f6jlighet att leva ett judiskt liv.\u00a0<\/p>\n\n\n\n<p class=\"wp-block-paragraph\"><strong>Mina misstankar<\/strong> mot definitionen st\u00e4rks av att jag sj\u00e4lv, likt m\u00e5nga judar som \u00e4r kritiska till israeliska statens politik, \u00e4r skyldig till i alla fall tv\u00e5 av de elva typexemplen. Jag tror inte att n\u00e5got folk har en inneboende r\u00e4tt till en nation (exempel 7, om f\u00f6rnekandet av judars r\u00e4tt till sitt eget land), och eftersom den israeliska staten st\u00e4ndigt p\u00e5st\u00e5r sig agera i mitt intresse tvingas jag att vara mer kritisk mot den statens beteenden \u00e4n andras (exempel 8, om att kritisera Israel h\u00e5rdare \u00e4n andra l\u00e4nder).&nbsp;<\/p>\n\n\n\n<p class=\"wp-block-paragraph\">Ett bra exempel p\u00e5 hur enkelt IHRA:s definition kan missbrukas \u00e4r n\u00e4r den kanadensiske parlaments-ledamoten <strong>Charlie Angus<\/strong> delade en artikel fr\u00e5n Washington Post om skillnaden i hur snabbt den israeliska staten vaccinerat israeler j\u00e4mf\u00f6rt med palestinier, d\u00e4r han anv\u00e4nde hashtaggen #apartheidstate om Israel. En av ambassad\u00f6rerna var snabb med att anklaga honom f\u00f6r antisemitism enligt just IHRA:s definition (som Kanada hade antagit).&nbsp;<\/p>\n\n\n\n<p class=\"wp-block-paragraph\"><strong>I s\u00e5 fall<\/strong> finns det \u00e4ven israeliska m\u00e4nniskor\u00e4ttsorganisationer, journalister och aktivister som \u00e4r skyldiga till samma antisemitism. Enligt en unders\u00f6kning som bland annat Times of Israel skriver om kan det vara s\u00e5 mycket som var fj\u00e4rde amerikansk jude som delar den antisemitiska \u00e5sikten.<\/p>\n\n\n\n<p class=\"wp-block-paragraph\"><em>The Jerusalem<\/em><em>definition of antisemitism<\/em>, som togs fram av ett hundratal forskare inom antisemitism och n\u00e4rliggande \u00e4mnen, ringar in begreppet mycket b\u00e4ttre. Den lyckas b\u00e5de starkare markera mot f\u00f6rt\u00e4ckt antisemitism i konspirationsteorier, och diskutera b\u00e4ttre var gr\u00e4nserna g\u00e5r f\u00f6r legitim och bigott kritik mot Israel. Tyv\u00e4rr har intresset varit svalt. Samtidigt har 30 l\u00e4nder och m\u00e5nga organisationer antagit IHRA:s -definition. I Sverige antogs definitionen princip helt utan kritisk diskussion.<\/p>\n\n\n\n<p class=\"wp-block-paragraph\"><strong>I den offentliga debatten<\/strong> diskuteras fr\u00e5gor om religi\u00f6s m\u00e5ngfald i regel i f\u00f6rh\u00e5llande till muslimer, och n\u00e4r de tas upp \u00e4r det d\u00e5 p\u00e5 ett intolerant s\u00e4tt. Fr\u00e5gor som omsk\u00e4relse av pojkar, halal- eller kosherslakt, religi\u00f6s kl\u00e4dsel, ledigt vid h\u00f6gtider eller m\u00f6jligheten att be p\u00e5 arbetsraster skulle i ett sunt samh\u00e4lle kunna ses som tecken p\u00e5 en en v\u00e4lfungerande pluralism. I Sverige ses de i regel som problem.&nbsp;<\/p>\n\n\n\n<p class=\"wp-block-paragraph\">S\u00e4kerhetsanslag kan r\u00e4dda liv i synagogan, men det kommer inte att skydda mig n\u00e4r jag handlar mat i kippa. Fler poliser kommer inte att sk\u00e5la f\u00f6r friheten fr\u00e5n slaveri med mig p\u00e5 Pesach. De kommer inte att fira mitt barns bar mitsva med mig. Det kan bara grannar och medm\u00e4nniskor som f\u00e5tt l\u00e4ra sig att f\u00f6rakta antisemitism i st\u00e4llet f\u00f6r judar. F\u00f6r det kr\u00e4vs mycket mer \u00e4n ett glassigt toppm\u00f6te.<\/p>\n\n\n\n<p class=\"wp-block-paragraph\"><em>Isak Gerson \u00e4r skribent i judiska fr\u00e5gor i bland annat Arbetaren och Judisk kr\u00f6nika<\/em><\/p>\n\n\n\n<p class=\"wp-block-paragraph\"><code>FAKTA<br>KONFERENSEN I MALM\u00d6<br>Statschefer fr\u00e5n m\u00e5nga l\u00e4nder, h\u00f6jdare fr\u00e5n EU och FN samt ordf\u00f6randen fr\u00e5n judiska samarbetsorganisationer \u00e4r inbjudna till konferensen.\u00a0<br>Bakgrunden \u00e4r att det \u00e4r 20 \u00e5r sedan Stockholms stora konferens om F\u00f6rintelsens minne, d\u00e4r Stockholmsdeklarationen antogs och IHRA, International Holocaust Remembrance Alliance, startade sitt arbete.\u00a0<br>F\u00f6r att f\u00e5 vara med i IHRA m\u00e5ste l\u00e4nder skriva under Stockholmsdeklarationen, som i \u00e5tta klausuler definierar hur F\u00f6rintelsen ska kommas ih\u00e5g.\u00a0<br>Konferensen \u00e4r ocks\u00e5 en del av uppladdningen inf\u00f6r att Sverige tar \u00f6ver ordf\u00f6randeskapet f\u00f6r organisationen n\u00e4sta \u00e5r.<\/code><\/p>\n","protected":false},"excerpt":{"rendered":"<p>Toppm\u00f6tet b\u00f6r fokusera p\u00e5 hindren f\u00f6r judiskt liv hellre \u00e4n en felaktig definition av antisemitism N\u00e4r den internationella konferensen i Malm\u00f6 om F\u00f6rintelsens minne och bek\u00e4mpandet av antisemitism nu inleds finns mycket att ta tag i. Ett exempel \u00e4r den lag Polens styrande nationalkonservativa parti inf\u00f6rde 2018, d\u00e4r man gjorde det olagligt att tala om [&hellip;]<\/p>\n","protected":false},"author":1,"featured_media":0,"comment_status":"open","ping_status":"open","sticky":false,"template":"","format":"standard","meta":{"footnotes":""},"categories":[9],"tags":[],"class_list":["post-116","post","type-post","status-publish","format-standard","hentry","category-aftonbladet"],"_links":{"self":[{"href":"https:\/\/www.isakgerson.se\/blog\/wp-json\/wp\/v2\/posts\/116","targetHints":{"allow":["GET"]}}],"collection":[{"href":"https:\/\/www.isakgerson.se\/blog\/wp-json\/wp\/v2\/posts"}],"about":[{"href":"https:\/\/www.isakgerson.se\/blog\/wp-json\/wp\/v2\/types\/post"}],"author":[{"embeddable":true,"href":"https:\/\/www.isakgerson.se\/blog\/wp-json\/wp\/v2\/users\/1"}],"replies":[{"embeddable":true,"href":"https:\/\/www.isakgerson.se\/blog\/wp-json\/wp\/v2\/comments?post=116"}],"version-history":[{"count":2,"href":"https:\/\/www.isakgerson.se\/blog\/wp-json\/wp\/v2\/posts\/116\/revisions"}],"predecessor-version":[{"id":118,"href":"https:\/\/www.isakgerson.se\/blog\/wp-json\/wp\/v2\/posts\/116\/revisions\/118"}],"wp:attachment":[{"href":"https:\/\/www.isakgerson.se\/blog\/wp-json\/wp\/v2\/media?parent=116"}],"wp:term":[{"taxonomy":"category","embeddable":true,"href":"https:\/\/www.isakgerson.se\/blog\/wp-json\/wp\/v2\/categories?post=116"},{"taxonomy":"post_tag","embeddable":true,"href":"https:\/\/www.isakgerson.se\/blog\/wp-json\/wp\/v2\/tags?post=116"}],"curies":[{"name":"wp","href":"https:\/\/api.w.org\/{rel}","templated":true}]}}