{"id":102,"date":"2012-07-17T12:38:56","date_gmt":"2012-07-17T12:38:56","guid":{"rendered":"https:\/\/copyisright.se\/?p=102"},"modified":"2026-01-11T18:54:41","modified_gmt":"2026-01-11T18:54:41","slug":"darfor-ger-vi-oss-ut-och-forsvarar-ojnareskogen-mot-nordkalk-gotlands-tidningar","status":"publish","type":"post","link":"https:\/\/www.isakgerson.se\/blog\/insandare\/darfor-ger-vi-oss-ut-och-forsvarar-ojnareskogen-mot-nordkalk-gotlands-tidningar\/","title":{"rendered":"D\u00e4rf\u00f6r ger vi oss ut och f\u00f6rsvarar Ojnareskogen mot Nordkalk (Gotlands Tidningar)"},"content":{"rendered":"<div id=\"intro\" class=\"translatable intro\">Fr\u00e5n och med idag, m\u00e5ndag, har f\u00f6retaget Nordkalk r\u00e4tt att bryta kalk i Ojnareskogen. Inte bara har de r\u00e4tt att bryta kalk i den v\u00e4rdefulla Ojnareskogen, utan de har r\u00e4tt att bryta 170 hektar.<\/div>\n<div class=\"translatable intro\"><\/div>\n<div class=\"translatable intro\">Det \u00e4r en yta som \u00e4r dubbelt s\u00e5 stor som omr\u00e5det innanf\u00f6r Visbys ringmurar. Brytandet av kalk kommer inte bara att f\u00f6rst\u00f6ra Ojnareskogen, utan det riskerar ocks\u00e5 att f\u00e5 direkta konsekvenser f\u00f6r n\u00e4romr\u00e5det och hela Gotland.<\/div>\n<div class=\"translatable intro\"><\/div>\n<div class=\"translatable intro\">T\u00e4kten ligger n\u00e4ra tv\u00e5 omr\u00e5den som av Natura 2000-n\u00e4tverket inom EU \u00e4r utpekade som speciellt viktiga f\u00f6r den biologiska m\u00e5ngfalden och som b\u00f6r ha speciellt skydd. Omr\u00e5det \u00e4r s\u00e5 unikt att det finns planer p\u00e5 att g\u00f6ra det till Sveriges trettionde nationalpark. T\u00e4kten riskerar ocks\u00e5 att f\u00f6rst\u00f6ra en av de v\u00e4ldigt f\u00e5 k\u00e4llorna till s\u00f6tvatten p\u00e5 Gotland, n\u00e5got som direkt kan f\u00f6rst\u00f6ra vattenf\u00f6rs\u00f6rjningen f\u00f6r Gotland f\u00f6r en v\u00e4ldigt l\u00e5ng framtid.<\/div>\n<div class=\"translatable intro\"><\/div>\n<div class=\"translatable intro\">Om detta \u00e4r F\u00e4ltbiologerna \u00f6verens med Naturv\u00e5rdsverket &#8211; som direkt \u00f6verklagade beslutet. Vad som \u00e4r tydligt h\u00e4r \u00e4r att beslutet om att bryta kalk i Ojnareskogen \u00e4r en intressekonflikt. Vad som inte \u00e4r s\u00e4rskilt tydligt \u00e4r vilka det \u00e4r en intressekonflikt mellan. P\u00e5 den ena sidan \u00e4r Nordkalk. Vad de \u00e4r intresserade av \u00e4r att bryta och s\u00e4lja kalk i 25 \u00e5r, och d\u00e4rmed kunna tj\u00e4na pengar.<\/div>\n<div class=\"translatable intro\"><\/div>\n<div class=\"translatable intro\">Men vilka \u00e4r p\u00e5 den andra sidan? Vandrare? Barnfamiljer med friluftsintresse? Friluftsorganisationer? Nej, snarare \u00e4r Ojnareskogens intressen allas. Naturen \u00e4r v\u00e5r gemensamma mark. Gemensamt \u00e4r vi beroende av den. Gemensamt beh\u00f6ver vi f\u00f6rfoga \u00f6ver den och ta hand om den. Utan marken, skogarna och sj\u00f6arna f\u00e5r vi inget vatten, ingen mat, ingen ren luft, ingenstans att leva.Endast med ett noggrannt omh\u00e4ndertagande och f\u00f6rvaltande av naturen som utg\u00e5r ifr\u00e5n v\u00e5rt gemensamma intresse av v\u00e4lm\u00e5ende och fortlevnad kan vi beh\u00e5lla den. Det \u00e4r Ojnareskogen ett tydligt exempel p\u00e5.<\/div>\n<div class=\"translatable intro\"><\/div>\n<div class=\"translatable intro\">Tyv\u00e4rr \u00e4r Nordkalk inte intresserade av att sk\u00f6ta om v\u00e5r gemensamma natur. Nordkalk representerar bara sig sj\u00e4lv och sitt eget intresse av att missbruka och exploatera v\u00e5r gemensamma natur f\u00f6r sin egen vinning. Mark- och milj\u00f6-\u00f6verdomstolen visar i sitt domslut att de inte heller \u00e4r f\u00f6rm\u00f6gna att f\u00f6rsvara vad vi \u00e4ger gemensamt. D\u00e4rf\u00f6r har Naturv\u00e5rdsverket \u00f6verklagat domen som ger Nordkalk r\u00e4tt att bryta kalk.<\/div>\n<div class=\"translatable intro\"><\/div>\n<div class=\"translatable intro\">Och d\u00e4rf\u00f6r kommer vi i F\u00e4ltbiologerna att \u00e5ka ut till Ojnareskogen och vara i v\u00e4gen f\u00f6r brytningen tills Nordkalk inte l\u00e4ngre har r\u00e4tt att bryta.Det \u00e4r inte bara en fr\u00e5ga om skog.Det \u00e4r en fr\u00e5ga om Gotlands framtid. F\u00f6rm\u00e5gan att genom r\u00e4ttsv\u00e4sendet f\u00f6rsvara det vi \u00e4ger gemensamt mot de som vill missbruka det \u00e4r i l\u00e4ngden en fr\u00e5ga om demokratins styrka.<\/div>\n<div class=\"translatable intro\"><\/div>\n<div class=\"translatable intro\"><span class=\"retriever-hit focus\" tabindex=\"-1\">Isak Gerson<\/span><br \/>\nF\u00e4ltbiologerna<\/div>\n","protected":false},"excerpt":{"rendered":"<p>Fr\u00e5n och med idag, m\u00e5ndag, har f\u00f6retaget Nordkalk r\u00e4tt att bryta kalk i Ojnareskogen. Inte bara har de r\u00e4tt att bryta kalk i den v\u00e4rdefulla Ojnareskogen, utan de har r\u00e4tt att bryta 170 hektar. Det \u00e4r en yta som \u00e4r dubbelt s\u00e5 stor som omr\u00e5det innanf\u00f6r Visbys ringmurar. Brytandet av kalk kommer inte bara att [&hellip;]<\/p>\n","protected":false},"author":1,"featured_media":0,"comment_status":"open","ping_status":"open","sticky":false,"template":"","format":"standard","meta":{"footnotes":""},"categories":[4],"tags":[],"class_list":["post-102","post","type-post","status-publish","format-standard","hentry","category-insandare"],"_links":{"self":[{"href":"https:\/\/www.isakgerson.se\/blog\/wp-json\/wp\/v2\/posts\/102","targetHints":{"allow":["GET"]}}],"collection":[{"href":"https:\/\/www.isakgerson.se\/blog\/wp-json\/wp\/v2\/posts"}],"about":[{"href":"https:\/\/www.isakgerson.se\/blog\/wp-json\/wp\/v2\/types\/post"}],"author":[{"embeddable":true,"href":"https:\/\/www.isakgerson.se\/blog\/wp-json\/wp\/v2\/users\/1"}],"replies":[{"embeddable":true,"href":"https:\/\/www.isakgerson.se\/blog\/wp-json\/wp\/v2\/comments?post=102"}],"version-history":[{"count":1,"href":"https:\/\/www.isakgerson.se\/blog\/wp-json\/wp\/v2\/posts\/102\/revisions"}],"predecessor-version":[{"id":257,"href":"https:\/\/www.isakgerson.se\/blog\/wp-json\/wp\/v2\/posts\/102\/revisions\/257"}],"wp:attachment":[{"href":"https:\/\/www.isakgerson.se\/blog\/wp-json\/wp\/v2\/media?parent=102"}],"wp:term":[{"taxonomy":"category","embeddable":true,"href":"https:\/\/www.isakgerson.se\/blog\/wp-json\/wp\/v2\/categories?post=102"},{"taxonomy":"post_tag","embeddable":true,"href":"https:\/\/www.isakgerson.se\/blog\/wp-json\/wp\/v2\/tags?post=102"}],"curies":[{"name":"wp","href":"https:\/\/api.w.org\/{rel}","templated":true}]}}